{"id":515743,"date":"2025-11-06T11:11:11","date_gmt":"2025-11-06T11:11:11","guid":{"rendered":"https:\/\/www.europesays.com\/fr\/515743\/"},"modified":"2025-11-06T11:11:11","modified_gmt":"2025-11-06T11:11:11","slug":"violences-policieres-le-restaurant-des-chefs-etoiles-une-collecte-de-jouets-linfo-a-midi-en-ile-de-france","status":"publish","type":"post","link":"https:\/\/www.europesays.com\/fr\/515743\/","title":{"rendered":"Violences polici\u00e8res, le restaurant des chefs \u00e9toil\u00e9s, une collecte de jouets\u2026 L\u2019info \u00e0 midi en \u00cele-de-France"},"content":{"rendered":"<p>            Par<br \/>\n        <strong><br \/>\n            <a href=\"https:\/\/actu.fr\/auteur\/redaction-paris\" title=\"Consulter tous les articles de R\u00e9daction Paris\" rel=\"nofollow noopener\" target=\"_blank\">R\u00e9daction Paris<\/a><br \/>\n        <\/strong><\/p>\n<p>        Publi\u00e9 le<\/p>\n<p>            6 nov. 2025 \u00e0 11h57        <\/p>\n<p>J-2 avant le week-end. Mais avant, nouveau r\u00e9cap\u2019 de l\u2019actualit\u00e9. Que s\u2019est-il pass\u00e9 en \u00cele-de-France ce jeudi 6 novembre 2025 ? Voici l\u2019essentiel de l\u2019information \u00e0 midi : dans le Val-de-Marne, une enqu\u00eate a \u00e9t\u00e9 ouverte pour violences polici\u00e8res,\u00a0dans les Hauts-de-Seine, une jeune femme a \u00e9t\u00e9 licenci\u00e9e pour avoir d\u00e9nonc\u00e9 le harc\u00e8lement sexuel qu\u2019elle subissait et en Seine-et-Marne, un restaurant attire les chefs \u00e9toil\u00e9s.\u00a0<\/p>\n<p class=\" wall-content\">Les informations \u00e0 retenir ce jeudi 6 novembre 2025, \u00e0 midi, en \u00cele-de-France<\/p>\n<p class=\"expresso-item wall-content\"><strong>Essonne.\u00a0 <\/strong><a title=\"Lire l&#039;article\" href=\"https:\/\/actu.fr\/societe\/essonne-en-bon-etat-abimes-ou-incomplets-cette-collecte-solidaire-accepte-tous-les-jouets-inutilises_63399115.html\" rel=\"nofollow noopener\" target=\"_blank\">\u00ab\u00a0En bon \u00e9tat, abim\u00e9s ou incomplets\u00a0\u00bb, cette collecte solidaire accepte tous les jouets inutilis\u00e9s<\/a><br \/>Une collecte nationale de jouets est organis\u00e9e jusqu\u2019au 29 novembre. En Essonne, une vingtaine de lieux sont pr\u00eats \u00e0 accueillir les jouets inutilis\u00e9s en vue de leur r\u00e9emploi.<\/p>\n<p class=\"expresso-item wall-content\"><strong>Yvelines. <\/strong><a title=\"Lire l&#039;article\" href=\"https:\/\/actu.fr\/ile-de-france\/rambouillet_78517\/dans-cette-ville-des-yvelines-les-personnes-en-situation-de-handicap-ne-sont-plus-exclues-des-salles-de-sport_63399335.html\" rel=\"nofollow noopener\" target=\"_blank\">Dans cette ville, les personnes en situation de handicap ne sont plus exclues des salles de sport<\/a><br \/>\u00c0 Gazeran (Yvelines), pr\u00e8s de Rambouillet, une s\u00e9ance d\u2019exercices est ouverte une fois par mois depuis un an \u00e0 des personnes en situation de handicap. Un coach sportif les encadre.<\/p>\n<p class=\"expresso-item wall-content\"><strong>Seine-et-Marne. <\/strong><a title=\"Lire l&#039;article\" href=\"https:\/\/actu.fr\/ile-de-france\/fontainebleau_77186\/seine-et-marne-philippe-etchebest-et-une-constellation-de-chefs-etoiles-ont-dine-dans-ce-celebre-restaurant_63401823.html\" rel=\"nofollow noopener\" target=\"_blank\">Philippe Etchebest et une constellation de chefs \u00e9toil\u00e9s ont d\u00een\u00e9 dans ce c\u00e9l\u00e8bre restaurant<\/a><br \/>Philippe Etchebest, Paul Pairet et Glenn Viel ont d\u00een\u00e9 au restaurant l\u2019Axel de Kunihisa Goto, \u00e0 Fontainebleau. Le chef bellifontain a un lien particulier avec le chef Etchebest\u2026<\/p>\n<p class=\"expresso-item wall-content\"><strong>Val-de-Marne. <\/strong><a title=\"Lire l&#039;article\" href=\"https:\/\/actu.fr\/ile-de-france\/ivry-sur-seine_94041\/je-vais-te-foutre-a-poil-des-policiers-vises-par-une-enquete-pour-violences-a-ivry-sur-seine_63401305.html\" rel=\"nofollow noopener\" target=\"_blank\">\u00ab\u00a0Je vais te foutre \u00e0 poil\u00a0\u00bb : des policiers vis\u00e9s par une enqu\u00eate pour violences \u00e0 Ivry-sur-Seine<\/a><br \/>Une enqu\u00eate a \u00e9t\u00e9 ouverte et confi\u00e9e \u00e0 l\u2019IGPN apr\u00e8s la publication d\u2019une vid\u00e9o montrant des violences polici\u00e8res contre un jeune homme de 19 ans \u00e0 Ivry-sur-Seine.<\/p>\n<p class=\"expresso-item wall-content\"><strong>Hauts-de-Seine.<\/strong> <a title=\"Lire l&#039;article\" href=\"https:\/\/actu.fr\/ile-de-france\/rueil-malmaison_92063\/hauts-de-seine-harcelee-sexuellement-au-travail-une-jeune-salariee-denonce-son-collegue-et-perd-son-emploi_63388482.html\" rel=\"nofollow noopener\" target=\"_blank\">Une jeune salari\u00e9e d\u00e9nonce son coll\u00e8gue qui l\u2019aurait harcel\u00e9e sexuellement et perd son emploi<\/a><br \/>Une employ\u00e9e d\u2019un centre dentaire de Paris a \u00e9t\u00e9 licenci\u00e9e pour faute grave apr\u00e8s avoir d\u00e9nonc\u00e9 le comportement d\u2019un coll\u00e8gue. Elle a port\u00e9 plainte.<\/p>\n<p class=\" wall-content\"><strong>Suivez-nous pour en savoir plus\u2009!<\/strong><br \/>Vous voulez plus d\u2019infos sur l\u2019\u00cele-de-France\u2009? Vous pouvez nous retrouver sur actu \u00cele-de-France. Pour nous suivre sur les r\u00e9seaux sociaux, dans vos d\u00e9partements\u2009:<\/p>\n<p class=\" wall-content\"><strong>Paris<\/strong>\u2009: retrouvez\u00a0actu\u00a0Paris\u00a0sur\u00a0<a href=\"https:\/\/www.facebook.com\/actufr.paris\/\" rel=\"nofollow noopener\" target=\"_blank\">Facebook<\/a>\u00a0et\u00a0<a href=\"https:\/\/twitter.com\/actufrparis\" rel=\"nofollow noopener\" target=\"_blank\">Twitter<\/a>\u2009;<br \/><strong>Seine-et-Marne<\/strong>\u2009: retrouvez\u00a0La R\u00e9publique de Seine-et-Marne\u00a0(sud) sur\u00a0<a href=\"https:\/\/www.facebook.com\/RepubliqueSeineMarne\/\" rel=\"nofollow noopener\" target=\"_blank\">Facebook<\/a>\u00a0et\u00a0<a href=\"https:\/\/twitter.com\/LaRep77\" rel=\"nofollow noopener\" target=\"_blank\">Twitter<\/a>\u2009;\u00a0La Marne\u00a0(nord) sur\u00a0<a href=\"https:\/\/www.facebook.com\/journallarmarne\/?__tn__=%2Cd%2CP-R&amp;eid=ARDLZc91LaHbXzDwChLLLQJVMBLx_ABJremTC2-RG0CYvg0f4f8CLvbV5G1Lli4g_6QoXDcKkU1_LX1W\" rel=\"nofollow noopener\" target=\"_blank\">Facebook<\/a>\u00a0et\u00a0<a href=\"https:\/\/twitter.com\/JournalLaMarne\" rel=\"nofollow noopener\" target=\"_blank\">Twitter<\/a>\u2009; et\u00a0Le Pays Briard\u00a0sur\u00a0<a href=\"https:\/\/www.facebook.com\/LePaysBriard\/?ref=bookmarks\" rel=\"nofollow noopener\" target=\"_blank\">Facebook<\/a>\u00a0et\u00a0<a href=\"https:\/\/twitter.com\/LePaysBriard\" rel=\"nofollow noopener\" target=\"_blank\">Twitter<\/a>\u2009;<br \/><strong>Yvelines\u2009:<\/strong>\u00a0retrouvez\u00a078actu\u00a0sur\u00a0<a href=\"https:\/\/www.facebook.com\/78actu\/\" rel=\"nofollow noopener\" target=\"_blank\">Facebook<\/a>\u00a0et\u00a0<a href=\"https:\/\/x.com\/78actu\" rel=\"nofollow\">Twitter<\/a>\u2009;<br \/><strong>Essonne\u2009:<\/strong>\u00a0retrouvez\u00a0actu Essonne\u00a0sur\u00a0<a href=\"https:\/\/www.facebook.com\/actuessonne\/?ref=br_rs\" rel=\"nofollow noopener\" target=\"_blank\">Facebook<\/a>\u00a0et\u00a0<a href=\"https:\/\/twitter.com\/ActuEssonne\" rel=\"nofollow noopener\" target=\"_blank\">Twitter<\/a>\u2009;<br \/><strong>Hauts-de-Seine\u2009:<\/strong>\u00a0retrouvez\u00a0actu\u00a0Hauts-de-Seine\u00a0sur\u00a0<a href=\"https:\/\/www.facebook.com\/actufr.hautsdeseine\/\" rel=\"nofollow noopener\" target=\"_blank\">Facebook<\/a>\u00a0et\u00a0<a href=\"https:\/\/twitter.com\/actufr92\" rel=\"nofollow noopener\" target=\"_blank\">Twitter<\/a>\u2009;<br \/><strong>Seine-Saint-Denis\u2009:<\/strong>\u00a0retrouvez actu Seine-Saint-Denis sur\u00a0<a href=\"https:\/\/www.facebook.com\/actufr.seinesaintdenis\/\" rel=\"nofollow noopener\" target=\"_blank\">Facebook<\/a>\u00a0et\u00a0<a href=\"https:\/\/x.com\/Actufr93\" rel=\"nofollow\">Twitter<\/a>\u2009;<br \/><strong>Val-de-Marne\u2009:\u00a0<\/strong>retrouvez actu Val-de-Marne sur\u00a0<a href=\"https:\/\/www.facebook.com\/actu94.valdemarne\/\" rel=\"nofollow noopener\" target=\"_blank\">Facebook<\/a>\u00a0et\u00a0<a href=\"https:\/\/x.com\/actufr94\" rel=\"nofollow\">Twitter<\/a>\u2009;<br \/><strong>Val-d\u2019Oise\u2009:\u00a0<\/strong>retrouvez La Gazette du Val-d\u2019Oise sur\u00a0<a href=\"https:\/\/x.com\/actufr94\" rel=\"nofollow\">Twitter<\/a><\/p>\n<p class=\" wall-content\">Personnalisez votre actualit\u00e9 en ajoutant vos villes et m\u00e9dias en favori avec <a href=\"https:\/\/moncompte.actu.fr\" title=\"D\u00e9couvez Mon Actu\" rel=\"nofollow noopener\" data-trk=\"{&quot;cta&quot;:{&quot;action&quot;:&quot;https:\\\/\\\/moncompte.actu.fr&quot;,&quot;category&quot;:&quot;mon compte&quot;,&quot;from&quot;:&quot;article footer&quot;,&quot;name&quot;:&quot;Mon actu&quot;,&quot;type&quot;:&quot;cta&quot;}}\" target=\"_blank\">Mon Actu<\/a>.<\/p>\n<p>                    <script async src=\"https:\/\/platform.twitter.com\/widgets.js\" charset=\"utf-8\"><\/script><\/p>\n","protected":false},"excerpt":{"rendered":"Par R\u00e9daction Paris Publi\u00e9 le 6 nov. 2025 \u00e0 11h57 J-2 avant le week-end. Mais avant, nouveau r\u00e9cap\u2019&hellip;\n","protected":false},"author":2,"featured_media":515744,"comment_status":"","ping_status":"","sticky":false,"template":"","format":"standard","meta":{"footnotes":""},"categories":[1592],"tags":[1111,11,1777,674,1011,27,1943,662,12,626,1072,25,104,7374],"class_list":{"0":"post-515743","1":"post","2":"type-post","3":"status-publish","4":"format-standard","5":"has-post-thumbnail","7":"category-ile-de-france","8":"tag-actu","9":"tag-actualites","10":"tag-eu","11":"tag-europe","12":"tag-fr","13":"tag-france","14":"tag-handicap","15":"tag-ile-de-france","16":"tag-news","17":"tag-paris","18":"tag-police","19":"tag-republique-francaise","20":"tag-societe","21":"tag-violences-policieres"},"share_on_mastodon":{"url":"https:\/\/pubeurope.com\/@fr\/115502454180005589","error":""},"_links":{"self":[{"href":"https:\/\/www.europesays.com\/fr\/wp-json\/wp\/v2\/posts\/515743","targetHints":{"allow":["GET"]}}],"collection":[{"href":"https:\/\/www.europesays.com\/fr\/wp-json\/wp\/v2\/posts"}],"about":[{"href":"https:\/\/www.europesays.com\/fr\/wp-json\/wp\/v2\/types\/post"}],"author":[{"embeddable":true,"href":"https:\/\/www.europesays.com\/fr\/wp-json\/wp\/v2\/users\/2"}],"replies":[{"embeddable":true,"href":"https:\/\/www.europesays.com\/fr\/wp-json\/wp\/v2\/comments?post=515743"}],"version-history":[{"count":0,"href":"https:\/\/www.europesays.com\/fr\/wp-json\/wp\/v2\/posts\/515743\/revisions"}],"wp:featuredmedia":[{"embeddable":true,"href":"https:\/\/www.europesays.com\/fr\/wp-json\/wp\/v2\/media\/515744"}],"wp:attachment":[{"href":"https:\/\/www.europesays.com\/fr\/wp-json\/wp\/v2\/media?parent=515743"}],"wp:term":[{"taxonomy":"category","embeddable":true,"href":"https:\/\/www.europesays.com\/fr\/wp-json\/wp\/v2\/categories?post=515743"},{"taxonomy":"post_tag","embeddable":true,"href":"https:\/\/www.europesays.com\/fr\/wp-json\/wp\/v2\/tags?post=515743"}],"curies":[{"name":"wp","href":"https:\/\/api.w.org\/{rel}","templated":true}]}}