{"id":515745,"date":"2025-11-06T11:12:10","date_gmt":"2025-11-06T11:12:10","guid":{"rendered":"https:\/\/www.europesays.com\/fr\/515745\/"},"modified":"2025-11-06T11:12:10","modified_gmt":"2025-11-06T11:12:10","slug":"notre-selection-de-brocantes-et-vide-greniers-a-paris-et-en-ile-de-france-samedi-8-et-dimanche-9-novembre","status":"publish","type":"post","link":"https:\/\/www.europesays.com\/fr\/515745\/","title":{"rendered":"Notre s\u00e9lection de brocantes et vide-greniers \u00e0 Paris et en \u00cele-de-France samedi 8 et dimanche 9 novembre"},"content":{"rendered":"<p>            Par<br \/>\n        <strong><br \/>\n            <a href=\"https:\/\/actu.fr\/auteur\/thomas-martin\" title=\"Consulter tous les articles de Thomas Martin\" target=\"_blank\" rel=\"noopener\">Thomas Martin<\/a><br \/>\n        <\/strong><\/p>\n<p>        Publi\u00e9 le<\/p>\n<p>            6 nov. 2025 \u00e0 11h06        <\/p>\n<p>Et si vous chiniez ce week-end ? Il y a encore de nombreuses occasions de faire des bonnes affaires \u00e0 Paris et dans le reste de l\u2019\u00cele-de-France avec des <a href=\"https:\/\/actu.fr\/tag\/vide-greniers\" target=\"_blank\" rel=\"noopener\">vide-greniers<\/a> et des <a href=\"https:\/\/actu.fr\/tag\/brocante\" target=\"_blank\" rel=\"noopener\">brocantes<\/a> dans plusieurs d\u00e9partements. Voici notre s\u00e9lection pour ce week-end des samedi 8 et dimanche 9 novembre.\u00a0<\/p>\n<p>Les brocantes et vide-greniers \u00e0 Paris et en \u00cele-de-France samedi 8 novembre<\/p>\n<ul class=\" wall-content\">\n<li>Paris 2e : brocante \u2013 M\u00e9tro Bonne nouvelle \u2013 de 8h \u00e0 18h<\/li>\n<li>Paris 5e : brocante \u2013 Place Monge\u00a0<\/li>\n<li>Paris 15e : vide-greniers \u2013 Bld Pasteur \u2013 De 6h \u00e0 18h<\/li>\n<li>Paris 17e : vide-greniers \u2013 Guy M\u00f4quet, Avenue de Saint-Ouen \u2013 De 5h \u00e0 18h<\/li>\n<li>Paris 18e : brocante \u2013 Place des Abbesses \u2013 De 8h \u00e0 18h<\/li>\n<li>Champigny-sur-Marne (94)\u00a0 : vide-greniers \u2013 Quai Victor Hugo\u00a0<\/li>\n<li>Ableiges (95) : vide-greniers \u2013 Domaine d\u2019Ableiges \u2013 De 9h \u00e0 16h<\/li>\n<\/ul>\n<p>Les brocantes et vide-greniers \u00e0 Paris et en \u00cele-de-France dimanche 9 novembre<\/p>\n<ul class=\" wall-content\">\n<li>Paris 12e : vide-greniers \u2013 Avenue de Saint-Mand\u00e9\u00a0<\/li>\n<li>Paris 14e : vide-greniers \u2013 Boulevard de Port Royal \u2013 De 6h \u00e0 18h<\/li>\n<li>Paris 16e : brocante \u2013 March\u00e9 Pr\u00e9sident Wilson, Avenue du Pr\u00e9sident Wilson\u00a0<\/li>\n<li>Paris 18e : brocante \u2013 Place des Abbesses \u2013 De 8h \u00e0 18h<\/li>\n<li>Gif-sur-Yvette (91) : vide-greniers \u2013 Parking Intermarch\u00e9, Route du Val de Courcelles \u2013 De 9h \u00e0 18h<\/li>\n<li>Viry-Ch\u00e2tillon (91) : brocante \u2013 31, Route de Grigny\u00a0<\/li>\n<li>\u00c9tampes (91) : brocante \u2013 Avenue Charles de Gaulle \u2013 De 6h \u00e0 19h<\/li>\n<li>L\u2019\u00cele-Saint-Denis (93) : brocante \u2013 Quai du Ch\u00e2telier \u2013 De 8h \u00e0 18h<\/li>\n<li>Villeneuve-Saint-Georges (94) : vide-greniers \u2013 Parking Quais de Seine, Avenue du 8 Mai 1945 \u2013 De 8h \u00e0 18h<\/li>\n<li>Champigny-sur-Marne (94)\u00a0 : vide-greniers \u2013 Quai Victor Hugo\u00a0<\/li>\n<li>Ableiges (95) : vide-greniers \u2013 Domaine d\u2019Ableiges \u2013 De 9h \u00e0 16h<\/li>\n<\/ul>\n<p class=\" wall-content\">Personnalisez votre actualit\u00e9 en ajoutant vos villes et m\u00e9dias en favori avec <a href=\"https:\/\/moncompte.actu.fr\" title=\"D\u00e9couvez Mon Actu\" rel=\"nofollow noopener\" data-trk=\"{&quot;cta&quot;:{&quot;action&quot;:&quot;https:\\\/\\\/moncompte.actu.fr&quot;,&quot;category&quot;:&quot;mon compte&quot;,&quot;from&quot;:&quot;article footer&quot;,&quot;name&quot;:&quot;Mon actu&quot;,&quot;type&quot;:&quot;cta&quot;}}\" target=\"_blank\">Mon Actu<\/a>.<\/p>\n","protected":false},"excerpt":{"rendered":"Par Thomas Martin Publi\u00e9 le 6 nov. 2025 \u00e0 11h06 Et si vous chiniez ce week-end ? Il&hellip;\n","protected":false},"author":2,"featured_media":173284,"comment_status":"","ping_status":"","sticky":false,"template":"","format":"standard","meta":{"footnotes":""},"categories":[1888],"tags":[1111,1928,11,1927,6961,1777,674,1011,27,1652,12,1926,626,1925,25,3365],"class_list":{"0":"post-515745","1":"post","2":"type-post","3":"status-publish","4":"format-standard","5":"has-post-thumbnail","7":"category-paris","8":"tag-actu","9":"tag-actu-paris","10":"tag-actualites","11":"tag-actualites-paris","12":"tag-brocante","13":"tag-eu","14":"tag-europe","15":"tag-fr","16":"tag-france","17":"tag-loisirs-culture","18":"tag-news","19":"tag-news-paris","20":"tag-paris","21":"tag-paris-news","22":"tag-republique-francaise","23":"tag-vide-greniers"},"share_on_mastodon":{"url":"https:\/\/pubeurope.com\/@fr\/115502458212244612","error":""},"_links":{"self":[{"href":"https:\/\/www.europesays.com\/fr\/wp-json\/wp\/v2\/posts\/515745","targetHints":{"allow":["GET"]}}],"collection":[{"href":"https:\/\/www.europesays.com\/fr\/wp-json\/wp\/v2\/posts"}],"about":[{"href":"https:\/\/www.europesays.com\/fr\/wp-json\/wp\/v2\/types\/post"}],"author":[{"embeddable":true,"href":"https:\/\/www.europesays.com\/fr\/wp-json\/wp\/v2\/users\/2"}],"replies":[{"embeddable":true,"href":"https:\/\/www.europesays.com\/fr\/wp-json\/wp\/v2\/comments?post=515745"}],"version-history":[{"count":0,"href":"https:\/\/www.europesays.com\/fr\/wp-json\/wp\/v2\/posts\/515745\/revisions"}],"wp:featuredmedia":[{"embeddable":true,"href":"https:\/\/www.europesays.com\/fr\/wp-json\/wp\/v2\/media\/173284"}],"wp:attachment":[{"href":"https:\/\/www.europesays.com\/fr\/wp-json\/wp\/v2\/media?parent=515745"}],"wp:term":[{"taxonomy":"category","embeddable":true,"href":"https:\/\/www.europesays.com\/fr\/wp-json\/wp\/v2\/categories?post=515745"},{"taxonomy":"post_tag","embeddable":true,"href":"https:\/\/www.europesays.com\/fr\/wp-json\/wp\/v2\/tags?post=515745"}],"curies":[{"name":"wp","href":"https:\/\/api.w.org\/{rel}","templated":true}]}}