{"id":515748,"date":"2025-11-06T11:14:11","date_gmt":"2025-11-06T11:14:11","guid":{"rendered":"https:\/\/www.europesays.com\/fr\/515748\/"},"modified":"2025-11-06T11:14:11","modified_gmt":"2025-11-06T11:14:11","slug":"paris-pour-lemploi-a-la-concorde-plus-de-5-000-offres-demploi-a-saisir","status":"publish","type":"post","link":"https:\/\/www.europesays.com\/fr\/515748\/","title":{"rendered":"Paris pour l\u2019Emploi \u00e0 la Concorde : plus de 5 000 offres d\u2019emploi \u00e0 saisir"},"content":{"rendered":"<p class=\"paragraph lpe text_align_left lp-f-body-02\">La Place de la Concorde accueille ce jeudi 6 et vendredi 7 novembre le Salon \u00ab Paris pour l\u2019Emploi \u00bb, un \u00e9v\u00e9nement \u00e0 Paris pour tous ceux qui recherchent un emploi dans la r\u00e9gion. <\/p>\n<p class=\"paragraph lpe text_align_left lp-f-body-02\">Ce salon de recrutement en France est une opportunit\u00e9 importante pour les \u00e9tudiants et jeunes dipl\u00f4m\u00e9s en qu\u00eate d\u2019un emploi, d\u2019un <a href=\"https:\/\/www.leparisien.fr\/etudiant\/orientation\/alternance\/alternance-les-etapes-pour-trouver-un-contrat-calendrier-remuneration-TYVO4MHCCJKZDOQ7N4V7FQ2NWM.php\" target=\"_blank\" rel=\"noreferrer noopener\">contrat d\u2019alternance<\/a>, d\u2019une nouvelle orientation ou d\u2019une mobilit\u00e9 professionnelle.<\/p>\n<p class=\"paragraph lpe text_align_left lp-f-body-02\">Alors que le nombre de demandeurs d\u2019emploi a connu une l\u00e9g\u00e8re hausse au troisi\u00e8me trimestre 2025, ce salon se pr\u00e9sente comme un v\u00e9ritable rendez-vous offrant plus de 5 000 offres d\u2019emploi \u00e0 saisir, que ce soit sur place ou via la plateforme en ligne www.oui-emploi.fr.<\/p>\n<p>Le \u00ab Salon de la Derni\u00e8re Chance \u00bb pour les alternants<\/p>\n<p class=\"paragraph lpe text_align_left lp-f-body-02\">Pour les \u00e9tudiants qui n\u2019ont pas encore trouv\u00e9 leur <a href=\"https:\/\/www.leparisien.fr\/etudiant\/etudes\/alternance\/\" target=\"_blank\" rel=\"noreferrer noopener\">alternance<\/a>, Michel Lef\u00e8vre, commissaire du salon et directeur g\u00e9n\u00e9ral de Carrefours pour l\u2019emploi, le qualifie de \u00ab salon de la derni\u00e8re chance \u00bb. Au sein du <a href=\"https:\/\/www.leparisien.fr\/economie\/emploi\/salon-paris-pour-lemploi-2025-offres-formations-cette-annee-laccent-est-mis-sur-le-medico-social-04-11-2025-UCVG44PNDRDV3E2AXW2W54KALY.php\" target=\"_blank\" rel=\"noreferrer noopener\">Parisien Economie<\/a> mardi dernier il insistait sur l\u2019importance de la rencontre directe : \u00ab Cette rencontre directe est essentielle. On peut repartir avec un rendez-vous. \u00bb <\/p>\n<p class=\"paragraph lpe text_align_left lp-f-body-02\">Une occasion d\u2019autant plus pr\u00e9cieuse \u00e0 l\u2019\u00e8re de l\u2019intelligence artificielle qui uniformise les CV et <a href=\"https:\/\/www.leparisien.fr\/etudiant\/jobs-stages\/exemple-de-lettre-de-motivation-KTZZIFAEBVOYVP6WLUOPRU5SYI.php\" target=\"_blank\" rel=\"noreferrer noopener\">lettres de motivation<\/a>, car, comme il le souligne, \u00ab les recruteurs ont besoin de savoir qui ils ont en face. \u00bb<\/p>\n<p class=\"paragraph lpe text_align_left lp-f-body-02\">Quelque 300 structures et pr\u00e8s d\u2019un millier de charg\u00e9s de recrutement sont mobilis\u00e9s pour accueillir les candidats. Des secteurs vari\u00e9s sont repr\u00e9sent\u00e9s, de l\u2019Arm\u00e9e aux groupes immobiliers, en passant par la distribution, le BTP, le transport et l\u2019h\u00f4tellerie. M\u00eame le prestigieux Ch\u00e2teau de Versailles y tient son stand, illustrant la diversit\u00e9 des opportunit\u00e9s.<\/p>\n<p>Focus sur le Secteur M\u00e9dico-Social : un tremplin en pleine transformation<\/p>\n<p class=\"paragraph lpe text_align_left lp-f-body-02\">Cette ann\u00e9e, une attention particuli\u00e8re est port\u00e9e au secteur m\u00e9dico-social, avec l\u2019int\u00e9gration du salon emploi\/formation social m\u00e9dico-social ASH. D\u00e8s l\u2019entr\u00e9e dans le premier chapiteau, un vaste espace est d\u00e9di\u00e9 \u00e0 l\u2019action sociale, la sant\u00e9 et les services \u00e0 la personne.<\/p>\n<p class=\"paragraph lpe text_align_left lp-f-body-02\">Fr\u00e9d\u00e9rique Carton, directrice adjointe du site ASH, confirme que \u00ab ce secteur est en pleine transformation avec des besoins croissants de personnel qualifi\u00e9. \u00bb Malgr\u00e9 les d\u00e9fis li\u00e9s aux conditions de travail et \u00e0 la r\u00e9mun\u00e9ration, la p\u00e9nurie de personnel persiste, rendant les opportunit\u00e9s nombreuses pour des profils vari\u00e9s : psychologues, <a href=\"https:\/\/www.leparisien.fr\/etudiant\/orientation\/guide-metiers\/metier-ergotherapeute\/\" target=\"_blank\" rel=\"noreferrer noopener\">ergoth\u00e9rapeutes<\/a>, assistants sociaux, \u00e9ducateurs sociaux, assistants de vie, aides \u00e0 domicile, <a href=\"https:\/\/www.leparisien.fr\/etudiant\/orientation\/guide-metiers\/metier-infirmier\/\" target=\"_blank\" rel=\"noreferrer noopener\">infirmiers<\/a>, et directeurs de structures de sant\u00e9. <\/p>\n<p class=\"paragraph lpe text_align_left lp-f-body-02\">Des acteurs majeurs comme le Samu social, des repr\u00e9sentants d\u2019Ehpad, l\u2019AP-HP et la CCAS sont pr\u00e9sents pour \u00e9changer avec les candidats.<\/p>\n<p>Conseils pratiques pour profiter du salon<\/p>\n<p class=\"paragraph lpe text_align_left lp-f-body-02\">Pour maximiser vos chances, une bonne pr\u00e9paration est essentielle :<\/p>\n<ol class=\"margin_bottom_md fs_18_26 fs_20_28_ad purple-number\">\n<li class=\"mb_150 pl_325\"><b>Visitez oui-emploi.fr :<\/b> La plateforme vous permet de pr\u00e9parer votre venue, de consulter le plan du salon, la liste des exposants et les offres. D\u00e9posez-y <a href=\"https:\/\/www.leparisien.fr\/etudiant\/jobs-stages\/exemple-de-cv\/exemple-de-cv-3C44H4FDFBIWHLHVSVLN4U3OMA.php\" target=\"_blank\" rel=\"noreferrer noopener\">votre CV<\/a> en amont.<\/li>\n<li class=\"mb_150 pl_325\"><b>Pr\u00e9parez votre CV :<\/b> Imprimez plusieurs exemplaires de votre CV actualis\u00e9 pour le donner directement sur les stands.<\/li>\n<li class=\"mb_150 pl_325\"><b>Renseignez-vous :<\/b> Identifiez les entreprises qui vous int\u00e9ressent et les secteurs qui recrutent.<\/li>\n<li class=\"mb_150 pl_325\"><b>Soyez pr\u00eat \u00e0 l\u2019\u00e9change :<\/b> La rencontre directe est cruciale. Montrez-vous motiv\u00e9, ouvert et professionnel.<\/li>\n<\/ol>\n<p class=\"paragraph lpe text_align_left lp-f-body-02\">Le Salon \u00ab <a href=\"https:\/\/www.leparisien.fr\/etudiant\/sortir\/paris\/eve-paris-pour-l-emploi-octobre\/\" target=\"_blank\" rel=\"noopener\">Paris pour l\u2019Emploi<\/a> \u00bb est une occasion importante pour tous les \u00e9tudiants et candidats en recherche d\u2019emploi. L\u2019entr\u00e9e est libre et l\u2019inscription gratuite. Rendez-vous \u00e0 la Place de la Concorde de 10h \u00e0 18h.<\/p>\n","protected":false},"excerpt":{"rendered":"La Place de la Concorde accueille ce jeudi 6 et vendredi 7 novembre le Salon \u00ab Paris pour&hellip;\n","protected":false},"author":2,"featured_media":515749,"comment_status":"","ping_status":"","sticky":false,"template":"","format":"standard","meta":{"footnotes":""},"categories":[1888],"tags":[11,33,1777,674,1011,27,63637,2684,12,626,25],"class_list":{"0":"post-515748","1":"post","2":"type-post","3":"status-publish","4":"format-standard","5":"has-post-thumbnail","7":"category-paris","8":"tag-actualites","9":"tag-economie","10":"tag-eu","11":"tag-europe","12":"tag-fr","13":"tag-france","14":"tag-jobs-stages","15":"tag-le-parisien-etudiant","16":"tag-news","17":"tag-paris","18":"tag-republique-francaise"},"share_on_mastodon":{"url":"https:\/\/pubeurope.com\/@fr\/115502466019500052","error":""},"_links":{"self":[{"href":"https:\/\/www.europesays.com\/fr\/wp-json\/wp\/v2\/posts\/515748","targetHints":{"allow":["GET"]}}],"collection":[{"href":"https:\/\/www.europesays.com\/fr\/wp-json\/wp\/v2\/posts"}],"about":[{"href":"https:\/\/www.europesays.com\/fr\/wp-json\/wp\/v2\/types\/post"}],"author":[{"embeddable":true,"href":"https:\/\/www.europesays.com\/fr\/wp-json\/wp\/v2\/users\/2"}],"replies":[{"embeddable":true,"href":"https:\/\/www.europesays.com\/fr\/wp-json\/wp\/v2\/comments?post=515748"}],"version-history":[{"count":0,"href":"https:\/\/www.europesays.com\/fr\/wp-json\/wp\/v2\/posts\/515748\/revisions"}],"wp:featuredmedia":[{"embeddable":true,"href":"https:\/\/www.europesays.com\/fr\/wp-json\/wp\/v2\/media\/515749"}],"wp:attachment":[{"href":"https:\/\/www.europesays.com\/fr\/wp-json\/wp\/v2\/media?parent=515748"}],"wp:term":[{"taxonomy":"category","embeddable":true,"href":"https:\/\/www.europesays.com\/fr\/wp-json\/wp\/v2\/categories?post=515748"},{"taxonomy":"post_tag","embeddable":true,"href":"https:\/\/www.europesays.com\/fr\/wp-json\/wp\/v2\/tags?post=515748"}],"curies":[{"name":"wp","href":"https:\/\/api.w.org\/{rel}","templated":true}]}}