{"id":515760,"date":"2025-11-06T11:20:13","date_gmt":"2025-11-06T11:20:13","guid":{"rendered":"https:\/\/www.europesays.com\/fr\/515760\/"},"modified":"2025-11-06T11:20:13","modified_gmt":"2025-11-06T11:20:13","slug":"jeff-strasser-selectionne-adulai-djabi-embalo-pour-affronter-lallemagne","status":"publish","type":"post","link":"https:\/\/www.europesays.com\/fr\/515760\/","title":{"rendered":"Jeff Strasser s\u00e9lectionne Adulai Djabi Embalo pour affronter l&rsquo;Allemagne"},"content":{"rendered":"<p>Le s\u00e9lectionneur national Jeff Strasser a communiqu\u00e9 ce jeudi la liste des joueurs retenus pour affronter l&rsquo;Allemagne, le vendredi 14 novembre au Stade de Luxembourg (20h45), et l&rsquo;Irlande du Nord, trois jours plus tard \u00e0 Belfast (20h45).<\/p>\n<p>Une liste sans grande surprise, alors que le Luxembourg n&rsquo;a pour l&rsquo;instant inscrit aucun point lors des quatre premiers matches des \u00e9liminatoires du Mondial 2026 (d\u00e9faites face \u00e0 l&rsquo;Irlande du Nord, la Slovaquie, l&rsquo;Allemagne et \u00e0 nouveau la Slovaquie).<\/p>\n<p>On rel\u00e8ve les absences d&rsquo;Enes Mahmutovic, touch\u00e9 aux adducteurs, et d\u2019Yvandro Borges, insuffisamment remis d&rsquo;une blessure au genou. Jeff Strasser a aussi d\u00e9cid\u00e9 d&rsquo;appeler pour la premi\u00e8re fois le jeune attaquant Adulai Djabi Embalo (20 ans), qui joue au Virtus Entella (Italie) et de rappeler Mirza Mustafic, qui \u00e9volue \u00e0 Bali United (Inde).<\/p>\n<p><strong>+++Plus d&rsquo;informations \u00e0 suivre+++<\/strong><\/p>\n","protected":false},"excerpt":{"rendered":"Le s\u00e9lectionneur national Jeff Strasser a communiqu\u00e9 ce jeudi la liste des joueurs retenus pour affronter l&rsquo;Allemagne, le&hellip;\n","protected":false},"author":2,"featured_media":515761,"comment_status":"","ping_status":"","sticky":false,"template":"","format":"standard","meta":{"footnotes":""},"categories":[1587],"tags":[11,672,1804,1805,1803,1777,674,1801,12,1802],"class_list":{"0":"post-515760","1":"post","2":"type-post","3":"status-publish","4":"format-standard","5":"has-post-thumbnail","7":"category-allemagne","8":"tag-actualites","9":"tag-allemagne","10":"tag-bundesrepublik-deutschland","11":"tag-de","12":"tag-deutschland","13":"tag-eu","14":"tag-europe","15":"tag-germany","16":"tag-news","17":"tag-republique-federale-dallemagne"},"share_on_mastodon":{"url":"https:\/\/pubeurope.com\/@fr\/115502489653523090","error":""},"_links":{"self":[{"href":"https:\/\/www.europesays.com\/fr\/wp-json\/wp\/v2\/posts\/515760","targetHints":{"allow":["GET"]}}],"collection":[{"href":"https:\/\/www.europesays.com\/fr\/wp-json\/wp\/v2\/posts"}],"about":[{"href":"https:\/\/www.europesays.com\/fr\/wp-json\/wp\/v2\/types\/post"}],"author":[{"embeddable":true,"href":"https:\/\/www.europesays.com\/fr\/wp-json\/wp\/v2\/users\/2"}],"replies":[{"embeddable":true,"href":"https:\/\/www.europesays.com\/fr\/wp-json\/wp\/v2\/comments?post=515760"}],"version-history":[{"count":0,"href":"https:\/\/www.europesays.com\/fr\/wp-json\/wp\/v2\/posts\/515760\/revisions"}],"wp:featuredmedia":[{"embeddable":true,"href":"https:\/\/www.europesays.com\/fr\/wp-json\/wp\/v2\/media\/515761"}],"wp:attachment":[{"href":"https:\/\/www.europesays.com\/fr\/wp-json\/wp\/v2\/media?parent=515760"}],"wp:term":[{"taxonomy":"category","embeddable":true,"href":"https:\/\/www.europesays.com\/fr\/wp-json\/wp\/v2\/categories?post=515760"},{"taxonomy":"post_tag","embeddable":true,"href":"https:\/\/www.europesays.com\/fr\/wp-json\/wp\/v2\/tags?post=515760"}],"curies":[{"name":"wp","href":"https:\/\/api.w.org\/{rel}","templated":true}]}}