{"id":515762,"date":"2025-11-06T11:21:18","date_gmt":"2025-11-06T11:21:18","guid":{"rendered":"https:\/\/www.europesays.com\/fr\/515762\/"},"modified":"2025-11-06T11:21:18","modified_gmt":"2025-11-06T11:21:18","slug":"pourquoi-emmanuel-macron-plaide-pour-un-triangle-amoureux-entre-leurope-le-bresil-et-lafrique","status":"publish","type":"post","link":"https:\/\/www.europesays.com\/fr\/515762\/","title":{"rendered":"Pourquoi Emmanuel Macron plaide pour \u00abun triangle amoureux\u00bb entre l\u2019Europe, le Br\u00e9sil et l\u2019Afrique ?"},"content":{"rendered":"<p>\n    \u00c0 la veille de sa participation jeudi \u00e0 un sommet sur le climat \u00e0 Belem, le pr\u00e9sident fran\u00e7ais a visit\u00e9 Salvador, dans le nord-est du Br\u00e9sil, qui fut l\u2019un des points d\u2019arriv\u00e9e majeurs des esclaves africains d\u00e9port\u00e9s.<\/p>\n<p class=\"fig-paragraph\"><a href=\"http:\/\/www.lefigaro.fr\/politique\/en-charente-maritime-le-deplacement-feutre-d-emmanuel-macron-20251104\" data-fig-type=\"Article\" data-gtm-custom-categorie=\"navigation\" data-gtm-custom-action=\"crossclick\" data-gtm-custom-label=\"Contextuel\" data-gtm-event=\"customEventSPE\" data-fig-domain=\"LEFIGARO\" target=\"_blank\" rel=\"noopener\">Emmanuel Macron<\/a>\u00a0a pr\u00f4n\u00e9 mercredi \u00e0\u00a0<a href=\"https:\/\/www.lefigaro.fr\/societes\/vinci-airports-met-un-pied-au-bresil-par-salvador-de-bahia-20191213\" data-fig-type=\"Article\" data-gtm-custom-categorie=\"navigation\" data-gtm-custom-action=\"crossclick\" data-gtm-custom-label=\"Contextuel\" data-gtm-event=\"customEventSPE\" data-fig-domain=\"LEFIGARO\" target=\"_blank\" rel=\"noopener\">Salvador de Bahia<\/a>, au\u00a0<a href=\"http:\/\/www.lefigaro.fr\/conjoncture\/au-bresil-le-feu-vert-a-l-exploration-petroliere-en-amazonie-suscite-la-polemique-a-la-veille-de-la-cop30-20251104\" data-fig-type=\"Article\" data-gtm-custom-categorie=\"navigation\" data-gtm-custom-action=\"crossclick\" data-gtm-custom-label=\"Contextuel\" data-gtm-event=\"customEventSPE\" data-fig-domain=\"LEFIGARO\" target=\"_blank\" rel=\"noopener\">Br\u00e9sil<\/a>, une relation transatlantique \u00abr\u00e9invent\u00e9e\u00bb pour que le \u00abtriangle de douleur\u00bb qui a li\u00e9 l&rsquo;Europe, les Am\u00e9riques et l&rsquo;Afrique au temps de l&rsquo;esclavage se transforme en \u00abtriangle amoureux\u00bb. \u00c0 la veille de sa participation jeudi \u00e0 un sommet sur le climat \u00e0\u00a0<a href=\"http:\/\/www.lefigaro.fr\/international\/cop30-en-amazonie-des-habitants-de-belem-expulses-de-leurs-logements-20250926\" data-fig-type=\"Article\" data-gtm-custom-categorie=\"navigation\" data-gtm-custom-action=\"crossclick\" data-gtm-custom-label=\"Contextuel\" data-gtm-event=\"customEventSPE\" data-fig-domain=\"LEFIGARO\" target=\"_blank\" rel=\"noopener\">Belem<\/a>, le pr\u00e9sident fran\u00e7ais a visit\u00e9 Salvador, dans le nord-est du pays, qui fut l&rsquo;un des points d&rsquo;arriv\u00e9e majeurs des esclaves africains d\u00e9port\u00e9s et est aujourd&rsquo;hui le foyer vibrant de la culture afro-br\u00e9silienne.<\/p>\n<p class=\"fig-paragraph\">Il s&rsquo;est offert plus d&rsquo;une heure de d\u00e9ambulation dans les rues du quartier historique du Pelourinho, au son des percussions et au rythme des danses traditionnelles et des groupes de capoeira, cet art martial afro-br\u00e9silien dont la r\u00e9gion de Bahia est un berceau. Dans une cohue chaleureuse, \u00e0 des milliers de kilom\u00e8tres de la crise politique qui a fait plonger sa popularit\u00e9 au plus bas en France, il s&rsquo;est essay\u00e9 \u00e0 taper sur un tambour et a esquiss\u00e9 quelques pas de danse.<\/p>\n<p>                                    <a class=\"fig-a11y-skip a11y-hidden\" href=\"#fig-a11y-skip-main-inarticle\"><br \/>\n        Passer la publicit\u00e9<br \/>\n    <\/a><\/p>\n<p class=\"fig-paragraph\">\u00abOn retrouve ici la France, l&rsquo;Europe, le Br\u00e9sil, l&rsquo;Afrique\u00bb, a-t-il dit dans la soir\u00e9e en ouvrant le festival \u00abNotre futur &#8211; Br\u00e9sil-France, dialogues avec l&rsquo;Afrique\u00bb, un des temps forts de la \u00abSaison France-Br\u00e9sil\u00bb qui a scand\u00e9 l&rsquo;ann\u00e9e 2025. \u00abCe triangle, qui a \u00e9t\u00e9 un triangle de douleur, d&rsquo;exploitation, de route de la honte, on est en train d&rsquo;en faire (&#8230;) un triangle amoureux\u00bb, a estim\u00e9 Emmanuel Macron en rappelant le commerce triangulaire au c\u0153ur de la d\u00e9portation d&rsquo;esclaves africains.<\/p>\n<p class=\"fig-body-link\">\n            \u00c0 lire aussi<br \/>\n        <a class=\"fig-body-link__link fig-premium-mark\" href=\"http:\/\/www.lefigaro.fr\/gastronomie\/techniques-de-la-haute-gastronomie-produits-bresiliens-salvador-de-bahia-fait-sa-revolution-gourmande-20251017\" data-fig-type=\"Article\" data-gtm-custom-categorie=\"navigation\" data-gtm-custom-action=\"crossclick\" data-gtm-custom-label=\"Contextuel\" data-gtm-event=\"customEventSPE\" data-fig-domain=\"LEFIGARO\" target=\"_blank\" rel=\"noopener\"><\/p>\n<p>        Techniques de la haute gastronomie, produits br\u00e9siliens&#8230;\u00a0Salvador de Bahia fait sa r\u00e9volution gourmande<br \/>\n    <\/a>\n<\/p>\n<p>\u00abDialogue\u00bb contre \u00abrepli\u00bb<\/p>\n<p class=\"fig-paragraph\">Le chef de l&rsquo;\u00c9tat a aussi visit\u00e9 une galerie d\u00e9di\u00e9e au photographe et anthropologue fran\u00e7ais Pierre Fatumbi Verger (1902-1996), qui joua un r\u00f4le pionnier dans la mise en \u00e9vidence de l&rsquo;h\u00e9ritage africain au Br\u00e9sil. Autres \u00e9tapes du parcours d\u2019Emmanuel Macron: la Maison du B\u00e9nin, ainsi qu&rsquo;une exposition de l&rsquo;artiste contemporain b\u00e9ninois Rom\u00e9o Mivekannin. Pour la pr\u00e9sidence fran\u00e7aise, \u00abcette visite \u00e0 Bahia s&rsquo;inscrit dans la politique de refondation et de renouvellement de notre relation avec l&rsquo;Afrique\u00bb, au moment o\u00f9 les relations entre la France et ses anciennes colonies africaines sont souvent distendues, voire glaciales\u00a0<a href=\"http:\/\/www.lefigaro.fr\/international\/la-france-adapte-sa-presence-militaire-a-la-nouvelle-realite-au-sahel-20240723\" data-fig-type=\"Article\" data-gtm-custom-categorie=\"navigation\" data-gtm-custom-action=\"crossclick\" data-gtm-custom-label=\"Contextuel\" data-gtm-event=\"customEventSPE\" data-fig-domain=\"LEFIGARO\" target=\"_blank\" rel=\"noopener\">comme au Sahel<\/a>. La culture est un point fort de cette \u00abrefondation\u00bb, fait-on valoir dans l&rsquo;entourage du pr\u00e9sident fran\u00e7ais, qui a enclench\u00e9 une d\u00e9marche de restitution des \u00abobjets vol\u00e9s pendant l&rsquo;\u00e9poque coloniale\u00bb.<\/p>\n<p class=\"fig-paragraph\">Selon le ministre b\u00e9ninois des Affaires \u00e9trang\u00e8res Shegun Bakari, \u00e9galement pr\u00e9sent, la restitution par la France de 26 objets du tr\u00e9sor royal d&rsquo;Abomey au B\u00e9nin en 2021 est ainsi un geste \u00abfort\u00bb pour \u00abb\u00e2tir un futur en conscience\u00bb l\u00e0 o\u00f9, \u00abil y a des si\u00e8cles, on nous a forc\u00e9s \u00e0 cr\u00e9er un lien, une histoire douloureuse\u00bb. Plus largement, Emmanuel Macron a appel\u00e9 la jeunesse \u00e0 pr\u00e9f\u00e9rer le \u00abdialogue\u00bb au \u00abrepli\u00bb, dans cette \u00ab\u00e9poque bouscul\u00e9e par les incertitudes\u00bb qui nourrissent \u00abla col\u00e8re\u00bb voire le \u00abcomplotisme\u00bb. \u00abIl y a une autre mani\u00e8re d&rsquo;habiter notre \u00e9poque\u00bb, \u00abc&rsquo;est de se r\u00e9approprier son pass\u00e9\u00bb, \u00abcomprendre d&rsquo;o\u00f9 l&rsquo;on vient\u00bb, et \u00abr\u00e9inventer des routes qui ont exist\u00e9 en les choisissant\u00bb, a-t-il dit.<\/p>\n<p class=\"fig-paragraph\">Selon l&rsquo;\u00c9lys\u00e9e \u00abBahia, c&rsquo;est un point d&rsquo;\u00e9tape\u00bb. \u00abOn se donne rendez-vous \u00e9galement \u00e0 Nairobi en mai, pour le nouveau sommet Afrique-France qu&rsquo;on organise pour la premi\u00e8re fois dans un pays anglophone\u00bb, a soulign\u00e9 la pr\u00e9sidence fran\u00e7aise. Jeudi, Emmanuel Macron se rendra \u00e0 Belem, en Amazonie br\u00e9silienne, pour prononcer un discours au sommet des chefs d&rsquo;Etat et de gouvernement r\u00e9unis par le pr\u00e9sident br\u00e9silien Luiz Inacio Lula da Silva avant\u00a0<a href=\"http:\/\/www.lefigaro.fr\/sciences\/dix-ans-apres-l-accord-de-paris-le-monde-se-reunit-au-bresil-pour-une-cop-de-l-action-20251105\" data-fig-type=\"Article\" data-gtm-custom-categorie=\"navigation\" data-gtm-custom-action=\"crossclick\" data-gtm-custom-label=\"Contextuel\" data-gtm-event=\"customEventSPE\" data-fig-domain=\"LEFIGARO\" target=\"_blank\" rel=\"noopener\">le d\u00e9but de la COP30<\/a>, conf\u00e9rence de l&rsquo;ONU sur le climat. Il terminera sa tourn\u00e9e vendredi \u00e0 Mexico o\u00f9 il sera accueilli par la pr\u00e9sidente mexicaine\u00a0<a href=\"http:\/\/www.lefigaro.fr\/flash-actu\/mexique-la-presidente-claudia-sheinbaum-agressee-sexuellement-en-pleine-rue-lors-d-un-deplacement-20251105\" data-fig-type=\"NewsFlash\" data-gtm-custom-categorie=\"navigation\" data-gtm-custom-action=\"crossclick\" data-gtm-custom-label=\"Contextuel\" data-gtm-event=\"customEventSPE\" data-fig-domain=\"LEFIGARO\" target=\"_blank\" rel=\"noopener\">Claudia Sheinbaum<\/a>, un an apr\u00e8s sa prise de fonctions.<\/p>\n","protected":false},"excerpt":{"rendered":"\u00c0 la veille de sa participation jeudi \u00e0 un sommet sur le climat \u00e0 Belem, le pr\u00e9sident fran\u00e7ais&hellip;\n","protected":false},"author":2,"featured_media":515763,"comment_status":"","ping_status":"","sticky":false,"template":"","format":"standard","meta":{"footnotes":""},"categories":[1586],"tags":[11,879,2548,1073,1777,674,1011,27,12,25],"class_list":{"0":"post-515762","1":"post","2":"type-post","3":"status-publish","4":"format-standard","5":"has-post-thumbnail","7":"category-europe","8":"tag-actualites","9":"tag-afrique","10":"tag-bresil","11":"tag-emmanuel-macron","12":"tag-eu","13":"tag-europe","14":"tag-fr","15":"tag-france","16":"tag-news","17":"tag-republique-francaise"},"share_on_mastodon":{"url":"https:\/\/pubeurope.com\/@fr\/115502493539512499","error":""},"_links":{"self":[{"href":"https:\/\/www.europesays.com\/fr\/wp-json\/wp\/v2\/posts\/515762","targetHints":{"allow":["GET"]}}],"collection":[{"href":"https:\/\/www.europesays.com\/fr\/wp-json\/wp\/v2\/posts"}],"about":[{"href":"https:\/\/www.europesays.com\/fr\/wp-json\/wp\/v2\/types\/post"}],"author":[{"embeddable":true,"href":"https:\/\/www.europesays.com\/fr\/wp-json\/wp\/v2\/users\/2"}],"replies":[{"embeddable":true,"href":"https:\/\/www.europesays.com\/fr\/wp-json\/wp\/v2\/comments?post=515762"}],"version-history":[{"count":0,"href":"https:\/\/www.europesays.com\/fr\/wp-json\/wp\/v2\/posts\/515762\/revisions"}],"wp:featuredmedia":[{"embeddable":true,"href":"https:\/\/www.europesays.com\/fr\/wp-json\/wp\/v2\/media\/515763"}],"wp:attachment":[{"href":"https:\/\/www.europesays.com\/fr\/wp-json\/wp\/v2\/media?parent=515762"}],"wp:term":[{"taxonomy":"category","embeddable":true,"href":"https:\/\/www.europesays.com\/fr\/wp-json\/wp\/v2\/categories?post=515762"},{"taxonomy":"post_tag","embeddable":true,"href":"https:\/\/www.europesays.com\/fr\/wp-json\/wp\/v2\/tags?post=515762"}],"curies":[{"name":"wp","href":"https:\/\/api.w.org\/{rel}","templated":true}]}}