{"id":515776,"date":"2025-11-06T11:29:10","date_gmt":"2025-11-06T11:29:10","guid":{"rendered":"https:\/\/www.europesays.com\/fr\/515776\/"},"modified":"2025-11-06T11:29:10","modified_gmt":"2025-11-06T11:29:10","slug":"kyrian-jacquet-cameron-norrie-atp-250-metz-quarts-de-finale-jeudi-06-novembre-2025-lequipe","status":"publish","type":"post","link":"https:\/\/www.europesays.com\/fr\/515776\/","title":{"rendered":"Kyrian Jacquet &#8211; Cameron Norrie, ATP 250, Metz, Quarts de finale, Jeudi 06 novembre 2025 &#8211; L&#039;\u00c9quipe"},"content":{"rendered":"<ol>\n<li><a href=\"https:\/\/news.google.com\/rss\/articles\/CBMiwwFBVV95cUxQYi1MUHl2cnZyUjFicE0yR2tlbXZLdlFtbGJDaG5WbTMyVUdSWThwVzRVZEV1X0cxd0NUUGFqak5vQ2xzZmtCRUVsUUdHT0YzSThTZmxFamM3dmtKYUx6ZG93UlJnUndLOGVpRV9DUkRKVmZEdzIzRFJfOEN5eV9aM3BUWkIzVlgyakFCVEFUNF9EWTgyZkFJTXJxZTFLa0EtTVJMZm1qWHpwd2NTQUd1cnp6bWpqRW9NbXNXQ2tVMDhQOG8?oc=5\" target=\"_blank\" rel=\"nofollow noopener\">Kyrian Jacquet &#8211; Cameron Norrie, ATP 250, Metz, Quarts de finale, Jeudi 06 novembre 2025<\/a>&nbsp;&nbsp;L&rsquo;\u00c9quipe<\/li>\n<li><a href=\"https:\/\/news.google.com\/rss\/articles\/CBMigwFBVV95cUxOOUpxNmxYVE1NYWtROS1sSzMwY3Q1RFhmbjc5cXNtbHA1eVRyeFAtVHRpY292eDZnb0RKcGthcXNONUNuMURpN2ZCZld2NE1QY1gtNldjVV9Pb1k1MHZ0WTF6NEtCWUJ3ZC1UcU1FS1FJMXpTOHJzbG5aNTF3NGV0Y1hhSQ?oc=5\" target=\"_blank\" rel=\"nofollow noopener\">Tennis. Fin de parcours pour l&rsquo;Alsacien Dan Added dans le tableau final du tournoi ATP de Metz<\/a>&nbsp;&nbsp;L&rsquo;Alsace<\/li>\n<li><a href=\"https:\/\/news.google.com\/rss\/articles\/CBMiwwFBVV95cUxQbDgtRU85bkNQeGhld01nQ2FFYmhNTF9qVzZFLTNqM3FEODZCM0l5YTdOQ0pHSW1RQ3h2c3RKWXJ4ZE0ycjVuV3ZjejI2ZXkzWjV5OEc5Y1NfSmx3Mmk0OEdQdnktUGVsSUdiOHFqVWZKTjFWU1J3MXcxYk81RTc0dHd2Z0FRRURESGpCUlAwN24wV3dieS1yTEFHWFFSSUZVczZnS0FtOGVJWFdWN0pEOUZTdVljYTAwVGJHYWlObnNjTFnSAcIBQVVfeXFMUGZMTkJJTGk1Wld3ME02ZDgzaHFpd3FPM0JHM1QtWDNNZGJkNEwzdkI0aTZJeG9RdlVYVGpBelVjMjZrc2hFaGJwb1ZjYWlJMEhpektvM0hCbEdyOVFTeUZtcExoX3RtOWtkeUg2QjhBS1FtSEtUdEFpdHZVRWpfSGpfUEpDem1lSENydFprYTVtM3kxTHV2ZXU0bEdFT2JMUXdCZ0p2NzN6WDRrRllSb25fRDg3c1ZscGxGYXNCazBxVVE?oc=5\" target=\"_blank\" rel=\"nofollow noopener\">ATP &#8211; Metz : Jacquet et Tabur qualifi\u00e9s pour les quarts de finale : Sports &#8211; Orange<\/a>&nbsp;&nbsp;Sports &#8211; Orange<\/li>\n<li><a href=\"https:\/\/news.google.com\/rss\/articles\/CBMikwFBVV95cUxOaDBrMmxrY00zZS1vNWZzdXQzNS1vSTJyUDhUczVnMUloYkpNNjVQVFFvdXk1dTZkODY0cElDS2x6YnhVS2FsbnpJanJuS2tHR3VZdkJYM2RfTTJCdkl3VlZocklDOHJrNzBMdzl3dDB6d0NUTFNmVnlUcHF4MmpTQlE3ZktRejJKZmp5WHZ4aWd0ZjA?oc=5\" target=\"_blank\" rel=\"nofollow noopener\">Tennis. Moselle Open : Kyrian Jacquet et Cl\u00e9ment Tabur s\u2019invitent \u00e0 la f\u00eate !<\/a>&nbsp;&nbsp;Le Republicain Lorrain<\/li>\n<li><a href=\"https:\/\/news.google.com\/rss\/articles\/CBMingJBVV95cUxOV24xaDlmRVF6Sm9jQkdfYnF4V0FYeGtmTzZXM0k4RXJJalVORDBqY0NIcE5RTVhlQ2RPaVBMN3BUOElRaWRwX18wOXRPZk5iaDhNSllaZmZ1V3R3aGZ1S1ppSFhCWnZvZUFaTUVrY2xmRlllQ0pvT3pUdldOZ0c3ZDhTVXN5R1REcHBrZDVZekdmZV9hS19FNDVSNU4yNC04cGpCa2VqejcwMktwS2xuS0VRdzBmMHhtbGV6LU8yTFVPS2pndWpuMFpSSHU2c0VlVFdBNHF1R3lJWWdtazFaSFNfZmthUUdmWFQzQm01dHRRTlJiMlBmaHhlNmdsU0NoRkpCODg2aXZocUNKbWFZZzFpZzJEcGoyb1REcjFB?oc=5\" target=\"_blank\" rel=\"nofollow noopener\">D&rsquo;une d\u00e9faite en qualifications \u00e0 un quart de finale contre Cameron Norrie : Kyrian Jacquet ne laisse pas passer l&rsquo;occasion \u00e0 Metz<\/a>&nbsp;&nbsp;MSN<\/li>\n<\/ol>\n","protected":false},"excerpt":{"rendered":"Kyrian Jacquet &#8211; Cameron Norrie, ATP 250, Metz, Quarts de finale, Jeudi 06 novembre 2025&nbsp;&nbsp;L&rsquo;\u00c9quipe Tennis. Fin de&hellip;\n","protected":false},"author":2,"featured_media":1983,"comment_status":"","ping_status":"","sticky":false,"template":"","format":"standard","meta":{"footnotes":""},"categories":[1415],"tags":[1011,27,60,1467],"class_list":{"0":"post-515776","1":"post","2":"type-post","3":"status-publish","4":"format-standard","5":"has-post-thumbnail","7":"category-tennis","8":"tag-fr","9":"tag-france","10":"tag-sports","11":"tag-tennis"},"share_on_mastodon":{"url":"https:\/\/pubeurope.com\/@fr\/115502524864923591","error":""},"_links":{"self":[{"href":"https:\/\/www.europesays.com\/fr\/wp-json\/wp\/v2\/posts\/515776","targetHints":{"allow":["GET"]}}],"collection":[{"href":"https:\/\/www.europesays.com\/fr\/wp-json\/wp\/v2\/posts"}],"about":[{"href":"https:\/\/www.europesays.com\/fr\/wp-json\/wp\/v2\/types\/post"}],"author":[{"embeddable":true,"href":"https:\/\/www.europesays.com\/fr\/wp-json\/wp\/v2\/users\/2"}],"replies":[{"embeddable":true,"href":"https:\/\/www.europesays.com\/fr\/wp-json\/wp\/v2\/comments?post=515776"}],"version-history":[{"count":0,"href":"https:\/\/www.europesays.com\/fr\/wp-json\/wp\/v2\/posts\/515776\/revisions"}],"wp:featuredmedia":[{"embeddable":true,"href":"https:\/\/www.europesays.com\/fr\/wp-json\/wp\/v2\/media\/1983"}],"wp:attachment":[{"href":"https:\/\/www.europesays.com\/fr\/wp-json\/wp\/v2\/media?parent=515776"}],"wp:term":[{"taxonomy":"category","embeddable":true,"href":"https:\/\/www.europesays.com\/fr\/wp-json\/wp\/v2\/categories?post=515776"},{"taxonomy":"post_tag","embeddable":true,"href":"https:\/\/www.europesays.com\/fr\/wp-json\/wp\/v2\/tags?post=515776"}],"curies":[{"name":"wp","href":"https:\/\/api.w.org\/{rel}","templated":true}]}}