{"id":515781,"date":"2025-11-06T11:35:11","date_gmt":"2025-11-06T11:35:11","guid":{"rendered":"https:\/\/www.europesays.com\/fr\/515781\/"},"modified":"2025-11-06T11:35:11","modified_gmt":"2025-11-06T11:35:11","slug":"meghan-markle-apres-10-ans-dabsence-son-grand-retour-au-cinema-annonce-aux-cotes-de-lily-collins-et-brie-larson","status":"publish","type":"post","link":"https:\/\/www.europesays.com\/fr\/515781\/","title":{"rendered":"Meghan Markle : apr\u00e8s 10 ans d\u2019absence, son grand retour au cin\u00e9ma annonc\u00e9\u2026 aux c\u00f4t\u00e9s de Lily Collins et Brie Larson"},"content":{"rendered":"<p>Pr\u00e8s de 10 ans apr\u00e8s avoir quitt\u00e9 les plateaux pour la vie royale, <a href=\"https:\/\/www.public.fr\/tag\/meghan-markle\" target=\"_blank\" rel=\"noopener\"><strong>Meghan Markle<\/strong><\/a> refait ses premiers pas dans le monde du cin\u00e9ma. <\/p>\n<p>Ce mercredi 5 novembre 2025, la duchesse de Sussex a effectivement \u00e9t\u00e9 <strong>aper\u00e7ue \u00e0 Pasadena, en Californie, sur le tournage de Close Personal Friends,<\/strong> <strong>une nouvelle production sign\u00e9e Amazon MGM Studios. <\/strong><\/p>\n<p>\u00c0 44 ans, l&rsquo;ancienne star de Suits retrouve le chemin des cam\u00e9ras&#8230; et cette fois, <strong>elle y joue son propre r\u00f4le !<\/strong><\/p>\n<p>Meghan Markle aux c\u00f4t\u00e9s de Brie Larson et Lily Collins<\/p>\n<p>Le casting, d\u00e9j\u00e0 prestigieux, r\u00e9unit <strong>Brie Larson, Lily Collins, Jack Quaid et Henry Golding<\/strong>. L&rsquo;annonce a d&rsquo;abord \u00e9t\u00e9 r\u00e9v\u00e9l\u00e9e par The Sun, avant d&rsquo;\u00eatre confirm\u00e9e par le magazine <a href=\"https:\/\/people.com\/meghan-markle-returns-acting-new-movie-lily-collins-brie-larson-11844564?utm_campaign=people&amp;utm_content=likeshop&amp;utm_medium=social&amp;utm_source=instagram\" target=\"_blank\" rel=\"noreferrer noopener\">People<\/a>. Une source proche du tournage confie d&rsquo;ailleurs \u00e0 ces derniers : \u00ab\u00a0Meghan semblait \u00e9panouie et d\u00e9tendue. Elle s\u2019est pr\u00e9sent\u00e9e \u00e0 chacun, avec une simplicit\u00e9 et une gentillesse d\u00e9sarmantes.\u00a0\u00bb<\/p>\n<p>Ce r\u00f4le, discret, mais hautement symbolique, marque un tournant pour la jeune maman. <strong>Depuis son d\u00e9part de la s\u00e9rie Suits en 2017, apr\u00e8s l&rsquo;annonce de ses fian\u00e7ailles avec le prince Harry, elle s&rsquo;\u00e9tait tenue \u00e0 l&rsquo;\u00e9cart du cin\u00e9ma. <\/strong><\/p>\n<p>\u00ab\u00a0C\u2019est un moment cl\u00e9 pour elle\u00a0\u00bb, rapporte une source cit\u00e9e par The Sun. \u00ab\u00a0<strong>Meghan a re\u00e7u de nombreuses propositions, mais celle-ci sonnait juste<\/strong>. Elle voulait un projet qui fasse sens, \u00e0 la fois personnellement et professionnellement.\u00a0\u00bb<\/p>\n<p>Le film, d\u00e9crit comme une com\u00e9die l\u00e9g\u00e8re, suit un couple ordinaire qui se lie d&rsquo;amiti\u00e9 avec des c\u00e9l\u00e9brit\u00e9s lors d&rsquo;un s\u00e9jour \u00e0 Santa Barbara. Un sc\u00e9nario qui fait \u00e9cho \u00e0 la propre vie du couple Sussex, install\u00e9 \u00e0 Montecito depuis 2020 avec leurs deux enfants, Archie et Lilibet.<\/p>\n<p>Un pr\u00e9cieux soutien pour la duchesse<\/p>\n<p>Toujours d&rsquo;apr\u00e8s People, <strong>le prince Harry serait d&rsquo;ailleurs tr\u00e8s impliqu\u00e9 dans cette nouvelle aventure<\/strong>. \u00ab\u00a0Il la soutient \u00e0 100 %. Son seul souhait est que Meghan fasse ce qui la rend heureuse\u00a0\u00bb, glisse ainsi une source proche du couple.<\/p>\n<p>Ce retour \u00e0 la com\u00e9die ne serait donc pas un simple clin d&rsquo;\u0153il \u00e0 son pass\u00e9, mais peut-\u00eatre le d\u00e9but d&rsquo;un nouveau chapitre professionnel pour la duchesse. <\/p>\n<p>Meghan Markle semble bien d\u00e9cid\u00e9e \u00e0 reprendre le contr\u00f4le de sa carri\u00e8re !<\/p>\n<p>\n          Hits &amp; People en continu\n        <\/p>\n<p>\n          Public Radio\n        <\/p>\n<p>      Mentionn\u00e9s dans cet article<\/p>\n<p>      Sur le m\u00eame sujet<\/p>\n","protected":false},"excerpt":{"rendered":"Pr\u00e8s de 10 ans apr\u00e8s avoir quitt\u00e9 les plateaux pour la vie royale, Meghan Markle refait ses premiers&hellip;\n","protected":false},"author":2,"featured_media":515782,"comment_status":"","ping_status":"","sticky":false,"template":"","format":"standard","meta":{"footnotes":""},"categories":[1359],"tags":[63642,58,59,1011,27,12512,908,973],"class_list":{"0":"post-515781","1":"post","2":"type-post","3":"status-publish","4":"format-standard","5":"has-post-thumbnail","7":"category-people","8":"tag-brie-larson","9":"tag-divertissement","10":"tag-entertainment","11":"tag-fr","12":"tag-france","13":"tag-lily-collins","14":"tag-meghan-markle","15":"tag-people"},"share_on_mastodon":{"url":"https:\/\/pubeurope.com\/@fr\/115502548555874550","error":""},"_links":{"self":[{"href":"https:\/\/www.europesays.com\/fr\/wp-json\/wp\/v2\/posts\/515781","targetHints":{"allow":["GET"]}}],"collection":[{"href":"https:\/\/www.europesays.com\/fr\/wp-json\/wp\/v2\/posts"}],"about":[{"href":"https:\/\/www.europesays.com\/fr\/wp-json\/wp\/v2\/types\/post"}],"author":[{"embeddable":true,"href":"https:\/\/www.europesays.com\/fr\/wp-json\/wp\/v2\/users\/2"}],"replies":[{"embeddable":true,"href":"https:\/\/www.europesays.com\/fr\/wp-json\/wp\/v2\/comments?post=515781"}],"version-history":[{"count":0,"href":"https:\/\/www.europesays.com\/fr\/wp-json\/wp\/v2\/posts\/515781\/revisions"}],"wp:featuredmedia":[{"embeddable":true,"href":"https:\/\/www.europesays.com\/fr\/wp-json\/wp\/v2\/media\/515782"}],"wp:attachment":[{"href":"https:\/\/www.europesays.com\/fr\/wp-json\/wp\/v2\/media?parent=515781"}],"wp:term":[{"taxonomy":"category","embeddable":true,"href":"https:\/\/www.europesays.com\/fr\/wp-json\/wp\/v2\/categories?post=515781"},{"taxonomy":"post_tag","embeddable":true,"href":"https:\/\/www.europesays.com\/fr\/wp-json\/wp\/v2\/tags?post=515781"}],"curies":[{"name":"wp","href":"https:\/\/api.w.org\/{rel}","templated":true}]}}