{"id":515783,"date":"2025-11-06T11:36:16","date_gmt":"2025-11-06T11:36:16","guid":{"rendered":"https:\/\/www.europesays.com\/fr\/515783\/"},"modified":"2025-11-06T11:36:16","modified_gmt":"2025-11-06T11:36:16","slug":"consideree-comme-impossible-ce-cliche-vient-detre-sacre-photo-meteo-de-lannee-2025","status":"publish","type":"post","link":"https:\/\/www.europesays.com\/fr\/515783\/","title":{"rendered":"Consid\u00e9r\u00e9e comme impossible, ce clich\u00e9 vient d&rsquo;\u00eatre sacr\u00e9 photo m\u00e9t\u00e9o de l&rsquo;ann\u00e9e 2025"},"content":{"rendered":"<p class=\"ap-StoryElement ap-StoryElement--mb ap-StoryText\">Pour cette dixi\u00e8me \u00e9dition, plus de 4 000 images venues de 84 pays ont \u00e9t\u00e9 re\u00e7ues. La photographe britannique Jadwiga Piasecka d\u00e9croche la deuxi\u00e8me place avec \u00ab\u00a0Eunice III\u00a0\u00bb, en saisissant les vagues g\u00e9antes de la temp\u00eate Eunice, \u00e0 Newhaven, sur la c\u00f4te sud de l&rsquo;Angleterre. Le Tch\u00e8que Luk\u00e1\u0161 Gallo, lui, s&rsquo;offre la troisi\u00e8me place -et le prix du public- pour \u00ab\u00a0Sky Surfing\u00a0\u00bb, un clich\u00e9 \u00e9blouissant de nuages en vagues au-dessus des champs de Boh\u00eame. Dans la cat\u00e9gorie \u00ab\u00a0Mobile\u00a0\u00bb, le photographe birman Kyaw Zay Yar Lin est distingu\u00e9 pour \u00ab\u00a0Fishing in the Raining Season\u00a0\u00bb, une sc\u00e8ne de p\u00eache sous un d\u00e9luge tropical sur le lac Inle, quand Tam\u00e1s Kusza, en Slovaquie, remporte la deuxi\u00e8me place avec \u00ab\u00a0Path to the Heart of the Storm\u00a0\u00bb, un instant suspendu avant la foudre.<\/p>\n<p>L&rsquo;importance d&rsquo;agir<\/p>\n<p class=\"ap-StoryElement ap-StoryElement--mb ap-StoryText\">Le Prix Climat, cr\u00e9\u00e9 cette ann\u00e9e pour relier la m\u00e9t\u00e9o aux bouleversements globaux, revient \u00e0 Jonah Lange, auteur de \u00ab\u00a0West Texas Special\u00a0\u00bb, une tornade \u00e9carlate surgie des plaines am\u00e9ricaines. La photographe philippine Maria del Pilar Trigo Bonnin re\u00e7oit la mention d&rsquo;honneur pour \u00ab\u00a0Heading Home\u00a0\u00bb, poignante travers\u00e9e d&rsquo;un paysage d\u00e9vast\u00e9 apr\u00e8s le typhon Rai.<\/p>\n<p class=\"ap-StoryElement ap-StoryElement--mb ap-StoryText\">\u00ab\u00a0Ces images montrent la beaut\u00e9 et la gravit\u00e9 de notre monde qui change\u00a0\u00bb, souligne Liz Bentley, directrice g\u00e9n\u00e9rale de la Royal Meteorological Society. Et Marisa Drew, de la banque Standard Chartered, d&rsquo;ajouter : \u00ab\u00a0Elles rappellent la n\u00e9cessit\u00e9 d&rsquo;agir, de s&rsquo;adapter, de r\u00e9sister.\u00a0\u00bb<\/p>\n","protected":false},"excerpt":{"rendered":"Pour cette dixi\u00e8me \u00e9dition, plus de 4 000 images venues de 84 pays ont \u00e9t\u00e9 re\u00e7ues. La photographe&hellip;\n","protected":false},"author":2,"featured_media":515784,"comment_status":"","ping_status":"","sticky":false,"template":"","format":"standard","meta":{"footnotes":""},"categories":[1358],"tags":[1348,1384,1385,1129,1386,58,59,1011,27,2745],"class_list":{"0":"post-515783","1":"post","2":"type-post","3":"status-publish","4":"format-standard","5":"has-post-thumbnail","7":"category-arts-et-design","8":"tag-arts","9":"tag-arts-and-design","10":"tag-arts-et-design","11":"tag-climat","12":"tag-design","13":"tag-divertissement","14":"tag-entertainment","15":"tag-fr","16":"tag-france","17":"tag-photo"},"share_on_mastodon":{"url":"https:\/\/pubeurope.com\/@fr\/115502552363653399","error":""},"_links":{"self":[{"href":"https:\/\/www.europesays.com\/fr\/wp-json\/wp\/v2\/posts\/515783","targetHints":{"allow":["GET"]}}],"collection":[{"href":"https:\/\/www.europesays.com\/fr\/wp-json\/wp\/v2\/posts"}],"about":[{"href":"https:\/\/www.europesays.com\/fr\/wp-json\/wp\/v2\/types\/post"}],"author":[{"embeddable":true,"href":"https:\/\/www.europesays.com\/fr\/wp-json\/wp\/v2\/users\/2"}],"replies":[{"embeddable":true,"href":"https:\/\/www.europesays.com\/fr\/wp-json\/wp\/v2\/comments?post=515783"}],"version-history":[{"count":0,"href":"https:\/\/www.europesays.com\/fr\/wp-json\/wp\/v2\/posts\/515783\/revisions"}],"wp:featuredmedia":[{"embeddable":true,"href":"https:\/\/www.europesays.com\/fr\/wp-json\/wp\/v2\/media\/515784"}],"wp:attachment":[{"href":"https:\/\/www.europesays.com\/fr\/wp-json\/wp\/v2\/media?parent=515783"}],"wp:term":[{"taxonomy":"category","embeddable":true,"href":"https:\/\/www.europesays.com\/fr\/wp-json\/wp\/v2\/categories?post=515783"},{"taxonomy":"post_tag","embeddable":true,"href":"https:\/\/www.europesays.com\/fr\/wp-json\/wp\/v2\/tags?post=515783"}],"curies":[{"name":"wp","href":"https:\/\/api.w.org\/{rel}","templated":true}]}}