{"id":515785,"date":"2025-11-06T11:38:15","date_gmt":"2025-11-06T11:38:15","guid":{"rendered":"https:\/\/www.europesays.com\/fr\/515785\/"},"modified":"2025-11-06T11:38:15","modified_gmt":"2025-11-06T11:38:15","slug":"la-methode-de-sebastien-lecornu-decryptee-par-ses-adversaires-politiques","status":"publish","type":"post","link":"https:\/\/www.europesays.com\/fr\/515785\/","title":{"rendered":"la m\u00e9thode de S\u00e9bastien Lecornu d\u00e9crypt\u00e9e par ses adversaires politiques"},"content":{"rendered":"<p class=\"article-p mdl\">\u00ab\u00a0Je ne serai pas le Premier ministre qui fera une passation de pouvoir avec Jordan Bardella\u00a0\u00bb. Le message est clair et martel\u00e9 par S\u00e9bastien Lecornu face aux s\u00e9nateurs. Presque deux mois apr\u00e8s sa nomination \u00e0 Matignon, le Premier ministre s&rsquo;est rendu \u00e0 la conf\u00e9rence des pr\u00e9sidents du S\u00e9nat, mercredi 5 novembre. Tandis que les d\u00e9bats sur le budget se poursuivent \u00e0 l&rsquo;Assembl\u00e9e, le chef du gouvernement passe les haies une par une, depuis sa nomination \u00e0 Matignon.\u00a0<\/p>\n<p class=\"article-p mdl\">Sous une menace permanente de censure, S\u00e9bastien Lecornu a indiqu\u00e9 aux s\u00e9nateurs, selon des propos rapport\u00e9s par des participants \u00e0\u00a0<a class=\"link\" href=\"https:\/\/www.publicsenat.fr\/actualites\/politique\/sebastien-lecornu-aux-senateurs-je-ne-serai-pas-le-premier-ministre-qui-fera-une-passation-de-pouvoir-avec-jordan-bardella\" target=\"_blank\" rel=\"noopener\">Public S\u00e9nat<\/a>, que \u00ab\u00a0censure vaudra d\u00e9mission, et que \u00e7a vaudra dissolution\u00a0\u00bb. Cette derni\u00e8re d\u00e9bouchant sur \u00ab\u00a0une crise \u00e9conomique\u00a0\u00bb.\u00a0<\/p>\n<p class=\"article-p mdl\">Si Michel Barnier et Fran\u00e7ois Bayrou ont chut\u00e9 sur le p\u00e9rilleux projet de budget,\u00a0<a class=\"link\" href=\"https:\/\/www.rtl.fr\/actu\/politique\/budget-2026-sebastien-lecornu-appelle-a-un-changement-de-methode-7900561157\" target=\"_blank\" rel=\"noopener\">S\u00e9bastien Lecornu, lui, revendique depuis sa nomination \u00ab\u00a0un changement de m\u00e9thode\u00a0\u00bb<\/a>, qui passe par l&rsquo;abandon du recours \u00e0 l&rsquo;article 49.3 de la Constitution, permettant d&rsquo;adopter un budget, sans le vote des d\u00e9put\u00e9s.\u00a0\u00ab\u00a0\u00c0 la fin, ce sera un budget de transition. Sans majorit\u00e9 absolue, je suis pr\u00eat \u00e0 accepter <strong>une strat\u00e9gie des petits pas<\/strong>\u00ab\u00a0, a-t-il expliqu\u00e9 pour d\u00e9crire sa m\u00e9thode, aupr\u00e8s du\u00a0<a class=\"link\" href=\"https:\/\/www.leparisien.fr\/politique\/on-peut-chuter-a-nimporte-quel-moment-les-confidences-de-sebastien-lecornu-en-plein-examen-du-budget-01-11-2025-XRFRMHR3GVFFFDQOS2M3LLD5LU.php\" target=\"_blank\" rel=\"noopener\">Parisien<\/a>.<\/p>\n<p>            Fin tacticien politique<\/p>\n<p class=\"article-p mdl\">\u00ab\u00a0La vraie diff\u00e9rence\u00a0\u00bb entre S\u00e9bastien Lecornu et ses pr\u00e9d\u00e9cesseurs, avance un ancien ministre, c&rsquo;est que \u00ab\u00a0Michel Barnier et Fran\u00e7ois Bayrou se vivaient comme des Premiers ministres, chefs d&rsquo;une majorit\u00e9\u00a0\u00bb. \u00ab\u00a0Il s&rsquo;en sort tr\u00e8s bien, il est encore en poste, il arrive \u00e0 \u00e9viter que les choses d\u00e9g\u00e9n\u00e8rent\u00a0\u00bb, f\u00e9licite un d\u00e9put\u00e9 Ensemble pour la R\u00e9publique.\u00a0<br \/>Qu&rsquo;en pensent ses opposants ? Apr\u00e8s avoir menac\u00e9 \u00e0 plusieurs reprises de censurer le gouvernement Lecornu II, le Parti socialiste est devenu un des interlocuteurs r\u00e9guliers de Matignon. \u00ab\u00a0\u00c0 chaque \u00e9tape, il y a un gouvernement qui peut tomber\u00a0\u00bb, rappelle un d\u00e9put\u00e9 PS. Cet \u00e9lu d\u00e9crit le Premier ministre comme \u00ab\u00a0affable\u00a0\u00bb. \u00ab\u00a0Il parle beaucoup, mais il n&rsquo;arrive pas \u00e0 ex\u00e9cuter ce qu&rsquo;il dit\u00a0\u00bb dans le socle commun, regrette-t-il.\u00a0<\/p>\n<blockquote class=\"article-quote\">\n<p class=\"article-quote-text icon icon-quote-v2\">Quand il y a une difficult\u00e9, S\u00e9bastien Lecornu essaye d&rsquo;aplanir les choses ou de les contourner<\/p>\n<p>Un d\u00e9put\u00e9 Les R\u00e9publicains \u00e0 RTL<\/p>\n<\/blockquote>\n<p class=\"article-p mdl\">Peu importe les groupes politiques \u00e0 l&rsquo;Assembl\u00e9e, un trait de caract\u00e8re revient dans les mots de plusieurs d\u00e9put\u00e9s, son c\u00f4t\u00e9 fin tacticien politique. Un \u00e9lu \u00e9cologiste reconna\u00eet que S\u00e9bastien Lecornu est \u00ab\u00a0beaucoup plus malin\u00a0\u00bb que ses pr\u00e9d\u00e9cesseurs. \u00ab\u00a0C&rsquo;est quelqu&rsquo;un qui sait faire\u00a0\u00bb politiquement, note-t-il tout en remarquant que l&rsquo;\u00e9cologie n&rsquo;est pas le sujet de pr\u00e9dilection du Premier ministre.<\/p>\n<p class=\"article-p mdl\">M\u00eame \u00e9l\u00e9ment soulign\u00e9 par un d\u00e9put\u00e9 Rassemblement national. \u00ab\u00a0On voit qu&rsquo;il a fait un peu de politique avant\u00a0\u00bb, sourit-il. \u00ab\u00a0Il navigue\u00a0\u00bb, estime un d\u00e9put\u00e9 Les R\u00e9publicains. \u00ab\u00a0Quand il y a une difficult\u00e9, il essaye d&rsquo;aplanir les choses ou de les contourner\u00a0\u00bb, observe-t-il.<\/p>\n<p class=\"article-p mdl\">Rappelant les concessions accord\u00e9es par le gouvernement aux socialistes avec la suspension de la r\u00e9forme des retraites et l&rsquo;abandon du 49.3, un \u00e9lu LR reconna\u00eet que le Premier ministre a \u00ab\u00a0le m\u00e9rite de ne pas faire semblant\u00a0\u00bb. \u00ab\u00a0Il n&rsquo;avait pas d&rsquo;autres choix, \u00e0 part celui de tout faire p\u00e9ter\u00a0\u00bb, dit-il dans un haussement d&rsquo;\u00e9paule.<\/p>\n<p>    La r\u00e9daction vous recommande<\/p>\n<p class=\"s-newsletter__title\">\n                L\u2019actualit\u00e9 par la r\u00e9daction de RTL dans votre bo\u00eete mail.\n            <\/p>\n<p class=\"s-newsletter__subtitle\">\n                Gr\u00e2ce \u00e0 votre compte RTL abonnez-vous \u00e0 la newsletter RTL info pour suivre toute l&rsquo;actualit\u00e9 au quotidien\n            <\/p>\n<p>\n                                    Lire la suite\n                                <\/p>\n","protected":false},"excerpt":{"rendered":"\u00ab\u00a0Je ne serai pas le Premier ministre qui fera une passation de pouvoir avec Jordan Bardella\u00a0\u00bb. Le message&hellip;\n","protected":false},"author":2,"featured_media":515786,"comment_status":"","ping_status":"","sticky":false,"template":"","format":"standard","meta":{"footnotes":""},"categories":[1356],"tags":[416,1003,58,59,107,1011,27,49272,11067,252,1364],"class_list":{"0":"post-515785","1":"post","2":"type-post","3":"status-publish","4":"format-standard","5":"has-post-thumbnail","7":"category-television","8":"tag-assemblee-nationale","9":"tag-budget","10":"tag-divertissement","11":"tag-entertainment","12":"tag-fil-info","13":"tag-fr","14":"tag-france","15":"tag-matignon","16":"tag-sebastien-lecornu","17":"tag-television","18":"tag-tv"},"share_on_mastodon":{"url":"https:\/\/pubeurope.com\/@fr\/115502560380269578","error":""},"_links":{"self":[{"href":"https:\/\/www.europesays.com\/fr\/wp-json\/wp\/v2\/posts\/515785","targetHints":{"allow":["GET"]}}],"collection":[{"href":"https:\/\/www.europesays.com\/fr\/wp-json\/wp\/v2\/posts"}],"about":[{"href":"https:\/\/www.europesays.com\/fr\/wp-json\/wp\/v2\/types\/post"}],"author":[{"embeddable":true,"href":"https:\/\/www.europesays.com\/fr\/wp-json\/wp\/v2\/users\/2"}],"replies":[{"embeddable":true,"href":"https:\/\/www.europesays.com\/fr\/wp-json\/wp\/v2\/comments?post=515785"}],"version-history":[{"count":0,"href":"https:\/\/www.europesays.com\/fr\/wp-json\/wp\/v2\/posts\/515785\/revisions"}],"wp:featuredmedia":[{"embeddable":true,"href":"https:\/\/www.europesays.com\/fr\/wp-json\/wp\/v2\/media\/515786"}],"wp:attachment":[{"href":"https:\/\/www.europesays.com\/fr\/wp-json\/wp\/v2\/media?parent=515785"}],"wp:term":[{"taxonomy":"category","embeddable":true,"href":"https:\/\/www.europesays.com\/fr\/wp-json\/wp\/v2\/categories?post=515785"},{"taxonomy":"post_tag","embeddable":true,"href":"https:\/\/www.europesays.com\/fr\/wp-json\/wp\/v2\/tags?post=515785"}],"curies":[{"name":"wp","href":"https:\/\/api.w.org\/{rel}","templated":true}]}}