{"id":515788,"date":"2025-11-06T11:40:11","date_gmt":"2025-11-06T11:40:11","guid":{"rendered":"https:\/\/www.europesays.com\/fr\/515788\/"},"modified":"2025-11-06T11:40:11","modified_gmt":"2025-11-06T11:40:11","slug":"les-braises-le-film-avec-virginie-efira-sinspire-t-il-de-figures-emblematiques-des-gilets-jaunes-divertissements","status":"publish","type":"post","link":"https:\/\/www.europesays.com\/fr\/515788\/","title":{"rendered":"Les Braises : le film avec Virginie Efira s&rsquo;inspire-t-il de figures embl\u00e9matiques des Gilets jaunes ? : Divertissements"},"content":{"rendered":"<p class=\"lead\"><strong>De quoi \u00e7a parle ?<\/strong><\/p>\n<p class=\"lead\">Karine et Jimmy forment un couple uni, toujours tr\u00e8s amoureux apr\u00e8s vingt ans de vie commune et deux enfants. Elle travaille dans une usine ; lui, chauffeur routier, s&rsquo;acharne \u00e0 faire grandir sa petite entreprise. Quand surgit le mouvement des Gilets Jaunes, Karine est emport\u00e9e par la force du collectif, la col\u00e8re, l&rsquo;espoir d&rsquo;un changement. Mais \u00e0 mesure que son engagement grandit, l&rsquo;\u00e9quilibre du couple vacille.<\/p>\n<p class=\"lead\"> Sur le m\u00eame sujet\u00a0:  <\/p>\n<p class=\"lead\">\n<p><a href=\"https:\/\/divertissements.orange.fr\/cinema-series\/toutes-les-actus-cinema\/absente-depuis-2-ans-au-cinema-virginie-efira-est-de-retour-pourquoi-l-actrice-s-etait-elle-fait-rare-elle-nous-repond-CNT000002lx7vr.html\" target=\"_blank\" rel=\"noopener\">Apr\u00e8s presque 2 ans loin du grand \u00e9cran<\/a>, Virginie Efira est de retour avec Les Braises. L&rsquo;actrice incarne une ouvri\u00e8re, au coeur des gilets jaunes. Elle va se retrouver emporter par la force du collectif, la col\u00e8re, l&rsquo;espoir d&rsquo;un changement insuffl\u00e9 par ce mouvement qui a marqu\u00e9 la soci\u00e9t\u00e9 fran\u00e7aise en 2018 et 2019.<\/p>\n<p class=\"lead\">Les Braises est aussi une histoire d&rsquo;amour : comment l&rsquo;engagement de cette femme va mettre en p\u00e9ril le couple que le personnage de Virginie Efira forme avec Arieh Worthalter. Un film qui m\u00eale l&rsquo;intime et le politique, et revient avec une certaine distance et mesure sur le mouvement des Gilets jaunes.<\/p>\n<p class=\"lead\"><strong>Plusieurs films autour du mouvement des Gilets jaunes<\/strong><\/p>\n<p class=\"lead\">Le cin\u00e9ma fran\u00e7ais s&rsquo;est d\u00e9j\u00e0 empar\u00e9 plusieurs fois du mouvement des Gilets jaunes. C&rsquo;est le cas par exemple de La Fracture de Catherine Corsini (sorti en octobre 2021) ou de Dossier 137 de Dominik Moll (\u00e0 l&rsquo;affiche le 19 novembre prochain). Tous deux en ont fait un \u00e9l\u00e9ment de sc\u00e9nario.<\/p>\n<p class=\"lead\">Des documentaires se sont plong\u00e9s pleinement dans le sujet, comme Un Peuple d&rsquo;Emmanuel Gras (sorti en f\u00e9vrier 2022), J&rsquo;veux du soleil de Fran\u00e7ois Ruffin et Gilles Perret (avril 2019) ou encore Les voies jaunes de Sylvestre Meinzer (novembre 2023).<\/p>\n<p class=\"lead\"><strong>Comment ont \u00e9t\u00e9 imagin\u00e9 les personnages des Braises ? S&rsquo;inspirent-ils de figures \u00e9mergentes du mouvement des Gilets jaunes ?<\/strong><\/p>\n<p class=\"lead\">Avec Les Braises, c&rsquo;est la premi\u00e8re fois qu&rsquo;un film fran\u00e7ais de fiction parle \u00e0 part enti\u00e8re du mouvement des Gilets jaunes, et n&rsquo;en fait pas qu&rsquo;un \u00e9l\u00e9ment de sc\u00e9nario.<\/p>\n<p class=\"lead\">\u00ab\u00a0Le r\u00e9alisateur Thomas Kruithof a rencontr\u00e9 plusieurs personnes. C&rsquo;est un peu un m\u00e9lange entre diff\u00e9rents parcours, mais certainement pas sur une figure majeure, nous r\u00e9pond Virginie Efira. \u00c7a m&rsquo;int\u00e9ressait, \u00e9videmment, plus en tant que citoyenne que com\u00e9dienne. Je me souviens de figures comme Ingrid Levavasseur, de personnes qui \u00e9mergeaient.<\/p>\n<p class=\"lead\">Comment Thomas Kruithof a-t-il nourri son sc\u00e9nario ? \u00ab\u00a0Tous les gens qu&rsquo;on a rencontr\u00e9s nous ont inspir\u00e9s. On a recueilli des t\u00e9moignages d&rsquo;abord en Bretagne et en Haute Loire, puis \u00e0 Limoges et Angoul\u00eame o\u00f9 le film a \u00e9t\u00e9 tourn\u00e9, explique-t-il dans le dossier de presse. Il y avait chez tous du plaisir \u00e0 se rem\u00e9morer le premier rassemblement, le lien social, les amiti\u00e9s nou\u00e9es qui avaient perdur\u00e9, l&rsquo;effervescence de croire qu&rsquo;ils pouvaient changer le monde ensemble, m\u00eame un peu. Bien s\u00fbr, le durcissement de la lutte, la fin du mouvement et son absence de d\u00e9bouch\u00e9 politique, ont aussi laiss\u00e9 des traces en eux. Mais ils n&rsquo;avaient pas de regrets quant \u00e0 leur d\u00e9couverte de l&rsquo;engagement politique, et de ce que cela avait chang\u00e9 en eux.\u00a0\u00bb<\/p>\n<p class=\"lead\">Je n&rsquo;aime pas cette id\u00e9e d&rsquo;on vient, on prend, on se sert, on imite un peu. Je n&rsquo;avais pas du tout envie de cette chose-l\u00e0<br \/>\nDes personnes ayant particip\u00e9 au mouvement des Gilets jaunes \u00e0 travers la France ont \u00e9galement pris part au tournage, comme nous le confirme Virginie Efira. \u00ab\u00a0Oui, \u00e9norm\u00e9ment. Il y a vraiment un m\u00e9lange&#8230; (&#8230;) Un film, ce sont les prises et ce qu&rsquo;on tourne, et c&rsquo;est aussi ce qui s&rsquo;\u00e9change en dehors des prises. Avoir acc\u00e8s \u00e0 leur v\u00e9cu, et ce que ce tournage pouvait   produire, c&rsquo;\u00e9tait un gage aussi de v\u00e9rit\u00e9, que leur regard aussi soit juste, qu&rsquo;on ne soit pas \u00e0 c\u00f4t\u00e9 de la plaque. Je n&rsquo;aime pas cette id\u00e9e d&rsquo;on vient, on prend, on se sert, on imite un peu. Je n&rsquo;avais pas du tout envie de cette chose-l\u00e0.\u00a0\u00bb<\/p>\n<p class=\"lead\">Thomas Kruithof pr\u00e9cise dans le dossier de presse qu&rsquo;une trentaine de Gilets Jaunes et de militants d&rsquo;Angoul\u00eame et Limoges ont particip\u00e9 r\u00e9guli\u00e8rement au tournage. Ils \u00ab\u00a0nous ont nourris de leurs conseils et de leurs remarques. Il y avait naturellement une \u00e9motion palpable \u00e0 reconstituer des moments qui se rapprochaient de leur exp\u00e9rience, sauf que l\u00e0, le projet collectif, c&rsquo;\u00e9tait la fabrication d&rsquo;un film.\u00a0\u00bb<\/p>\n<p class=\"lead\">Les Braises de Thomas Kruithof avec Virginie Efira et Arie<\/p>\n","protected":false},"excerpt":{"rendered":"De quoi \u00e7a parle ? Karine et Jimmy forment un couple uni, toujours tr\u00e8s amoureux apr\u00e8s vingt ans&hellip;\n","protected":false},"author":2,"featured_media":515789,"comment_status":"","ping_status":"","sticky":false,"template":"","format":"standard","meta":{"footnotes":""},"categories":[1354],"tags":[58,59,1346,1011,27,21984,1360,63643],"class_list":{"0":"post-515788","1":"post","2":"type-post","3":"status-publish","4":"format-standard","5":"has-post-thumbnail","7":"category-films","8":"tag-divertissement","9":"tag-entertainment","10":"tag-films","11":"tag-fr","12":"tag-france","13":"tag-movie","14":"tag-movies","15":"tag-sorties-cin"},"share_on_mastodon":{"url":"https:\/\/pubeurope.com\/@fr\/115502568209538911","error":""},"_links":{"self":[{"href":"https:\/\/www.europesays.com\/fr\/wp-json\/wp\/v2\/posts\/515788","targetHints":{"allow":["GET"]}}],"collection":[{"href":"https:\/\/www.europesays.com\/fr\/wp-json\/wp\/v2\/posts"}],"about":[{"href":"https:\/\/www.europesays.com\/fr\/wp-json\/wp\/v2\/types\/post"}],"author":[{"embeddable":true,"href":"https:\/\/www.europesays.com\/fr\/wp-json\/wp\/v2\/users\/2"}],"replies":[{"embeddable":true,"href":"https:\/\/www.europesays.com\/fr\/wp-json\/wp\/v2\/comments?post=515788"}],"version-history":[{"count":0,"href":"https:\/\/www.europesays.com\/fr\/wp-json\/wp\/v2\/posts\/515788\/revisions"}],"wp:featuredmedia":[{"embeddable":true,"href":"https:\/\/www.europesays.com\/fr\/wp-json\/wp\/v2\/media\/515789"}],"wp:attachment":[{"href":"https:\/\/www.europesays.com\/fr\/wp-json\/wp\/v2\/media?parent=515788"}],"wp:term":[{"taxonomy":"category","embeddable":true,"href":"https:\/\/www.europesays.com\/fr\/wp-json\/wp\/v2\/categories?post=515788"},{"taxonomy":"post_tag","embeddable":true,"href":"https:\/\/www.europesays.com\/fr\/wp-json\/wp\/v2\/tags?post=515788"}],"curies":[{"name":"wp","href":"https:\/\/api.w.org\/{rel}","templated":true}]}}