{"id":515792,"date":"2025-11-06T11:42:11","date_gmt":"2025-11-06T11:42:11","guid":{"rendered":"https:\/\/www.europesays.com\/fr\/515792\/"},"modified":"2025-11-06T11:42:11","modified_gmt":"2025-11-06T11:42:11","slug":"la-meilleure-equipe-au-monde-qui-ait-jamais-existe-fabien-galthie-lance-le-choc-entre-le-xv-de-france-et-lafrique-du-sud","status":"publish","type":"post","link":"https:\/\/www.europesays.com\/fr\/515792\/","title":{"rendered":"\u00abLa meilleure \u00e9quipe au monde qui ait jamais exist\u00e9\u00bb, Fabien Galthi\u00e9 lance le choc entre le XV de France et l\u2019Afrique du Sud"},"content":{"rendered":"<p>\n    Le s\u00e9lectionneur des Bleus a justifi\u00e9 ce jeudi sa composition d\u2019\u00e9quipe. Et tress\u00e9 des louanges aux Springboks.<\/p>\n<p class=\"fig-paragraph\"><strong>Pourquoi avoir pr\u00e9f\u00e9r\u00e9\u00a0<\/strong><a href=\"http:\/\/www.lefigaro.fr\/sports\/rugby\/6-nations\/mickael-guillard-je-veux-jouer-avec-le-xv-de-france-jusqu-a-ma-retraite-20250307\" data-fig-type=\"Article\" data-gtm-custom-categorie=\"navigation\" data-gtm-custom-action=\"crossclick\" data-gtm-custom-label=\"Contextuel\" data-gtm-event=\"customEventSPE\" data-fig-domain=\"LEFIGARO\" target=\"_blank\" rel=\"noopener\"><strong>Micka\u00ebl Guillard<\/strong><\/a> <strong>\u00a0\u00e0 Gr\u00e9gory Alldritt au centre de la troisi\u00e8me ligne\u00a0?<\/strong><br \/><strong>Fabien Galthi\u00e9\u00a0: <\/strong>Le niveau de performance du moment. \u00abMika\u00bb est entr\u00e9 avec nous depuis un peu plus d\u2019une saison. Il a \u00e9t\u00e9 performant en 5, en 8, il a des habilet\u00e9s et un potentiel qu\u2019on veut d\u00e9velopper. On veut aussi cr\u00e9er de l\u2019\u00e9mulation \u00e0 tous les postes.\u00a0<a href=\"http:\/\/www.lefigaro.fr\/sports\/rugby\/xv-de-france\/xv-de-france-retenu-comme-reserviste-alldritt-ne-participera-pas-a-toulon-la-rochelle-le-rct-recupere-ollivon-et-drean-20251106\" data-fig-type=\"NewsFlash\" data-gtm-custom-categorie=\"navigation\" data-gtm-custom-action=\"crossclick\" data-gtm-custom-label=\"Contextuel\" data-gtm-event=\"customEventSPE\" data-fig-domain=\"LEFIGARO\" target=\"_blank\" rel=\"noopener\">Gr\u00e9gory est dans le groupe<\/a>. Il a \u00e9norm\u00e9ment jou\u00e9 pendant quatre ans. Il faut trouver des rotations pour envisager\u2026 Et permettre aux joueurs de se r\u00e9g\u00e9n\u00e9rer. On est dans une vision d\u2019ensemble.<\/p>\n<p class=\"fig-paragraph\"><strong>Le choix de Ga\u00ebl Fickou comme capitaine a \u00e9t\u00e9 facile \u00e0 prendre\u00a0?<\/strong><br \/>C\u2019est un choix logique. Il fait partie des joueurs qui sont avec nous depuis sept saisons. Il est en forme, un niveau de forme qu\u2019il a rarement eu avec nous. Il a r\u00e9ussi \u00e0 trouver de l\u2019espace pour se r\u00e9g\u00e9n\u00e9rer. C\u2019est coh\u00e9rent de le nommer capitaine.<\/p>\n<p class=\"fig-body-link\">\n            \u00c0 lire aussi<br \/>\n        <a class=\"fig-body-link__link\" href=\"http:\/\/www.lefigaro.fr\/sports\/rugby\/xv-de-france\/xv-de-france-pourquoi-gregory-alldritt-n-affrontera-pas-l-afrique-du-sud-20251105\" data-fig-type=\"NewsFlash\" data-gtm-custom-categorie=\"navigation\" data-gtm-custom-action=\"crossclick\" data-gtm-custom-label=\"Contextuel\" data-gtm-event=\"customEventSPE\" data-fig-domain=\"LEFIGARO\" target=\"_blank\" rel=\"noopener\"><\/p>\n<p>        XV de France\u00a0: pourquoi Gr\u00e9gory Alldritt n\u2019affrontera pas l\u2019Afrique du Sud<br \/>\n    <\/a>\n<\/p>\n<p>                                    <a class=\"fig-a11y-skip a11y-hidden\" href=\"#fig-a11y-skip-main-inarticle\"><br \/>\n        Passer la publicit\u00e9<br \/>\n    <\/a><\/p>\n<p class=\"fig-paragraph\"><strong>Le Toulousain Guillaume Cramont est le seul novice sur la feuille de match. Un mot sur lui\u00a0?<\/strong><br \/>Il a profit\u00e9, pendant quatre ans, d\u2019\u00eatre le num\u00e9ro 3 derri\u00e8re Peato Mauvaka et Julien Marchand au Stade Toulousain, s\u2019est d\u00e9velopp\u00e9 dans l\u2019ombre de ces deux joueurs en \u00e9quipe de France. Il a profit\u00e9 de tous les doublons, de tous les moments donn\u00e9s par Ugo Mola, pour engranger 91 feuilles de match. Il s\u2019est construit avec intelligence et strat\u00e9gie. C\u2019est un exemple par son parcours et sa capacit\u00e9 \u00e0 encha\u00eener les saisons.<\/p>\n<p>C\u2019est vexatoire de remettre en question nos deux piliers avec des crit\u00e8res qui minimisent leur pr\u00e9sence. Ce sont les meilleurs du moment. Et ils ont h\u00e2te d\u2019\u00eatre au Stade de France pour montrer ce qu\u2019ils sont capables de faire<\/p>\n<p class=\"fig-paragraph\"><strong>Vous alignez deux piliers \u00e0 l\u2019exp\u00e9rience limit\u00e9e (2 s\u00e9lections chacun), une charni\u00e8re in\u00e9dite. Peu importe le r\u00e9sultat, l\u2019avenir prime\u00a0? <\/strong><br \/>Les deux&#8230; Mais\u00a0<a href=\"http:\/\/www.lefigaro.fr\/sports\/rugby\/xv-de-france\/xv-de-france-guillard-et-le-garrec-titulaires-des-piliers-a-deux-selections-galthie-devoile-son-equipe-pour-defier-l-afrique-du-sud-20251106\" data-fig-type=\"NewsFlash\" data-gtm-custom-categorie=\"navigation\" data-gtm-custom-action=\"crossclick\" data-gtm-custom-label=\"Contextuel\" data-gtm-event=\"customEventSPE\" data-fig-domain=\"LEFIGARO\" target=\"_blank\" rel=\"noopener\">c\u2019est vexatoire de remettre en question nos deux piliers<\/a>\u00a0avec des crit\u00e8res qui minimisent leur pr\u00e9sence. Ce sont les meilleurs piliers du moment. Et ils ont h\u00e2te d\u2019\u00eatre au Stade de France pour montrer ce qu\u2019ils sont capables de faire. Tous sont fiers de relever ce grand et beau rendez-vous de samedi soir. Ce d\u00e9fi immense.<\/p>\n<p class=\"fig-paragraph\"><strong>Que pensez-vous de cette \u00e9quipe d\u2019Afrique du Sud\u00a0?<\/strong><br \/>Pour moi c\u2019est la meilleure \u00e9quipe au monde. La meilleure au monde qui ait jamais exist\u00e9, m\u00eame. Ils sont sur une phase de d\u00e9veloppement croissante. Ils sont doubles champions du monde en titre, viennent de remporter le Rugby Championship pour la deuxi\u00e8me ann\u00e9e cons\u00e9cutive. Ils sont en capacit\u00e9 de sortir de nouveaux joueurs, de d\u00e9velopper leur r\u00e9servoir par leur organisation. Ils sont ensemble depuis juin. Ils ont d\u00e9j\u00e0 jou\u00e9 dix matchs. Et leur vision les am\u00e8ne \u00e0 2027. C\u2019est une \u00e9quipe d\u2019Afrique du Sud encore plus forte que les pr\u00e9c\u00e9dentes qu\u2019on a affront\u00e9e.<\/p>\n<p class=\"fig-paragraph\"><strong>Et de votre homologue,\u00a0<\/strong><a href=\"http:\/\/www.lefigaro.fr\/flash-sport\/rugby-quels-que-soient-les-choix-de-la-france-ce-sera-une-equipe-et-un-choc-enormes-lance-le-selectionneur-des-springboks-20251106\" data-fig-type=\"NewsFlash\" data-gtm-custom-categorie=\"navigation\" data-gtm-custom-action=\"crossclick\" data-gtm-custom-label=\"Contextuel\" data-gtm-event=\"customEventSPE\" data-fig-domain=\"LEFIGARO\" target=\"_blank\" rel=\"noopener\"><strong>Rassie Erasmus<\/strong><\/a> <strong>\u00a0?<\/strong><br \/>Rassie Erasmus est un tr\u00e8s grand manager puisqu\u2019il a men\u00e9 deux fois son \u00e9quipe au titre mondial et qu\u2019il a mis en place toute une organisation pour continuer \u00e0 d\u00e9velopper les performances son \u00e9quipe nationale. Apr\u00e8s, on est sur de la com et, \u00e9ventuellement, de la pol\u00e9mique. Il n\u2019y a aucun espionnage. Il y a des pr\u00e9cautions \u00e0 prendre dans la pr\u00e9paration et dans l\u2019approche strat\u00e9gique comme avant tout test-match.<\/p>\n<p>L\u2019Afrique du Sud, c\u2019est quinze chasseurs sur le terrain. Ils sont en chasse au sol et ils sont en chasse en l\u2019air. (&#8230;) D\u00e8s lors, comment nous mettre en capacit\u00e9 de ne plus \u00eatre des chass\u00e9s mais de devenir des chasseurs\u00a0?<\/p>\n<p class=\"fig-paragraph\"><strong>Qu\u2019allez-vous dire \u00e0 vos joueurs qui vont affronter l\u2019Afrique du Sud pour la premi\u00e8re fois\u00a0?<\/strong><br \/>Et ils sont nombreux\u2026 La France n\u2019a battu les Springboks qu\u2019une fois sur les quinze derni\u00e8res ann\u00e9es (1 victoire en 9 matchs, en novembre 2022 \u00e0 Marseille, NDLR). C\u2019est le d\u00e9fi rugbystique le plus difficile du moment. Sans conteste possible, on n\u2019a jamais affront\u00e9 depuis sept ans une \u00e9quipe aussi forte.<\/p>\n<p>                                    <a class=\"fig-a11y-skip a11y-hidden\" href=\"#fig-a11y-skip-main-inarticle_mtf\"><br \/>\n        Passer la publicit\u00e9<br \/>\n    <\/a><\/p>\n<p class=\"fig-paragraph\"><strong>Que reste-t-il de\u00a0<\/strong><a href=\"http:\/\/www.lefigaro.fr\/sports\/rugby\/coupe-du-monde\/france-afrique-du-sud-les-coups-de-coeur-et-coups-de-griffe-de-nos-envoyes-speciaux-20231016\" data-fig-type=\"NewsFlash\" data-gtm-custom-categorie=\"navigation\" data-gtm-custom-action=\"crossclick\" data-gtm-custom-label=\"Contextuel\" data-gtm-event=\"customEventSPE\" data-fig-domain=\"LEFIGARO\" target=\"_blank\" rel=\"noopener\"><strong>l\u2019\u00e9limination de 2023<\/strong><\/a> <strong>\u00a0?<\/strong><br \/>Un v\u00e9cu d\u2019une richesse incroyable qui nous am\u00e8ne \u00e0 progresser. Nous sommes tourn\u00e9s vers le futur, mais le pass\u00e9 le nourrit. Il faut parfois regarder derri\u00e8re pour aller de l\u2019avant&#8230; Une exp\u00e9rience formidable, sur le fond et sur la forme, \u00e0 traverser, qui construit et fait avancer sur les deux ann\u00e9es \u00e0 venir. Il reste 20 matchs \u00e0 jouer d\u2019ici la pr\u00e9paration de la Coupe du monde en Australie.<\/p>\n<p class=\"fig-paragraph\"><strong>Pensez-vous que votre \u00e9quipe a progress\u00e9 sur jeu haut au pied depuis deux ans\u00a0?<\/strong><br \/>On verra samedi&#8230; On doit travailler vite pour mettre en place une strat\u00e9gie d\u00e9fensive mais aussi offensive. L\u2019Afrique du Sud, c\u2019est quinze chasseurs sur le terrain. Ils sont en chasse au sol et ils sont en chasse en l\u2019air. Et c\u2019est tr\u00e8s bien fait. Leur strat\u00e9gie est tr\u00e8s claire. D\u00e8s lors, comment nous mettre en capacit\u00e9 de ne plus \u00eatre des chass\u00e9s mais de devenir des chasseurs. L\u2019enjeu est l\u00e0. Est-ce qu\u2019on va y arriver\u00a0? \u00c0 l\u2019entra\u00eenement, on a progress\u00e9. Mais un match, c\u2019est autre chose\u2026<\/p>\n<p class=\"fig-paragraph\">Propos recueillis en conf\u00e9rence de presse<\/p>\n","protected":false},"excerpt":{"rendered":"Le s\u00e9lectionneur des Bleus a justifi\u00e9 ce jeudi sa composition d\u2019\u00e9quipe. Et tress\u00e9 des louanges aux Springboks. Pourquoi&hellip;\n","protected":false},"author":2,"featured_media":515793,"comment_status":"","ping_status":"","sticky":false,"template":"","format":"standard","meta":{"footnotes":""},"categories":[9],"tags":[515,1011,27,33069,15153,60],"class_list":{"0":"post-515792","1":"post","2":"type-post","3":"status-publish","4":"format-standard","5":"has-post-thumbnail","7":"category-sports","8":"tag-fabien-galthie","9":"tag-fr","10":"tag-france","11":"tag-gael-fickou","12":"tag-gregory-alldritt","13":"tag-sports"},"share_on_mastodon":{"url":"https:\/\/pubeurope.com\/@fr\/115502576119293381","error":""},"_links":{"self":[{"href":"https:\/\/www.europesays.com\/fr\/wp-json\/wp\/v2\/posts\/515792","targetHints":{"allow":["GET"]}}],"collection":[{"href":"https:\/\/www.europesays.com\/fr\/wp-json\/wp\/v2\/posts"}],"about":[{"href":"https:\/\/www.europesays.com\/fr\/wp-json\/wp\/v2\/types\/post"}],"author":[{"embeddable":true,"href":"https:\/\/www.europesays.com\/fr\/wp-json\/wp\/v2\/users\/2"}],"replies":[{"embeddable":true,"href":"https:\/\/www.europesays.com\/fr\/wp-json\/wp\/v2\/comments?post=515792"}],"version-history":[{"count":0,"href":"https:\/\/www.europesays.com\/fr\/wp-json\/wp\/v2\/posts\/515792\/revisions"}],"wp:featuredmedia":[{"embeddable":true,"href":"https:\/\/www.europesays.com\/fr\/wp-json\/wp\/v2\/media\/515793"}],"wp:attachment":[{"href":"https:\/\/www.europesays.com\/fr\/wp-json\/wp\/v2\/media?parent=515792"}],"wp:term":[{"taxonomy":"category","embeddable":true,"href":"https:\/\/www.europesays.com\/fr\/wp-json\/wp\/v2\/categories?post=515792"},{"taxonomy":"post_tag","embeddable":true,"href":"https:\/\/www.europesays.com\/fr\/wp-json\/wp\/v2\/tags?post=515792"}],"curies":[{"name":"wp","href":"https:\/\/api.w.org\/{rel}","templated":true}]}}