{"id":515806,"date":"2025-11-06T11:49:16","date_gmt":"2025-11-06T11:49:16","guid":{"rendered":"https:\/\/www.europesays.com\/fr\/515806\/"},"modified":"2025-11-06T11:49:16","modified_gmt":"2025-11-06T11:49:16","slug":"loire-le-bureau-de-police-du-chambon-feugerolles-a-rouvert-ses-portes-au-public","status":"publish","type":"post","link":"https:\/\/www.europesays.com\/fr\/515806\/","title":{"rendered":"Loire. Le bureau de police du Chambon-Feugerolles a rouvert ses portes au public"},"content":{"rendered":"<p>Vingt ans apr\u00e8s la r\u00e9organisation et le d\u00e9part des brigades de terrain \u00e0 Firminy, six ans apr\u00e8s la derni\u00e8re main courant enregistr\u00e9e, le bureau de police du Chambon-Feugerolles rouvre ses portes.<\/p>\n<p>L\u2019accueil du public est en vigueur depuis cette premi\u00e8re semaine de novembre, deux fois par semaine, les mardis et jeudis de 9 \u00e0 13 heures. Deux policiers du commissariat de l\u2019Ondaine assurent l\u2019accueil du public.<\/p>\n<p>\u00ab\u00a0Une demande l\u00e9gitime\u00a0\u00bb<\/p>\n<p>\u00ab\u00a0C\u2019\u00e9tait une demande de la Ville et de la population. Elle \u00e9tait l\u00e9gitime\u00a0\u00bb, confie Yves Cellier, directeur interd\u00e9partemental de la police nationale dans la Loire, qui voit dans cette r\u00e9ouverture l\u2019id\u00e9e de \u00ab\u00a0rendre service, en proximit\u00e9 \u00bb, aux habitants qui auraient besoin de conseils, de d\u00e9poser une main courant ou une plainte. Cette mesure est men\u00e9e \u00e0 titre exp\u00e9rimental.<\/p>\n<p>\u00ab\u00a0La pr\u00e9sence polici\u00e8re dans un local n\u2019apporte pas plus de pr\u00e9sence sur la voie publique et ce n\u2019est pas en ouvrant un local qu\u2019on produit de la s\u00e9curit\u00e9\u00a0\u00bb, tient \u00e0 pr\u00e9ciser Yves Cellier.<\/p>\n<p>Une centaine de fonctionnaires de police composent les effectifs du commissariat de l\u2019Ondaine.<\/p>\n","protected":false},"excerpt":{"rendered":"Vingt ans apr\u00e8s la r\u00e9organisation et le d\u00e9part des brigades de terrain \u00e0 Firminy, six ans apr\u00e8s la&hellip;\n","protected":false},"author":2,"featured_media":515807,"comment_status":"","ping_status":"","sticky":false,"template":"","format":"standard","meta":{"footnotes":""},"categories":[9653],"tags":[1111,11,2430,7539,1777,674,274,1011,27,12161,3367,12,25,4001,104],"class_list":{"0":"post-515806","1":"post","2":"type-post","3":"status-publish","4":"format-standard","5":"has-post-thumbnail","7":"category-saint-etienne","8":"tag-actu","9":"tag-actualites","10":"tag-auvergne-rhone-alpes","11":"tag-edition-loire-sud","12":"tag-eu","13":"tag-europe","14":"tag-faits-divers-justice","15":"tag-fr","16":"tag-france","17":"tag-le-chambon-feugerolles","18":"tag-loire","19":"tag-news","20":"tag-republique-francaise","21":"tag-saint-etienne","22":"tag-societe"},"share_on_mastodon":{"url":"https:\/\/pubeurope.com\/@fr\/115502603704442230","error":""},"_links":{"self":[{"href":"https:\/\/www.europesays.com\/fr\/wp-json\/wp\/v2\/posts\/515806","targetHints":{"allow":["GET"]}}],"collection":[{"href":"https:\/\/www.europesays.com\/fr\/wp-json\/wp\/v2\/posts"}],"about":[{"href":"https:\/\/www.europesays.com\/fr\/wp-json\/wp\/v2\/types\/post"}],"author":[{"embeddable":true,"href":"https:\/\/www.europesays.com\/fr\/wp-json\/wp\/v2\/users\/2"}],"replies":[{"embeddable":true,"href":"https:\/\/www.europesays.com\/fr\/wp-json\/wp\/v2\/comments?post=515806"}],"version-history":[{"count":0,"href":"https:\/\/www.europesays.com\/fr\/wp-json\/wp\/v2\/posts\/515806\/revisions"}],"wp:featuredmedia":[{"embeddable":true,"href":"https:\/\/www.europesays.com\/fr\/wp-json\/wp\/v2\/media\/515807"}],"wp:attachment":[{"href":"https:\/\/www.europesays.com\/fr\/wp-json\/wp\/v2\/media?parent=515806"}],"wp:term":[{"taxonomy":"category","embeddable":true,"href":"https:\/\/www.europesays.com\/fr\/wp-json\/wp\/v2\/categories?post=515806"},{"taxonomy":"post_tag","embeddable":true,"href":"https:\/\/www.europesays.com\/fr\/wp-json\/wp\/v2\/tags?post=515806"}],"curies":[{"name":"wp","href":"https:\/\/api.w.org\/{rel}","templated":true}]}}