{"id":515808,"date":"2025-11-06T11:50:15","date_gmt":"2025-11-06T11:50:15","guid":{"rendered":"https:\/\/www.europesays.com\/fr\/515808\/"},"modified":"2025-11-06T11:50:15","modified_gmt":"2025-11-06T11:50:15","slug":"compositions-chaine-tv-heure-et-cotes-27","status":"publish","type":"post","link":"https:\/\/www.europesays.com\/fr\/515808\/","title":{"rendered":"Compositions, Cha\u00eene TV, Heure et Cotes"},"content":{"rendered":"<p style=\"text-align: justify;\"><strong>LIGUE 2 2025-2026 \u2013 \u00c0 quelle heure et sur quelle cha\u00eene TV suivre le match de Ligue 2 entre Troyes et Saint-\u00c9tienne ? Retrouvez \u00e9galement les compositions des deux \u00e9quipes.<\/strong><\/p>\n<p style=\"text-align: justify;\">Match au sommet en <strong>Ligue<\/strong> <strong>2<\/strong> avec le leader qui re\u00e7oit le troisi\u00e8me. Si les <strong>Troyens<\/strong> restent sur trois matchs nuls cons\u00e9cutifs en d\u00e9placement, au <strong>Mans<\/strong>, \u00e0 <strong>Reims<\/strong> et \u00e0 <strong>Pau<\/strong>, ils sont intraitables \u00e0 domicile. La semaine pass\u00e9e, <strong>Troyes<\/strong> a largement domin\u00e9 Amiens sur le score de 3 buts \u00e0 1, dix jours apr\u00e8s un autre succ\u00e8s face \u00e0 <strong>Bastia<\/strong>.<\/p>\n<p>Quel visage pour Saint-\u00c9tienne ?<\/p>\n<p style=\"text-align: justify;\"><strong>Saint-\u00c9tienne<\/strong> semblait avoir retrouv\u00e9 ses esprits en dominant tr\u00e8s largement <strong>Pau<\/strong> fin octobre. Les <strong>Verts<\/strong>, qui se sont impos\u00e9s 6 \u00e0 0 face \u00e0 l\u2019\u00e9quipe b\u00e9arnaise, sont retomb\u00e9s dans leur travers le week-end dernier avec un revers sur la pelouse du <strong>Red<\/strong> <strong>Star<\/strong>, un autre candidat \u00e0 la mont\u00e9e. Les <strong>St\u00e9phanois<\/strong> ont perdu trois de leurs quatre derniers matchs.<\/p>\n<p style=\"text-align: justify;\">Lors de la saison 2023-2024, l\u2019<strong>ASSE<\/strong> avait remport\u00e9 les deux confrontations face \u00e0 <strong>Troyes<\/strong>. Chez les bookmakers, le club de l\u2019Aube est favori pour cette rencontre de Liugue 2.<\/p>\n<p>Ligue 2 : Le programme TV de Troyes \u2013 Saint-\u00c9tienne<br \/>\nSamedi 8 novembre 2025<\/p>\n<p style=\"text-align: justify;\"><b>Match diffus\u00e9 sur beIN SPORTS 2<\/b><b>\u00a0: <\/b>D\u00e9but du match \u00e0<strong> 20h00.<\/strong><\/p>\n<p>Les compositions de Troyes \u2013 Saint-\u00c9tienne<br \/>\nLa composition probable du Troyes<\/p>\n<p style=\"text-align: justify;\">\u00c0 venir\u2026<\/p>\n<p>La composition probable de Saint-\u00c9tienne<\/p>\n<p style=\"text-align: justify;\">\u00c0 venir\u2026<\/p>\n<p>Les cotes de Troyes \u2013 Saint-\u00c9tienne<\/p>\n<tr style=\"height: 16px;\">\n<td style=\"background-color: #404040; border-color: #ededed; width: 840px; text-align: left;\" colspan=\"3\"><strong><img loading=\"lazy\" decoding=\"async\" class=\"alignnone wp-image-512842 perfmatters-lazy\" alt=\"\" width=\"14\" height=\"13\" src=\"https:\/\/www.europesays.com\/fr\/wp-content\/uploads\/2025\/05\/Logo-Winamax.png\"  data-\/> Samedi 8 novembre, 20h00<\/strong><\/td>\n<\/tr>\n<tr style=\"height: 24px;\">\n<td style=\"background-color: #ffffff; border-color: #ededed; vertical-align: middle; text-align: center; width: 266px;\"><strong>Troyes<br \/><\/strong><a href=\"https:\/\/www.winamax.fr\/paris-sportifs\/match\/61527590?banid=33423\" class=\"su-button su-button-style-flat su-button-wide\" style=\"color:#000;background-color:#00ffcf;border-color:#00cca6;border-radius:5px\" target=\"_blank\" rel=\"noopener noreferrer\"> 2.15<\/a><\/td>\n<td style=\"background-color: #ffffff; border-color: #ededed; vertical-align: middle; text-align: center; width: 266px;\"><strong>Match nul<\/strong><br \/><a href=\"https:\/\/www.winamax.fr\/paris-sportifs\/match\/61527590?banid=33423\" class=\"su-button su-button-style-flat su-button-wide\" style=\"color:#000;background-color:#00ffcf;border-color:#00cca6;border-radius:5px\" target=\"_blank\" rel=\"noopener noreferrer\"> 3.30<\/a><\/td>\n<td style=\"background-color: #ffffff; border-color: #ededed; vertical-align: middle; text-align: center; width: 266px;\"><strong>Saint-\u00c9tienne<\/strong><br \/><a href=\"https:\/\/www.winamax.fr\/paris-sportifs\/match\/61527590?banid=33423\" class=\"su-button su-button-style-flat su-button-wide\" style=\"color:#000;background-color:#00ffcf;border-color:#00cca6;border-radius:5px\" target=\"_blank\" rel=\"noopener noreferrer\"> 3.05<\/a><\/td>\n<\/tr>\n<p style=\"text-align: justify;\">Tentez votre chance en profitant de votre <a href=\"https:\/\/www.winamax.fr\/registration\/landing\/affiliation_Bonus100?banid=33423\" target=\"_blank\" rel=\"noopener\">1er d\u00e9p\u00f4t doubl\u00e9 jusqu\u2019\u00e0 100 \u20ac<\/a> direct en paris gratuits sur Winamax !<\/p>\n","protected":false},"excerpt":{"rendered":"LIGUE 2 2025-2026 \u2013 \u00c0 quelle heure et sur quelle cha\u00eene TV suivre le match de Ligue 2&hellip;\n","protected":false},"author":2,"featured_media":515809,"comment_status":"","ping_status":"","sticky":false,"template":"","format":"standard","meta":{"footnotes":""},"categories":[9653],"tags":[1111,11,461,2430,2113,1777,674,63,1011,27,12,502,25,4001],"class_list":{"0":"post-515808","1":"post","2":"type-post","3":"status-publish","4":"format-standard","5":"has-post-thumbnail","7":"category-saint-etienne","8":"tag-actu","9":"tag-actualites","10":"tag-asse","11":"tag-auvergne-rhone-alpes","12":"tag-breve","13":"tag-eu","14":"tag-europe","15":"tag-football","16":"tag-fr","17":"tag-france","18":"tag-news","19":"tag-programme-tv","20":"tag-republique-francaise","21":"tag-saint-etienne"},"share_on_mastodon":{"url":"https:\/\/pubeurope.com\/@fr\/115502608304236226","error":""},"_links":{"self":[{"href":"https:\/\/www.europesays.com\/fr\/wp-json\/wp\/v2\/posts\/515808","targetHints":{"allow":["GET"]}}],"collection":[{"href":"https:\/\/www.europesays.com\/fr\/wp-json\/wp\/v2\/posts"}],"about":[{"href":"https:\/\/www.europesays.com\/fr\/wp-json\/wp\/v2\/types\/post"}],"author":[{"embeddable":true,"href":"https:\/\/www.europesays.com\/fr\/wp-json\/wp\/v2\/users\/2"}],"replies":[{"embeddable":true,"href":"https:\/\/www.europesays.com\/fr\/wp-json\/wp\/v2\/comments?post=515808"}],"version-history":[{"count":0,"href":"https:\/\/www.europesays.com\/fr\/wp-json\/wp\/v2\/posts\/515808\/revisions"}],"wp:featuredmedia":[{"embeddable":true,"href":"https:\/\/www.europesays.com\/fr\/wp-json\/wp\/v2\/media\/515809"}],"wp:attachment":[{"href":"https:\/\/www.europesays.com\/fr\/wp-json\/wp\/v2\/media?parent=515808"}],"wp:term":[{"taxonomy":"category","embeddable":true,"href":"https:\/\/www.europesays.com\/fr\/wp-json\/wp\/v2\/categories?post=515808"},{"taxonomy":"post_tag","embeddable":true,"href":"https:\/\/www.europesays.com\/fr\/wp-json\/wp\/v2\/tags?post=515808"}],"curies":[{"name":"wp","href":"https:\/\/api.w.org\/{rel}","templated":true}]}}