{"id":515814,"date":"2025-11-06T11:53:10","date_gmt":"2025-11-06T11:53:10","guid":{"rendered":"https:\/\/www.europesays.com\/fr\/515814\/"},"modified":"2025-11-06T11:53:10","modified_gmt":"2025-11-06T11:53:10","slug":"voici-pourquoi-il-faudra-bientot-eviter-le-secteur-du-port-de-commerce","status":"publish","type":"post","link":"https:\/\/www.europesays.com\/fr\/515814\/","title":{"rendered":"voici pourquoi il faudra bient\u00f4t \u00e9viter le secteur du port de commerce"},"content":{"rendered":"<p>            Par<br \/>\n        <strong><br \/>\n            <a href=\"https:\/\/actu.fr\/auteur\/guillemette-herve\" title=\"Consulter tous les articles de Agence de presse APEI\" target=\"_blank\" rel=\"noopener\">Agence de presse APEI<\/a><br \/>\n        <\/strong><\/p>\n<p>        Publi\u00e9 le<\/p>\n<p>            6 nov. 2025 \u00e0 12h18        <\/p>\n<p>Organis\u00e9 par la Pr\u00e9fecture du Var et la Direction interd\u00e9partementale de la Police nationale, <strong>un exercice de s\u00e9curit\u00e9 civile<\/strong> et de s\u00e9curit\u00e9 publique NOVI (\u00ab NOmbreuses VIctimes \u00bb) se d\u00e9roulera le mercredi 12 novembre 2025 \u00e0 partir de 9h30, au port de commerce de <a href=\"https:\/\/actu.fr\/provence-alpes-cote-d-azur\/toulon_83137\/var-paris-match-expose-ses-photographies-de-mode-a-toulon_63398021.html\" target=\"_blank\" rel=\"noopener\">Toulon<\/a>.<\/p>\n<p class=\" wall-content\">\u00ab\u00a0De nombreux moyens de secours et des forces de s\u00e9curit\u00e9 seront d\u00e9ploy\u00e9s sur le port de commerce ainsi qu\u2019aux abords du quai des ferries o\u00f9 <strong>un p\u00e9rim\u00e8tre de s\u00e9curit\u00e9 sera \u00e9tabli<\/strong>. Des drones seront \u00e9galement utilis\u00e9s pour la captation d\u2019images durant le temps de l\u2019exercice sur un p\u00e9rim\u00e8tre d\u00e9di\u00e9 \u00e0 la man\u0153uvre des forces de s\u00e9curit\u00e9\u00a0\u00bb, pr\u00e9sente la pr\u00e9fecture du <a href=\"https:\/\/actu.fr\/provence-alpes-cote-d-azur\/brignoles_83023\/var-soupconne-d-une-cinquantaine-de-vols-un-homme-interpelle_63392675.html\" target=\"_blank\" rel=\"noopener\">Var<\/a> dans un communiqu\u00e9.<\/p>\n<p>Les photos et les vid\u00e9os interdites<\/p>\n<p class=\" wall-content\">Plusieurs consignes sont donn\u00e9es \u00e0 la population :<\/p>\n<ul class=\" wall-content\">\n<li>\u00e9vitez le secteur du port de commerce durant toute la dur\u00e9e de l\u2019exercice pour ne pas g\u00eaner les interventions des services<\/li>\n<li>le p\u00e9rim\u00e8tre de s\u00e9curit\u00e9, de l\u2019entr\u00e9e du port de commerce au quai des ferries, sera \u00e9tabli entre 7h et 16h ; aucune personne ne pourra y p\u00e9n\u00e9trer<\/li>\n<li><strong>l\u2019activit\u00e9 portuaire<\/strong> sera maintenue en dehors de la zone d\u2019exercice<\/li>\n<li>dans le port de commerce, les poids lourds en attente d\u2019embarquement seront stationn\u00e9s sur le parking qui leur est r\u00e9serv\u00e9<\/li>\n<li>des h\u00e9licopt\u00e8res seront employ\u00e9s durant l\u2019exercice et survoleront la zone \u00e0 tr\u00e8s basse altitude<\/li>\n<li>n\u2019encombrez pas d\u2019appels t\u00e9l\u00e9phoniques les forces de l\u2019ordre et les autorit\u00e9s<\/li>\n<li>ne relayez pas sur les r\u00e9seaux sociaux <strong>des rumeurs ou de fausses informations<\/strong><\/li>\n<li>la prise de photos ou de vid\u00e9os durant l\u2019exercice est interdite<\/li>\n<\/ul>\n<p class=\" wall-content\">Personnalisez votre actualit\u00e9 en ajoutant vos villes et m\u00e9dias en favori avec <a href=\"https:\/\/moncompte.actu.fr\" title=\"D\u00e9couvez Mon Actu\" rel=\"nofollow noopener\" data-trk=\"{&quot;cta&quot;:{&quot;action&quot;:&quot;https:\\\/\\\/moncompte.actu.fr&quot;,&quot;category&quot;:&quot;mon compte&quot;,&quot;from&quot;:&quot;article footer&quot;,&quot;name&quot;:&quot;Mon actu&quot;,&quot;type&quot;:&quot;cta&quot;}}\" target=\"_blank\">Mon Actu<\/a>.<\/p>\n","protected":false},"excerpt":{"rendered":"Par Agence de presse APEI Publi\u00e9 le 6 nov. 2025 \u00e0 12h18 Organis\u00e9 par la Pr\u00e9fecture du Var&hellip;\n","protected":false},"author":2,"featured_media":515815,"comment_status":"","ping_status":"","sticky":false,"template":"","format":"standard","meta":{"footnotes":""},"categories":[9619],"tags":[1111,11,1777,674,1011,27,12,882,25,10965,104,2310],"class_list":{"0":"post-515814","1":"post","2":"type-post","3":"status-publish","4":"format-standard","5":"has-post-thumbnail","7":"category-toulon","8":"tag-actu","9":"tag-actualites","10":"tag-eu","11":"tag-europe","12":"tag-fr","13":"tag-france","14":"tag-news","15":"tag-provence-alpes-cote-dazur","16":"tag-republique-francaise","17":"tag-securite-civile","18":"tag-societe","19":"tag-toulon"},"share_on_mastodon":{"url":"https:\/\/pubeurope.com\/@fr\/115502619453895026","error":""},"_links":{"self":[{"href":"https:\/\/www.europesays.com\/fr\/wp-json\/wp\/v2\/posts\/515814","targetHints":{"allow":["GET"]}}],"collection":[{"href":"https:\/\/www.europesays.com\/fr\/wp-json\/wp\/v2\/posts"}],"about":[{"href":"https:\/\/www.europesays.com\/fr\/wp-json\/wp\/v2\/types\/post"}],"author":[{"embeddable":true,"href":"https:\/\/www.europesays.com\/fr\/wp-json\/wp\/v2\/users\/2"}],"replies":[{"embeddable":true,"href":"https:\/\/www.europesays.com\/fr\/wp-json\/wp\/v2\/comments?post=515814"}],"version-history":[{"count":0,"href":"https:\/\/www.europesays.com\/fr\/wp-json\/wp\/v2\/posts\/515814\/revisions"}],"wp:featuredmedia":[{"embeddable":true,"href":"https:\/\/www.europesays.com\/fr\/wp-json\/wp\/v2\/media\/515815"}],"wp:attachment":[{"href":"https:\/\/www.europesays.com\/fr\/wp-json\/wp\/v2\/media?parent=515814"}],"wp:term":[{"taxonomy":"category","embeddable":true,"href":"https:\/\/www.europesays.com\/fr\/wp-json\/wp\/v2\/categories?post=515814"},{"taxonomy":"post_tag","embeddable":true,"href":"https:\/\/www.europesays.com\/fr\/wp-json\/wp\/v2\/tags?post=515814"}],"curies":[{"name":"wp","href":"https:\/\/api.w.org\/{rel}","templated":true}]}}