{"id":515823,"date":"2025-11-06T11:58:25","date_gmt":"2025-11-06T11:58:25","guid":{"rendered":"https:\/\/www.europesays.com\/fr\/515823\/"},"modified":"2025-11-06T11:58:25","modified_gmt":"2025-11-06T11:58:25","slug":"une-pietonne-grievement-blessee-boulevard-ferdinand-de-lesseps","status":"publish","type":"post","link":"https:\/\/www.europesays.com\/fr\/515823\/","title":{"rendered":"une pi\u00e9tonne gri\u00e8vement bless\u00e9e boulevard Ferdinand de Lesseps"},"content":{"rendered":"<p>\t\t\t\t <img decoding=\"async\" class=\"responsive\" style=\"display:none\" src=\"https:\/\/www.europesays.com\/fr\/wp-content\/uploads\/2025\/11\/92338116-64776757.jpg\" alt=\"La jeune femme, prise en charge par les secours dans un \u00e9tat jug\u00e9 grave, a \u00e9t\u00e9 \u00e9vacu\u00e9e vers le CHU de Rouen - Illustration  Adobe Stock\" title=\"La jeune femme, prise en charge par les secours dans un \u00e9tat jug\u00e9 grave, a \u00e9t\u00e9 \u00e9vacu\u00e9e vers le CHU de Rouen - Illustration  Adobe Stock\" \/><br \/>\n<img decoding=\"async\" class=\"not-responsive\" src=\"https:\/\/www.europesays.com\/fr\/wp-content\/uploads\/2025\/11\/1762430305_803_92338116-64776757.jpg\" alt=\"La jeune femme, prise en charge par les secours dans un \u00e9tat jug\u00e9 grave, a \u00e9t\u00e9 \u00e9vacu\u00e9e vers le CHU de Rouen - Illustration  Adobe Stock\" title=\"La jeune femme, prise en charge par les secours dans un \u00e9tat jug\u00e9 grave, a \u00e9t\u00e9 \u00e9vacu\u00e9e vers le CHU de Rouen - Illustration  Adobe Stock\" width=\"793\" \/><\/p>\n<p>\n\t\t\t\t\t La jeune femme, prise en charge par les secours dans un \u00e9tat jug\u00e9 grave, a \u00e9t\u00e9 \u00e9vacu\u00e9e vers le CHU de Rouen &#8211; Illustration  Adobe Stock\n\t\t\t\t <\/p>\n<p>\t\t\t\t\t Une femme a \u00e9t\u00e9 gri\u00e8vement bless\u00e9e apr\u00e8s avoir \u00e9t\u00e9 percut\u00e9e par une voiture, ce mercredi en fin d\u2019apr\u00e8s-midi \u00e0 Rouen (Seine-Maritime). <\/p>\n<p>Les secours ont \u00e9t\u00e9 appel\u00e9s peu avant 18 heures pour se rendre sur le boulevard Ferdinand de Lesseps, o\u00f9 un v\u00e9hicule l\u00e9ger a renvers\u00e9 une pi\u00e9tonne. Apr\u00e8s sa prise en charge sur place par les sapeurs-pompiers et le SAMU, qui l&rsquo;a m\u00e9dicalis\u00e9e, la victime, \u00e2g\u00e9e de 23 ans,\u00a0 a \u00e9t\u00e9 transport\u00e9e en urgence absolue au centre hospitalier universitaire de Rouen. <\/p>\n<p>La police est intervenue pour s\u00e9curiser les lieux et r\u00e9guler la circulation le temps de l\u2019intervention.Une enqu\u00eate a \u00e9t\u00e9 ouverte par leurs services afin d&rsquo;\u00e9tablie les circonstances pr\u00e9cises de l\u2019accident.\n\t\t\t\t <\/p>\n","protected":false},"excerpt":{"rendered":"La jeune femme, prise en charge par les secours dans un \u00e9tat jug\u00e9 grave, a \u00e9t\u00e9 \u00e9vacu\u00e9e vers&hellip;\n","protected":false},"author":2,"featured_media":515824,"comment_status":"","ping_status":"","sticky":false,"template":"","format":"standard","meta":{"footnotes":""},"categories":[9587],"tags":[119,1111,11,1067,1777,674,118,1011,27,12,5161,1072,1311,25,9590,5163],"class_list":{"0":"post-515823","1":"post","2":"type-post","3":"status-publish","4":"format-standard","5":"has-post-thumbnail","7":"category-rouen","8":"tag-accident","9":"tag-actu","10":"tag-actualites","11":"tag-enquete","12":"tag-eu","13":"tag-europe","14":"tag-faits-divers","15":"tag-fr","16":"tag-france","17":"tag-news","18":"tag-normandie","19":"tag-police","20":"tag-pompiers","21":"tag-republique-francaise","22":"tag-rouen","23":"tag-seine-maritime"},"share_on_mastodon":{"url":"https:\/\/pubeurope.com\/@fr\/115502639741085418","error":""},"_links":{"self":[{"href":"https:\/\/www.europesays.com\/fr\/wp-json\/wp\/v2\/posts\/515823","targetHints":{"allow":["GET"]}}],"collection":[{"href":"https:\/\/www.europesays.com\/fr\/wp-json\/wp\/v2\/posts"}],"about":[{"href":"https:\/\/www.europesays.com\/fr\/wp-json\/wp\/v2\/types\/post"}],"author":[{"embeddable":true,"href":"https:\/\/www.europesays.com\/fr\/wp-json\/wp\/v2\/users\/2"}],"replies":[{"embeddable":true,"href":"https:\/\/www.europesays.com\/fr\/wp-json\/wp\/v2\/comments?post=515823"}],"version-history":[{"count":0,"href":"https:\/\/www.europesays.com\/fr\/wp-json\/wp\/v2\/posts\/515823\/revisions"}],"wp:featuredmedia":[{"embeddable":true,"href":"https:\/\/www.europesays.com\/fr\/wp-json\/wp\/v2\/media\/515824"}],"wp:attachment":[{"href":"https:\/\/www.europesays.com\/fr\/wp-json\/wp\/v2\/media?parent=515823"}],"wp:term":[{"taxonomy":"category","embeddable":true,"href":"https:\/\/www.europesays.com\/fr\/wp-json\/wp\/v2\/categories?post=515823"},{"taxonomy":"post_tag","embeddable":true,"href":"https:\/\/www.europesays.com\/fr\/wp-json\/wp\/v2\/tags?post=515823"}],"curies":[{"name":"wp","href":"https:\/\/api.w.org\/{rel}","templated":true}]}}