{"id":515826,"date":"2025-11-06T12:00:16","date_gmt":"2025-11-06T12:00:16","guid":{"rendered":"https:\/\/www.europesays.com\/fr\/515826\/"},"modified":"2025-11-06T12:00:16","modified_gmt":"2025-11-06T12:00:16","slug":"pro-d2-fcg-deux-equipes-en-appel-un-trouilloud-de-retour-ce-quil-faut-savoir-avant-beziers","status":"publish","type":"post","link":"https:\/\/www.europesays.com\/fr\/515826\/","title":{"rendered":"Pro D2. FCG : deux \u00e9quipes en appel, un Trouilloud de retour&#8230; Ce qu\u2019il faut savoir avant B\u00e9ziers"},"content":{"rendered":"<p>  Les enjeux\u00a0: remettre du positif dans l\u2019horizon<\/p>\n<p>Pour Grenoble comme pour B\u00e9ziers, le mois d\u2019octobre n\u2019a pas apport\u00e9 beaucoup de satisfactions. L\u2019un a perdu ses deux d\u00e9placements (\u00e0 Mont-de-Marsan, 18-32\u00a0; et \u00e0 Soyaux\/Angoul\u00eame, 38-34)\u00a0; l\u2019autre a connu trois fois la d\u00e9faite lors des trois derni\u00e8res journ\u00e9es.<\/p>\n<p><a title=\"rugby Pro D2 classement apr\u00e8s J9\" href=\"https:\/\/www.ledauphine.com\/sport\/classement\/rugby\/national-pro-d2-saison-reguliere\" target=\"_blank\" rel=\"noopener\">Cela se traduit au classement<\/a> o\u00f9 le FCG (9e, 20 points) et l\u2019ASBH (13e, 15 points) ont perdu du terrain par rapport au top 6 et \u00e0 la zone de qualification. M\u00eame si la route est encore longue jusqu\u2019\u00e0 la phase finale, les deux rivaux ont int\u00e9r\u00eat \u00e0 re-gagner du terrain rapidement.<\/p>\n<p>Et \u00e7a commence par ce match avanc\u00e9 de la 10e journ\u00e9e car la suivante leur proposera du costaud en face (Vannes pour Grenoble, Brive pour B\u00e9ziers).<\/p>\n<p><strong><a href=\"https:\/\/www.ledauphine.com\/sport\/2025\/11\/03\/pro-d2-sur-quelle-chaine-tele-regarder-fcg-beziers\" target=\"_blank\" rel=\"noopener\">&gt;&gt; Sur quelle cha\u00eene t\u00e9l\u00e9 regarder FCG &#8211; B\u00e9ziers\u00a0?<\/a><\/strong><\/p>\n<p>  Le groupe du FCG<\/p>\n<p><strong>Le XV de d\u00e9part<\/strong>\u00a0: Farnoux &#8211; H. Trouilloud, R. Fusier, Lestrade, Megdoud &#8211; (o) Cl\u00e9ment, (m) Bar. Couilloud &#8211; Thompson, Baret, A. Berruyer (cap) &#8211; Holt, Ployet &#8211; Pertaia, Soury, Gauthier.<br \/><strong>Rempla\u00e7ants\u00a0:<\/strong>\u00a0Rossi, Mistrulli, Jonker, Nansen, Guillaumond, Escande, Palmier, H\u00e9riteau. <strong>Entra\u00eeneur\u00a0:<\/strong> J.F. Dubois.<\/p>\n<p>  L\u2019adversaire\u00a0: convalescent et diminu\u00e9<\/p>\n<p>Demi-finaliste lors de la saison 2023-2024 et\u00a0septi\u00e8me\u00a0lors de la suivante, stopp\u00e9 aux portes des barrages, l\u2019AS B\u00e9ziers H\u00e9rault d\u00e9chante cette ann\u00e9e. Rory Teague, le successeur de Pierre Caillet \u00e0 la t\u00eate de l\u2019effectif professionnel, a d\u00e9j\u00e0 \u00e9t\u00e9 pri\u00e9 de laisser son tablier et le XV biterrois &#8211; qui n\u2019a plus gagn\u00e9 depuis le 3\u00a0octobre &#8211; a perdu son rugby et sa dynamique de d\u00e9but de saison (trois bonus offensifs).<\/p>\n<p>Le tout sous forme de changements r\u00e9guliers \u00e0 la t\u00eate du club. \u00ab\u00a0Nous, les joueurs, on essaye de se d\u00e9connecter un maximum de \u00e7a. M\u00eame si, il y a des choses qui gravitent autour. \u00c7a serait trop facile de dire que tout \u00e7a impacte le sportif. Les premiers responsables, c\u2019est nous, clairement\u00a0\u00bb, <a title=\"rugby Pro D2 FCG - ASBH mag adversaire\" href=\"https:\/\/www.ledauphine.com\/sport\/2025\/11\/05\/y-a-pas-a-se-poser-de-questions-il-faut-y-aller-a-fond-clement-ancely-et-beziers-dans-l-urgence-avant-d-affronter-le-fcg\" target=\"_blank\" rel=\"noopener\">nous a confi\u00e9 cette semaine Cl\u00e9ment Ancely, un des leaders de l\u2019ASBH<\/a>.<\/p>\n<p>\u00ab\u00a0Chacun se plonge \u00e0 200\u00a0% dans son r\u00f4le. Et tout le monde est sur le terrain pour inverser la tendance des r\u00e9sultats le plus rapidement possible. Le climat est ce qu\u2019il est. Il faut faire avec et il faut avancer.\u00a0\u00bb<\/p>\n<p>Ce contenu est bloqu\u00e9 car vous n&rsquo;avez pas accept\u00e9 les cookies et autres traceurs.<\/p>\n<p>En cliquant sur \u00ab J\u2019accepte \u00bb, les cookies et autres traceurs seront d\u00e9pos\u00e9s et vous pourrez visualiser les contenus  (<a href=\"\" class=\"consentModule_policy\" target=\"_blank\" title=\"Consulter la politique de protection des donn\u00e9es du fournisseur\">plus d&rsquo;informations<\/a>).<\/p>\n<p>En cliquant sur \u00ab J\u2019accepte tous les cookies \u00bb, vous autorisez des d\u00e9p\u00f4ts de cookies et autres traceurs pour le stockage de vos donn\u00e9es sur nos sites et applications \u00e0 des fins de personnalisation et de ciblage publicitaire.<\/p>\n<p class=\"consentModule_secondaryText\">Vous gardez la possibilit\u00e9 de retirer votre consentement \u00e0 tout moment en consultant notre <a href=\"https:\/\/www.ledauphine.com\/protection-des-donnees\" target=\"_blank\" title=\"Consulter notre politique de protection des donn\u00e9es\" rel=\"noopener\">politique de protection des donn\u00e9es<\/a>. <br \/>&#13;<br \/>\n            <a href=\"https:\/\/www.ledauphine.com\/sport\/2025\/11\/06\/javascript:Didomi.notice.show()\" class=\"consentModule_cmp\" target=\"_blank\" rel=\"noopener\">G\u00e9rer mes choix<\/a>&#13;\n        <\/p>\n<p>&#13;<br \/>\n                        J&rsquo;accepte&#13;<br \/>\n            J&rsquo;accepte tous les cookies&#13;\n        <\/p>\n<p>Le hic, c\u2019est que B\u00e9ziers doit composer\u00a0&#8211; comme d\u2019autres\u00a0&#8211; avec l\u2019absence de ses internationaux pendant la tourn\u00e9e d\u2019automne. Sauf que \u00e7a concerne le Portugais Samuel Marques (co-meilleur r\u00e9alisateur de Pro D2), les Belges Gillian Benoy et William Vanbost, alors que le Sud-Africain Sias Koen est suspendu (expulsion contre Colomiers). Que des cadres\u00a0!<\/p>\n<p><strong>&gt;&gt;\u00a0<\/strong><a href=\"https:\/\/www.ledauphine.com\/sport\/calendrier-resultats\/rugby\/national-pro-d2-saison-reguliere\" target=\"_blank\" rel=\"noopener\"><strong>Les r\u00e9sultats, le classement et le calendrier de Pro D2<\/strong><\/a><\/p>\n<p>  Le joueur \u00e0 suivre\u00a0: Hugo Trouilloud<\/p>\n<p><a title=\"rugby Pro D2 SAXV - FCG mag H. Trouilloud\" href=\"https:\/\/www.ledauphine.com\/sport\/2025\/10\/30\/marqueur-d-essai-polyvalent-et-cinquantenaire-comment-hugo-trouilloud-s-est-impose-au-fcg\" target=\"_blank\" rel=\"noopener\">Il devait f\u00eater son 50e match professionnel avec le FCG la semaine derni\u00e8re \u00e0 Soyaux\/Angoul\u00eame<\/a>. Un l\u00e9ger souci \u00e0 la cheville avait conduit ses entra\u00eeneurs \u00e0 le laisser sur le banc. \u00c7a sera donc pour cette semaine et ce n\u2019est peut-\u00eatre pas plus mal car l\u2019ailier de 22 ans, meilleur marqueur d\u2019essais du FCG cette saison (quatre), sera une vraie arme offensive.<\/p>\n<p>Par sa vitesse\u00a0&#8211; en d\u00e9bordement ou en profondeur, sur des passes au pied dans le dos\u00a0&#8211; il peut mettre la d\u00e9fense biterroise en d\u00e9route.<\/p>\n<p>  La d\u00e9claration<\/p>\n<p>\u00ab\u00a0B\u00e9ziers est une \u00e9quipe bless\u00e9e actuellement, dans une passe pas forc\u00e9ment positive. Il faut toujours se m\u00e9fier des \u00e9quipes qui sortent d\u2019une contre-performance \u00e0 domicile\u00a0: ensuite, elles se d\u00e9placent avec un mental d\u2019acier, pour r\u00e9cup\u00e9rer des points \u00e0 l\u2019ext\u00e9rieur. On s\u2019attend \u00e0 une grosse opposition jeudi soir. Apr\u00e8s, faut qu\u2019on se concentre vraiment sur nous\u00a0: notre projet offensif et d\u00e9fensif. Et essayer de retrouver notre confiance.\u00a0\u00bb De Lionel Ringeval, un des entra\u00eeneurs du FCG.<\/p>\n<p class=\"insetTitle\">Les confrontations directes : avantage FCG<\/p>\n<p>Grand classique de l\u2019ovalie fran\u00e7aise, depuis des d\u00e9cennies, et grand classique de la Pro D2 au XXIe\u00a0si\u00e8cle, les Grenoble &#8211; B\u00e9ziers ont eu lieu 24 fois depuis 2004 et la balance penche assez nettement en faveur des Is\u00e9rois\u00a0: quinze victoires \u00e0 neuf. <\/p>\n<p>Plus int\u00e9ressant, le FCG a gagn\u00e9 leurs trois derniers duels face \u00e0 l\u2019ASBH, dont ceux de la saison derni\u00e8re\u00a0: 25-22 en octobre\u00a02024 au stade Raoul-Barri\u00e8re et\u00a0<a title=\"rugby Pro D2 24-25 FCG vs ASBH\" href=\"https:\/\/www.ledauphine.com\/sport\/2025\/02\/28\/fcg-encore-un-succes-bonifie-mais-des-tuiles-en-cascade-face-a-beziers\" target=\"_blank\" rel=\"noopener\">45-14 le retour au Stade des Alpes (avec bonus offensif)<\/a>. Une s\u00e9rie \u00e0 prolonger, donc.<\/p>\n","protected":false},"excerpt":{"rendered":"Les enjeux\u00a0: remettre du positif dans l\u2019horizon Pour Grenoble comme pour B\u00e9ziers, le mois d\u2019octobre n\u2019a pas apport\u00e9&hellip;\n","protected":false},"author":2,"featured_media":515827,"comment_status":"","ping_status":"","sticky":false,"template":"","format":"standard","meta":{"footnotes":""},"categories":[9566],"tags":[1111,11,2430,112,113,114,1777,674,2727,1701,1011,27,2731,2732,108,1985,12,2308,25,479,517,1947],"class_list":{"0":"post-515826","1":"post","2":"type-post","3":"status-publish","4":"format-standard","5":"has-post-thumbnail","7":"category-grenoble","8":"tag-actu","9":"tag-actualites","10":"tag-auvergne-rhone-alpes","11":"tag-edition-grenoble-agglomeration","12":"tag-edition-gresivaudan-oisans","13":"tag-edition-voiron-saint-marcellin","14":"tag-eu","15":"tag-europe","16":"tag-fcg-fc-grenoble-rugby","17":"tag-fil-info-sport","18":"tag-fr","19":"tag-france","20":"tag-grenoble","21":"tag-grenoble-bassin","22":"tag-isere","23":"tag-metropole-de-grenoble","24":"tag-news","25":"tag-pro-d2","26":"tag-republique-francaise","27":"tag-rugby","28":"tag-sport","29":"tag-sport-national"},"share_on_mastodon":{"url":"https:\/\/pubeurope.com\/@fr\/115502646844568967","error":""},"_links":{"self":[{"href":"https:\/\/www.europesays.com\/fr\/wp-json\/wp\/v2\/posts\/515826","targetHints":{"allow":["GET"]}}],"collection":[{"href":"https:\/\/www.europesays.com\/fr\/wp-json\/wp\/v2\/posts"}],"about":[{"href":"https:\/\/www.europesays.com\/fr\/wp-json\/wp\/v2\/types\/post"}],"author":[{"embeddable":true,"href":"https:\/\/www.europesays.com\/fr\/wp-json\/wp\/v2\/users\/2"}],"replies":[{"embeddable":true,"href":"https:\/\/www.europesays.com\/fr\/wp-json\/wp\/v2\/comments?post=515826"}],"version-history":[{"count":0,"href":"https:\/\/www.europesays.com\/fr\/wp-json\/wp\/v2\/posts\/515826\/revisions"}],"wp:featuredmedia":[{"embeddable":true,"href":"https:\/\/www.europesays.com\/fr\/wp-json\/wp\/v2\/media\/515827"}],"wp:attachment":[{"href":"https:\/\/www.europesays.com\/fr\/wp-json\/wp\/v2\/media?parent=515826"}],"wp:term":[{"taxonomy":"category","embeddable":true,"href":"https:\/\/www.europesays.com\/fr\/wp-json\/wp\/v2\/categories?post=515826"},{"taxonomy":"post_tag","embeddable":true,"href":"https:\/\/www.europesays.com\/fr\/wp-json\/wp\/v2\/tags?post=515826"}],"curies":[{"name":"wp","href":"https:\/\/api.w.org\/{rel}","templated":true}]}}