{"id":515831,"date":"2025-11-06T12:03:14","date_gmt":"2025-11-06T12:03:14","guid":{"rendered":"https:\/\/www.europesays.com\/fr\/515831\/"},"modified":"2025-11-06T12:03:14","modified_gmt":"2025-11-06T12:03:14","slug":"strasbourg-cest-officiel-la-librairie-kleber-va-demenager-dans-les-murs-de-lancienne-enseigne-boulanger","status":"publish","type":"post","link":"https:\/\/www.europesays.com\/fr\/515831\/","title":{"rendered":"Strasbourg. C&rsquo;est officiel, la librairie Kl\u00e9ber va d\u00e9m\u00e9nager dans les murs de l&rsquo;ancienne enseigne Boulanger"},"content":{"rendered":"<p>C&rsquo;est d\u00e9sormais officiel \u00a0: l&#8217;embl\u00e9matique librairie Kl\u00e9ber, poumon culturel de la place centrale de Strasbourg, d\u00e9m\u00e9nagera dans les murs de l&rsquo;ancien Boulanger, rue du 22-Novembre, le temps du chantier de r\u00e9novation de son b\u00e2timent historique. Un saut de puce qui devrait permettre \u00e0 la client\u00e8le de ne pas \u00eatre trop perturb\u00e9e par les travaux, pr\u00e9vus pour durer une dizaine de mois.<\/p>\n<p>La librairie, qui fermera ses portes au soir du 31 d\u00e9cembre, rapatriera ses livres et ses animations au 30, rue du 22-Novembre d\u00e8s le 15 janvier 2026, ont indiqu\u00e9 la ville et la directrice de l&rsquo;enseigne Mathilde Guiraud, ce jeudi matin 6 novembre lors d&rsquo;une conf\u00e9rence de presse organis\u00e9e dans la salle pic-pic (anciennement salle blanche) de la librairie.<\/p>\n<p>  Cinq options envisag\u00e9es<\/p>\n<p>Le choix des anciens locaux de Boulanger semble obtenir l&rsquo;aval d&rsquo;une majorit\u00e9 de Strasbourgeois. <a href=\"https:\/\/www.dna.fr\/economie\/2025\/11\/05\/ex-printemps-abry-arnold-ancien-boulanger-ou-accueillir-la-librairie-kleber-pendant-les-travaux\" target=\"_blank\" rel=\"noopener\">Dans notre sondage DNA lanc\u00e9 le 5 novembre<\/a>, 41% des votants ont choisi ce site, devant les locaux de l&rsquo;ancien Printemps (22%). On notera que\u00a0<a href=\"https:\/\/www.dna.fr\/culture-loisirs\/2025\/11\/03\/top-5-des-locaux-en-lice-pour-accueillir-la-librairie-kleber-pendant-les-travaux\" target=\"_blank\" rel=\"noopener\">cinq options \u00e9taient envisag\u00e9es dans ce dossier<\/a> : la cellule de l&rsquo;ancien Boulanger, l&rsquo;ancien Printemps, le magasin Habitat place Kl\u00e9ber, l&rsquo;ancien Abry-Arnold rue de la Division-Leclerc et l&rsquo;ex cellule Burton rue des Francs-Bourgeois.<\/p>\n<p class=\"note\">Plus d&rsquo;informations \u00e0 venir dans nos \u00e9ditions.<\/p>\n","protected":false},"excerpt":{"rendered":"C&rsquo;est d\u00e9sormais officiel \u00a0: l&#8217;embl\u00e9matique librairie Kl\u00e9ber, poumon culturel de la place centrale de Strasbourg, d\u00e9m\u00e9nagera dans les&hellip;\n","protected":false},"author":2,"featured_media":515832,"comment_status":"","ping_status":"","sticky":false,"template":"","format":"standard","meta":{"footnotes":""},"categories":[2820],"tags":[1111,11,4406,130,1687,2880,1777,674,107,1011,27,775,12,25,640,2879],"class_list":{"0":"post-515831","1":"post","2":"type-post","3":"status-publish","4":"format-standard","5":"has-post-thumbnail","7":"category-strasbourg","8":"tag-actu","9":"tag-actualites","10":"tag-commerce-et-services","11":"tag-consommation","12":"tag-culture-loisirs","13":"tag-edition-strasbourg","14":"tag-eu","15":"tag-europe","16":"tag-fil-info","17":"tag-fr","18":"tag-france","19":"tag-grand-est","20":"tag-news","21":"tag-republique-francaise","22":"tag-strasbourg","23":"tag-strasbourg-ville"},"share_on_mastodon":{"url":"https:\/\/pubeurope.com\/@fr\/115502658765235336","error":""},"_links":{"self":[{"href":"https:\/\/www.europesays.com\/fr\/wp-json\/wp\/v2\/posts\/515831","targetHints":{"allow":["GET"]}}],"collection":[{"href":"https:\/\/www.europesays.com\/fr\/wp-json\/wp\/v2\/posts"}],"about":[{"href":"https:\/\/www.europesays.com\/fr\/wp-json\/wp\/v2\/types\/post"}],"author":[{"embeddable":true,"href":"https:\/\/www.europesays.com\/fr\/wp-json\/wp\/v2\/users\/2"}],"replies":[{"embeddable":true,"href":"https:\/\/www.europesays.com\/fr\/wp-json\/wp\/v2\/comments?post=515831"}],"version-history":[{"count":0,"href":"https:\/\/www.europesays.com\/fr\/wp-json\/wp\/v2\/posts\/515831\/revisions"}],"wp:featuredmedia":[{"embeddable":true,"href":"https:\/\/www.europesays.com\/fr\/wp-json\/wp\/v2\/media\/515832"}],"wp:attachment":[{"href":"https:\/\/www.europesays.com\/fr\/wp-json\/wp\/v2\/media?parent=515831"}],"wp:term":[{"taxonomy":"category","embeddable":true,"href":"https:\/\/www.europesays.com\/fr\/wp-json\/wp\/v2\/categories?post=515831"},{"taxonomy":"post_tag","embeddable":true,"href":"https:\/\/www.europesays.com\/fr\/wp-json\/wp\/v2\/tags?post=515831"}],"curies":[{"name":"wp","href":"https:\/\/api.w.org\/{rel}","templated":true}]}}