{"id":515833,"date":"2025-11-06T12:04:11","date_gmt":"2025-11-06T12:04:11","guid":{"rendered":"https:\/\/www.europesays.com\/fr\/515833\/"},"modified":"2025-11-06T12:04:11","modified_gmt":"2025-11-06T12:04:11","slug":"ligue-conference-kevin-gameiro-attend-un-racing-club-de-strasbourg-plus-tueur-en-suede","status":"publish","type":"post","link":"https:\/\/www.europesays.com\/fr\/515833\/","title":{"rendered":"Ligue Conf\u00e9rence. K\u00e9vin Gameiro attend un Racing Club de Strasbourg \u00ab\u00a0plus tueur\u00a0\u00bb en Su\u00e8de"},"content":{"rendered":"<p>\u00ab\u200aIl va falloir se remettre en confiance, \u00e7a ne va pas \u00eatre facile, en plus \u00e0 l\u2019ext\u00e9rieur. On a vu que les deux premiers matches en <a href=\"https:\/\/www.dna.fr\/sport\/ligue-conference\" target=\"_blank\" rel=\"noopener\">coupe d\u2019Europe<\/a> n\u2019ont pas \u00e9t\u00e9 faciles. L\u00e0, ils devront bien g\u00e9rer leur d\u00e9placement. \u00c0 eux d\u2019aborder cette rencontre avec le plus de s\u00e9rieux possible.<br \/>Il y a toujours des petits passages plus difficiles dans une saison, il faut juste rebondir au bon moment. <a href=\"https:\/\/www.dna.fr\/sport\/2025\/11\/02\/cauchemar-au-roazhon-park\" target=\"_blank\" rel=\"noopener\">Dimanche\u00a0(\u00e0 Rennes, 1-4)<\/a>, personne ne s\u2019attendait \u00e0 ce score, avec en plus l\u2019entra\u00eeneur\u00a0adverse qui \u00e9tait un peu fragilis\u00e9. Mais le foot, c\u2019est comme \u00e7a, ce n\u2019est jamais \u00e9crit d\u2019avance, il faut toujours rester concentr\u00e9 et jouer le match \u00e0 100\u00a0%. Apr\u00e8s, quand tu joues tous les trois jours, tu n\u2019as pas le temps de cogiter. Tu peux te remettre dans le bain tout de suite et \u00e7a peut \u00eatre une chance pour eux.<br \/><a href=\"https:\/\/www.dna.fr\/sport\/2025\/10\/23\/suivez-en-direct-la-rencontre-entre-le-racing-et-jagielliona-bialystok-coup-d-envoi-a-18h45\" target=\"_blank\" rel=\"noopener\">Contre Bialystok<\/a>, c\u2019est dommage parce qu\u2019ils auraient pu gagner ce match. Ils ont domin\u00e9 la premi\u00e8re mi-temps, mais ils n\u2019ont pas \u00e9t\u00e9 d\u00e9cisifs dans les trente derniers m\u00e8tres. Il faut \u00eatre plus \u201ctueur\u201d parce qu\u2019en coupe d\u2019Europe, les petites \u00e9quipes jouent tous leurs matches \u00e0 fond. Il faut toujours \u00eatre au taquet et ce devra \u00eatre le cas demain (jeudi) chez les Su\u00e9dois.\u200a\u00bb<\/p>\n","protected":false},"excerpt":{"rendered":"\u00ab\u200aIl va falloir se remettre en confiance, \u00e7a ne va pas \u00eatre facile, en plus \u00e0 l\u2019ext\u00e9rieur. On&hellip;\n","protected":false},"author":2,"featured_media":515834,"comment_status":"","ping_status":"","sticky":false,"template":"","format":"standard","meta":{"footnotes":""},"categories":[2820],"tags":[1111,11,2649,1777,674,107,1701,63,1011,27,775,12,41281,25,517,640],"class_list":{"0":"post-515833","1":"post","2":"type-post","3":"status-publish","4":"format-standard","5":"has-post-thumbnail","7":"category-strasbourg","8":"tag-actu","9":"tag-actualites","10":"tag-bas-rhin","11":"tag-eu","12":"tag-europe","13":"tag-fil-info","14":"tag-fil-info-sport","15":"tag-football","16":"tag-fr","17":"tag-france","18":"tag-grand-est","19":"tag-news","20":"tag-racing-club-strasbourg-masculin","21":"tag-republique-francaise","22":"tag-sport","23":"tag-strasbourg"},"share_on_mastodon":{"url":"https:\/\/pubeurope.com\/@fr\/115502662560082186","error":""},"_links":{"self":[{"href":"https:\/\/www.europesays.com\/fr\/wp-json\/wp\/v2\/posts\/515833","targetHints":{"allow":["GET"]}}],"collection":[{"href":"https:\/\/www.europesays.com\/fr\/wp-json\/wp\/v2\/posts"}],"about":[{"href":"https:\/\/www.europesays.com\/fr\/wp-json\/wp\/v2\/types\/post"}],"author":[{"embeddable":true,"href":"https:\/\/www.europesays.com\/fr\/wp-json\/wp\/v2\/users\/2"}],"replies":[{"embeddable":true,"href":"https:\/\/www.europesays.com\/fr\/wp-json\/wp\/v2\/comments?post=515833"}],"version-history":[{"count":0,"href":"https:\/\/www.europesays.com\/fr\/wp-json\/wp\/v2\/posts\/515833\/revisions"}],"wp:featuredmedia":[{"embeddable":true,"href":"https:\/\/www.europesays.com\/fr\/wp-json\/wp\/v2\/media\/515834"}],"wp:attachment":[{"href":"https:\/\/www.europesays.com\/fr\/wp-json\/wp\/v2\/media?parent=515833"}],"wp:term":[{"taxonomy":"category","embeddable":true,"href":"https:\/\/www.europesays.com\/fr\/wp-json\/wp\/v2\/categories?post=515833"},{"taxonomy":"post_tag","embeddable":true,"href":"https:\/\/www.europesays.com\/fr\/wp-json\/wp\/v2\/tags?post=515833"}],"curies":[{"name":"wp","href":"https:\/\/api.w.org\/{rel}","templated":true}]}}