{"id":515839,"date":"2025-11-06T12:07:10","date_gmt":"2025-11-06T12:07:10","guid":{"rendered":"https:\/\/www.europesays.com\/fr\/515839\/"},"modified":"2025-11-06T12:07:10","modified_gmt":"2025-11-06T12:07:10","slug":"850-litres-de-soupe-sont-a-vendre-pour-aider-les-victimes-de-la-guerre-en-ukraine","status":"publish","type":"post","link":"https:\/\/www.europesays.com\/fr\/515839\/","title":{"rendered":"850 litres de soupe sont \u00e0 vendre pour aider les victimes de la guerre en Ukraine"},"content":{"rendered":"<p>            Par<br \/>\n        <strong><br \/>\n            <a href=\"https:\/\/actu.fr\/auteur\/laure-gentil\" title=\"Consulter tous les articles de Laure Gentil\" target=\"_blank\" rel=\"noopener\">Laure Gentil<\/a><br \/>\n        <\/strong><\/p>\n<p>        Publi\u00e9 le<\/p>\n<p>            6 nov. 2025 \u00e0 12h11        <\/p>\n<p>Le <b>Rotary Club de Nantes <\/b>avait organis\u00e9<a href=\"https:\/\/actu.fr\/pays-de-la-loire\/nantes_44109\/a-nantes-cette-asso-vend-des-soupes-de-chefs-pour-aider-les-victimes-de-la-guerre-en-ukraine_61924894.html#:~:text=Les%20restaurateurs%20ont%20%C3%A9labor%C3%A9%20des,de%20la%20guerre%20en%20Ukraine.\" target=\"_blank\" rel=\"noopener\"> en 2024 \u00ab\u2009Le Potage des Chefs\u2009\u00bb, <\/a>une vente de soupes pour financer l\u2019achat de proth\u00e8ses pour les victimes civiles de la guerre en Ukraine. L\u2019op\u00e9ration solidaire avait eu du succ\u00e8s\u2009: <b>635 litres de soupe avaient \u00e9t\u00e9 produits et vendus. <\/b>Le Rotary Club a donc pris la d\u00e9cision de reconduire, pour une deuxi\u00e8me \u00e9dition, \u00ab\u2009Le Potage des Chefs\u2009\u00bb. Trois rendez-vous sont donn\u00e9s.<\/p>\n<p>Collecter 50\u2009000\u00a0euros<\/p>\n<p class=\" wall-content\">Cette ann\u00e9e, l\u2019association s\u2019est associ\u00e9e \u00e0 <b>25 chefs cuisiniers de l\u2019agglom\u00e9ration nantaise<\/b> pour produire<b> 850 litres de soupe<\/b> \u00e0 partir de produits de saison. \u00ab\u2009Deux s\u00e9ries ont \u00e9t\u00e9 r\u00e9alis\u00e9es\u2009: des potages d\u2019\u00e9t\u00e9 et des potages d\u2019hiver\u2009\u00bb, indique le Rotary dans son communiqu\u00e9. Le but est de r\u00e9colter 50\u2009000\u00a0euros, toujours pour \u00ab\u2009financer l\u2019achat de proth\u00e8ses pour les mutil\u00e9s civils Ukrainiens.\u2009\u00bb<\/p>\n<blockquote class=\"ac-article-quote wall-content\">\n<p>L\u2019an dernier, l\u2019\u00e9lan de g\u00e9n\u00e9rosit\u00e9 des Nantais nous a profond\u00e9ment touch\u00e9s. Cette ann\u00e9e, on esp\u00e8re faire encore mieux, toujours dans le m\u00eame esprit de partage et de convivialit\u00e9.<\/p>\n<p>Mina Beugnet-Panas, Pr\u00e9sidente du Rotary Club de Nantes<\/p><\/blockquote>\n<p class=\" wall-content\">Trois rendez-vous sont propos\u00e9s, au March\u00e9 de Talensac, pour acheter des soupes\u2009:<\/p>\n<ul class=\" wall-content\">\n<li><b>Dimanche 23\u00a0novembre<\/b>, de 8h \u00e0 13h.<\/li>\n<li><b>Samedi 6\u00a0d\u00e9cembre<\/b>, de 8h \u00e0 13h.<\/li>\n<li><b>Dimanche 7\u00a0d\u00e9cembre,<\/b> de 8h \u00e0 13h.<\/li>\n<\/ul>\n<p>March\u00e9 de Talensac. 23\u00a0novembre, 6 et 7\u00a0d\u00e9cembre 2025<\/p>\n<p class=\" wall-content\">Personnalisez votre actualit\u00e9 en ajoutant vos villes et m\u00e9dias en favori avec <a href=\"https:\/\/moncompte.actu.fr\" title=\"D\u00e9couvez Mon Actu\" rel=\"nofollow noopener\" data-trk=\"{&quot;cta&quot;:{&quot;action&quot;:&quot;https:\\\/\\\/moncompte.actu.fr&quot;,&quot;category&quot;:&quot;mon compte&quot;,&quot;from&quot;:&quot;article footer&quot;,&quot;name&quot;:&quot;Mon actu&quot;,&quot;type&quot;:&quot;cta&quot;}}\" target=\"_blank\">Mon Actu<\/a>.<\/p>\n","protected":false},"excerpt":{"rendered":"Par Laure Gentil Publi\u00e9 le 6 nov. 2025 \u00e0 12h11 Le Rotary Club de Nantes avait organis\u00e9 en&hellip;\n","protected":false},"author":2,"featured_media":515840,"comment_status":"","ping_status":"","sticky":false,"template":"","format":"standard","meta":{"footnotes":""},"categories":[2818],"tags":[1111,11,1777,674,1011,27,131,766,12,2636,25,104,3400],"class_list":{"0":"post-515839","1":"post","2":"type-post","3":"status-publish","4":"format-standard","5":"has-post-thumbnail","7":"category-nantes","8":"tag-actu","9":"tag-actualites","10":"tag-eu","11":"tag-europe","12":"tag-fr","13":"tag-france","14":"tag-guerre-en-ukraine","15":"tag-nantes","16":"tag-news","17":"tag-pays-de-la-loire","18":"tag-republique-francaise","19":"tag-societe","20":"tag-solidarite"},"share_on_mastodon":{"url":"https:\/\/pubeurope.com\/@fr\/115502674393776611","error":""},"_links":{"self":[{"href":"https:\/\/www.europesays.com\/fr\/wp-json\/wp\/v2\/posts\/515839","targetHints":{"allow":["GET"]}}],"collection":[{"href":"https:\/\/www.europesays.com\/fr\/wp-json\/wp\/v2\/posts"}],"about":[{"href":"https:\/\/www.europesays.com\/fr\/wp-json\/wp\/v2\/types\/post"}],"author":[{"embeddable":true,"href":"https:\/\/www.europesays.com\/fr\/wp-json\/wp\/v2\/users\/2"}],"replies":[{"embeddable":true,"href":"https:\/\/www.europesays.com\/fr\/wp-json\/wp\/v2\/comments?post=515839"}],"version-history":[{"count":0,"href":"https:\/\/www.europesays.com\/fr\/wp-json\/wp\/v2\/posts\/515839\/revisions"}],"wp:featuredmedia":[{"embeddable":true,"href":"https:\/\/www.europesays.com\/fr\/wp-json\/wp\/v2\/media\/515840"}],"wp:attachment":[{"href":"https:\/\/www.europesays.com\/fr\/wp-json\/wp\/v2\/media?parent=515839"}],"wp:term":[{"taxonomy":"category","embeddable":true,"href":"https:\/\/www.europesays.com\/fr\/wp-json\/wp\/v2\/categories?post=515839"},{"taxonomy":"post_tag","embeddable":true,"href":"https:\/\/www.europesays.com\/fr\/wp-json\/wp\/v2\/tags?post=515839"}],"curies":[{"name":"wp","href":"https:\/\/api.w.org\/{rel}","templated":true}]}}