{"id":515841,"date":"2025-11-06T12:08:17","date_gmt":"2025-11-06T12:08:17","guid":{"rendered":"https:\/\/www.europesays.com\/fr\/515841\/"},"modified":"2025-11-06T12:08:17","modified_gmt":"2025-11-06T12:08:17","slug":"voiture-folle-sur-le-parcours-du-trail-urbain-a-nantes-lorganisateur-porte-plainte-a-son","status":"publish","type":"post","link":"https:\/\/www.europesays.com\/fr\/515841\/","title":{"rendered":"Voiture folle sur le parcours du trail urbain \u00e0 Nantes\u00a0: l\u2019organisateur porte plainte \u00e0 son"},"content":{"rendered":"<p>Deux coureurs qui avaient eu la malchance de croiser la route de la voiture folle avaient d\u00e9j\u00e0 franchi la porte d\u2019un commissariat de police. Une troisi\u00e8me plainte est venue s\u2019ajouter, celle de l\u2019organisateur du trail urbain de Chantenay, \u00e0 Nantes.<\/p>\n<blockquote class=\"twitter-tweet\" data-media-max-width=\"560\" wp_automatic_readability=\"10.357541899441\">\n<p lang=\"fr\" dir=\"ltr\">?? Une voiture fonce dans la foule \u00e0 <a href=\"https:\/\/twitter.com\/hashtag\/Nantes?src=hash&amp;ref_src=twsrc%5Etfw\" target=\"_blank\" rel=\"noopener\">#Nantes<\/a>. <\/p>\n<p>Poursuivi par la police pour un refus d\u2019obtemp\u00e9rer, un v\u00e9hicule a fonc\u00e9 sur les coureurs du trail urbain de Chantenay ce dimanche matin. Le conducteur, qui a \u00e9chapp\u00e9 aux forces de l\u2019ordre, a fait un bless\u00e9 l\u00e9ger selon Ouest-France. <a href=\"https:\/\/t.co\/URRpWun9ge\">pic.twitter.com\/URRpWun9ge<\/a><\/p>\n<p>\u2014 AB NANTES (@ABNantes) <a href=\"https:\/\/twitter.com\/ABNantes\/status\/1982501637911724076?ref_src=twsrc%5Etfw\" target=\"_blank\" rel=\"noopener\">October 26, 2025<\/a><\/p><\/blockquote>\n<p>Automobiliste insaisissable<\/p>\n<p>Le 26\u00a0octobre dernier, <a href=\"https:\/\/nantes.maville.com\/sport\/detail_-une-voiture-s-engouffre-sur-le-parcours-du-trail-urbain-a-nantes-un-drame-evite-de-peu-_8-7037615_actu.Htm?utm_source=troove&amp;utm_medium=site\" target=\"_self\" rel=\"noopener\">un automobiliste s\u2019\u00e9tait engouffr\u00e9 sur le parcours<\/a> apr\u00e8s avoir refus\u00e9 un contr\u00f4le de police. Dans sa folle \u00e9chapp\u00e9e, le conducteur avait sem\u00e9 la panique boulevard de la Libert\u00e9. En \u00e9vitant le Renault Scenic de couleur bleu, un participant est tomb\u00e9 et a \u00e9t\u00e9 bless\u00e9.<\/p>\n<p>Le chauffard reste depuis pr\u00e8s de quinze jours introuvable. La police poursuit ses recherches pour le localiser.<\/p>\n<p>\u00a0<\/p>\n<p>\t\t<script async src=\"https:\/\/platform.twitter.com\/widgets.js\" charset=\"utf-8\"><\/script><\/p>\n","protected":false},"excerpt":{"rendered":"Deux coureurs qui avaient eu la malchance de croiser la route de la voiture folle avaient d\u00e9j\u00e0 franchi&hellip;\n","protected":false},"author":2,"featured_media":515842,"comment_status":"","ping_status":"","sticky":false,"template":"","format":"standard","meta":{"footnotes":""},"categories":[2818],"tags":[1111,11,1438,3809,1465,1777,674,63,1011,27,1792,1922,766,12,2636,25,479,517,1470],"class_list":{"0":"post-515841","1":"post","2":"type-post","3":"status-publish","4":"format-standard","5":"has-post-thumbnail","7":"category-nantes","8":"tag-actu","9":"tag-actualites","10":"tag-angers","11":"tag-ball","12":"tag-basket","13":"tag-eu","14":"tag-europe","15":"tag-football","16":"tag-fr","17":"tag-france","18":"tag-handball","19":"tag-info","20":"tag-nantes","21":"tag-news","22":"tag-pays-de-la-loire","23":"tag-republique-francaise","24":"tag-rugby","25":"tag-sport","26":"tag-volley"},"share_on_mastodon":{"url":"https:\/\/pubeurope.com\/@fr\/115502678320187759","error":""},"_links":{"self":[{"href":"https:\/\/www.europesays.com\/fr\/wp-json\/wp\/v2\/posts\/515841","targetHints":{"allow":["GET"]}}],"collection":[{"href":"https:\/\/www.europesays.com\/fr\/wp-json\/wp\/v2\/posts"}],"about":[{"href":"https:\/\/www.europesays.com\/fr\/wp-json\/wp\/v2\/types\/post"}],"author":[{"embeddable":true,"href":"https:\/\/www.europesays.com\/fr\/wp-json\/wp\/v2\/users\/2"}],"replies":[{"embeddable":true,"href":"https:\/\/www.europesays.com\/fr\/wp-json\/wp\/v2\/comments?post=515841"}],"version-history":[{"count":0,"href":"https:\/\/www.europesays.com\/fr\/wp-json\/wp\/v2\/posts\/515841\/revisions"}],"wp:featuredmedia":[{"embeddable":true,"href":"https:\/\/www.europesays.com\/fr\/wp-json\/wp\/v2\/media\/515842"}],"wp:attachment":[{"href":"https:\/\/www.europesays.com\/fr\/wp-json\/wp\/v2\/media?parent=515841"}],"wp:term":[{"taxonomy":"category","embeddable":true,"href":"https:\/\/www.europesays.com\/fr\/wp-json\/wp\/v2\/categories?post=515841"},{"taxonomy":"post_tag","embeddable":true,"href":"https:\/\/www.europesays.com\/fr\/wp-json\/wp\/v2\/tags?post=515841"}],"curies":[{"name":"wp","href":"https:\/\/api.w.org\/{rel}","templated":true}]}}