{"id":515846,"date":"2025-11-06T12:11:09","date_gmt":"2025-11-06T12:11:09","guid":{"rendered":"https:\/\/www.europesays.com\/fr\/515846\/"},"modified":"2025-11-06T12:11:09","modified_gmt":"2025-11-06T12:11:09","slug":"il-a-ete-entendu-dans-toute-lagglomeration","status":"publish","type":"post","link":"https:\/\/www.europesays.com\/fr\/515846\/","title":{"rendered":"il a \u00e9t\u00e9 entendu dans toute l&rsquo;agglom\u00e9ration"},"content":{"rendered":"<p>            Par<br \/>\n        <strong><br \/>\n            <a href=\"https:\/\/actu.fr\/auteur\/david-saint-sernin\" title=\"Consulter tous les articles de David Saint-Sernin\" rel=\"nofollow noopener\" target=\"_blank\">David Saint-Sernin<\/a><br \/>\n        <\/strong><\/p>\n<p>        Publi\u00e9 le<\/p>\n<p>            6 nov. 2025 \u00e0 13h08        <\/p>\n<p>L\u2019impact de foudre a fait vibrer les vitres, le flash lumineux de l\u2019\u00e9clair a \u00e9clair\u00e9 le ciel pendant une seconde avec, le bruit a fait sursauter les habitants de toute l\u2019agglom\u00e9ration de Toulouse.<\/p>\n<p class=\" wall-content\">Jeudi 6 novembre 2025, vers 11h20, <strong>la commune de Balma<\/strong> a \u00e9t\u00e9 frapp\u00e9e par <strong>un \u00e9norme impact de foudre<\/strong>. Selon le site de M\u00e9t\u00e9o France, l\u2019impact est tomb\u00e9, au sud-est de Toulouse, du c\u00f4t\u00e9 de Quint-Fonsegrives. Il a \u00e9t\u00e9 fortement \u00e0 l\u2019est de l\u2019agglom\u00e9ration, mais a \u00e9t\u00e9 ressenti sur tout le territoire de l\u2019agglom\u00e9ration, et m\u00eame au-del\u00e0.<\/p>\n<p>L\u2019un des \u00e9clairs les plus puissants de France<\/p>\n<p class=\" wall-content\">Sur X, l\u2019Observatoire national des orages et tornade en a dit plus sur cet impact de foudre explosif\u2009:<\/p>\n<p class=\" wall-content\">\u00ab\u2009Un impact de foudre explosif a frapp\u00e9 le sud-est de Toulouse (Balma) \u00e0 11h21. Avec une intensit\u00e9 de 158\u00a0kA, il entre dans les 0,3\u2009% d\u2019\u00e9clairs les +\u00a0puissants de 2025 en France\u2009\u00bb.<\/p>\n<p class=\" wall-content\">\n<p>Les t\u00e9moignages affluent<\/p>\n<p class=\" wall-content\">Toute la fin de matin\u00e9e, les t\u00e9moignages ont afflu\u00e9. Des milliers de Toulousains ont ressenti ces vibrations et ont comment\u00e9 sur les r\u00e9seaux sociaux comme Clotilde\u2009:<\/p>\n<p class=\" wall-content\">\u00ab\u2009Qui a entendu le gros coup de tonnerre\u2009? \u00c7a a dur\u00e9 au moins une minute. J\u2019ai cru \u00e0 un AZF bis tellement c\u2019\u00e9tait \u00e9norme. Je l\u2019ai entendu \u00e0 Portet et mon conjoint a l\u2019Union au m\u00eame moment\u2009\u00bb,.<\/p>\n<p>Vid\u00e9os : en ce moment sur Actu<\/p>\n<p class=\" wall-content\">\u00abMoi aussi \u00e0 St Aubin, c\u2019\u00e9tait impressionnant\u2009\u00bb, souligne Cynthia.<\/p>\n<p class=\" wall-content\">\u00ab\u2009J\u2019ai eu tr\u00e8s peur car l\u2019appartement vibrait\u2009\u00bb, t\u00e9moigne R\u00e9gine. \u00ab\u2009Vers Balma, j\u2019ai cru \u00e0 un tremblement de terre\u2009\u00bb, \u00e9crit Charlotte.<\/p>\n<p>Votre r\u00e9gion, votre actu !<\/p>\n<p>Recevez chaque jour les infos qui comptent pour vous.<\/p>\n<p>\t<a href=\"https:\/\/actu.fr\/newsletter\" class=\"ac-btn ac-btn--corner ac-btn--medium ac-btn--blue800\" rel=\"nofollow noopener\" target=\"_blank\">S&rsquo;incrire<\/a><\/p>\n<p class=\" wall-content\">\u00ab\u2009Moi \u00e0 Balma pourtant j\u2019\u00e9tais dehors 5\u00a0minutes plus t\u00f4t et il ne faisait pas orage et d\u2019un coup, une fois dans la clinique j\u2019ai effectivement assimil\u00e9 \u00e7a \u00e0 l\u2019orage mais comment est-ce possible que \u00e7a arrive ainsi\u2009?\u2009\u00bb, se demande Marie.<\/p>\n<p class=\" wall-content\">\u00ab\u2009Moi je suis \u00e0 C\u00f4te Pav\u00e9e\u2009: un gros flash et \u00e9norme un boum, j\u2019ai cru \u00e0 un avion explosion\u2026 Quel choc\u2009\u00bb, exprime Danielle.<\/p>\n<p>Un coup de foudre isol\u00e9<\/p>\n<p class=\" wall-content\">Ce coup de foudre matinal a d\u2019autant plus \u00e9tonn\u00e9 qu\u2019il n\u2019a \u00e9t\u00e9 pr\u00e9c\u00e9d\u00e9 par aucun coup de tonnerre.<\/p>\n<p class=\" wall-content\">Personnalisez votre actualit\u00e9 en ajoutant vos villes et m\u00e9dias en favori avec <a href=\"https:\/\/moncompte.actu.fr\" title=\"D\u00e9couvez Mon Actu\" rel=\"nofollow noopener\" data-trk=\"{&quot;cta&quot;:{&quot;action&quot;:&quot;https:\\\/\\\/moncompte.actu.fr&quot;,&quot;category&quot;:&quot;mon compte&quot;,&quot;from&quot;:&quot;article footer&quot;,&quot;name&quot;:&quot;Mon actu&quot;,&quot;type&quot;:&quot;cta&quot;}}\" target=\"_blank\">Mon Actu<\/a>.<\/p>\n","protected":false},"excerpt":{"rendered":"Par David Saint-Sernin Publi\u00e9 le 6 nov. 2025 \u00e0 13h08 L\u2019impact de foudre a fait vibrer les vitres,&hellip;\n","protected":false},"author":2,"featured_media":515847,"comment_status":"","ping_status":"","sticky":false,"template":"","format":"standard","meta":{"footnotes":""},"categories":[2816],"tags":[1111,11,1777,674,1011,27,2487,12,2680,25,2312],"class_list":{"0":"post-515846","1":"post","2":"type-post","3":"status-publish","4":"format-standard","5":"has-post-thumbnail","7":"category-toulouse","8":"tag-actu","9":"tag-actualites","10":"tag-eu","11":"tag-europe","12":"tag-fr","13":"tag-france","14":"tag-meteo","15":"tag-news","16":"tag-occitanie","17":"tag-republique-francaise","18":"tag-toulouse"},"share_on_mastodon":{"url":"https:\/\/pubeurope.com\/@fr\/115502690135332632","error":""},"_links":{"self":[{"href":"https:\/\/www.europesays.com\/fr\/wp-json\/wp\/v2\/posts\/515846","targetHints":{"allow":["GET"]}}],"collection":[{"href":"https:\/\/www.europesays.com\/fr\/wp-json\/wp\/v2\/posts"}],"about":[{"href":"https:\/\/www.europesays.com\/fr\/wp-json\/wp\/v2\/types\/post"}],"author":[{"embeddable":true,"href":"https:\/\/www.europesays.com\/fr\/wp-json\/wp\/v2\/users\/2"}],"replies":[{"embeddable":true,"href":"https:\/\/www.europesays.com\/fr\/wp-json\/wp\/v2\/comments?post=515846"}],"version-history":[{"count":0,"href":"https:\/\/www.europesays.com\/fr\/wp-json\/wp\/v2\/posts\/515846\/revisions"}],"wp:featuredmedia":[{"embeddable":true,"href":"https:\/\/www.europesays.com\/fr\/wp-json\/wp\/v2\/media\/515847"}],"wp:attachment":[{"href":"https:\/\/www.europesays.com\/fr\/wp-json\/wp\/v2\/media?parent=515846"}],"wp:term":[{"taxonomy":"category","embeddable":true,"href":"https:\/\/www.europesays.com\/fr\/wp-json\/wp\/v2\/categories?post=515846"},{"taxonomy":"post_tag","embeddable":true,"href":"https:\/\/www.europesays.com\/fr\/wp-json\/wp\/v2\/tags?post=515846"}],"curies":[{"name":"wp","href":"https:\/\/api.w.org\/{rel}","templated":true}]}}