{"id":515850,"date":"2025-11-06T12:13:09","date_gmt":"2025-11-06T12:13:09","guid":{"rendered":"https:\/\/www.europesays.com\/fr\/515850\/"},"modified":"2025-11-06T12:13:09","modified_gmt":"2025-11-06T12:13:09","slug":"elles-en-viennent-aux-mains-sur-le-parking-dauchan-pour-un-simple-coup-de-klaxon","status":"publish","type":"post","link":"https:\/\/www.europesays.com\/fr\/515850\/","title":{"rendered":"elles en viennent aux mains sur le parking d&rsquo;Auchan pour un simple coup de klaxon"},"content":{"rendered":"<p>            Par<br \/>\n        <strong><br \/>\n            <a href=\"https:\/\/actu.fr\/auteur\/nicolas-demollien\" title=\"Consulter tous les articles de Nicolas Demollien\" target=\"_blank\" rel=\"noopener\">Nicolas Demollien<\/a><br \/>\n        <\/strong><\/p>\n<p>        Publi\u00e9 le<\/p>\n<p>            6 nov. 2025 \u00e0 12h36        <\/p>\n<p>L\u2019histoire s\u2019est termin\u00e9e devant le <b>tribunal de police<\/b> de <a href=\"https:\/\/actu.fr\/hauts-de-france\/lille_59350\" target=\"_blank\" rel=\"noopener\">Lille<\/a> (Nord) mardi 4 novembre 2025. Quelques mois plus t\u00f4t, <b>deux femmes<\/b> en \u00e9taient <b>venues aux mains<\/b> sur le <b>parking <\/b>de l\u2019immense <a href=\"https:\/\/actu.fr\/tag\/auchan\" target=\"_blank\" rel=\"noopener\">Auchan<\/a> situ\u00e9 \u00e0 <a href=\"https:\/\/actu.fr\/hauts-de-france\/englos_59195\" target=\"_blank\" rel=\"noopener\">Englos<\/a>. \u00c0 l\u2019origine de la brouille, un <b>simple coup de klaxon<\/b>.<\/p>\n<p>Deux femmes en viennent aux mains sur le parking d\u2019Auchan Englos<\/p>\n<p class=\" wall-content\">Les fais remontent plus pr\u00e9cis\u00e9ment au 13 d\u00e9cembre 2024. Seule la mise en cause, une <b>femme de 34 ans<\/b>, est pr\u00e9sente devant le tribunal de police. Elle explique qu\u2019elle <b>se trouvait en voiture <\/b>sur le parking avec son compagnon et qu\u2019une <b>femme marchait dans le sens de la circulation<\/b>. Elle use alors de son klaxon pour faire bouger la pi\u00e9tonne.\u00a0<\/p>\n<p class=\" wall-content\">\u00ab\u00a0Elle s\u2019est <b>tout de suite \u00e9nerv\u00e9e, m\u2019a insult\u00e9e puis a pass\u00e9 sa t\u00eate par ma fen\u00eatre<\/b>\u00ab\u00a0, explique la mise en cause. Selon elle, la pi\u00e9tonne voulait en d\u00e9coudre et elle l\u2019aurait repouss\u00e9e. Une patrouille de <a href=\"https:\/\/actu.fr\/tag\/police\" target=\"_blank\" rel=\"noopener\">police<\/a> est justement pr\u00e9sente sur place. Les agents mettent fin \u00e0 la dispute et tout le monde se disperse.<\/p>\n<p class=\" wall-content\">L\u2019histoire aurait pu s\u2019arr\u00eater l\u00e0. Mais la <b>pi\u00e9tonne porte plainte<\/b> le lendemain, expliquant que <b>son t\u00e9l\u00e9phone et ses lunettes ont \u00e9t\u00e9 cass\u00e9s<\/b> par l\u2019automobiliste.\u00a0<\/p>\n<p class=\" wall-content\">La mise en cause a une autre version : \u00ab\u00a0elle avait des courses en main et pas du tout son t\u00e9l\u00e9phone \u00e0 la main. Quant \u00e0 ses lunettes, elle a d\u00fb les casser en passant sa t\u00eate par ma fen\u00eatre.\u00a0\u00bb<\/p>\n<p class=\" wall-content\">Qui dit vrai ? Difficile \u00e0 dire. D\u2019autant que la <b>plaignante n\u2019est pas pr\u00e9sente \u00e0 l\u2019audience<\/b> et qu\u2019elle <b>a refus\u00e9 la confrontation propos\u00e9e<\/b> par les policiers.\u00a0<\/p>\n<p class=\" wall-content\">Et l\u2019avocat de la mise en cause d\u2019appuyer : \u00ab\u00a0Son compagnon, pourtant pr\u00e9sent dans la voiture, n\u2019a pas \u00e9t\u00e9 entendu, tout comme les policiers qui ont mis fin \u00e0 l\u2019altercation. A-t-on v\u00e9rifi\u00e9 la vid\u00e9o-surveillance du parking ? Non plus !\u00a0\u00bb<\/p>\n<p>Votre r\u00e9gion, votre actu !<\/p>\n<p>Recevez chaque jour les infos qui comptent pour vous.<\/p>\n<p>\t<a href=\"https:\/\/actu.fr\/newsletter\" class=\"ac-btn ac-btn--corner ac-btn--medium ac-btn--blue800\" target=\"_blank\" rel=\"noopener\">S&rsquo;incrire<\/a><\/p>\n<p class=\" wall-content\">Le repr\u00e9sentant du minist\u00e8re public a requis une absence de peine. La juge ira plus loin en <b>relaxant la mise en cause<\/b>, estimant qu\u2019il n\u2019y a \u00ab\u00a0pas assez d\u2019\u00e9l\u00e9ments dans le dossier pour entrer en voie de condamnation\u00a0\u00bb.<\/p>\n<p class=\" wall-content\">Personnalisez votre actualit\u00e9 en ajoutant vos villes et m\u00e9dias en favori avec <a href=\"https:\/\/moncompte.actu.fr\" title=\"D\u00e9couvez Mon Actu\" rel=\"nofollow noopener\" data-trk=\"{&quot;cta&quot;:{&quot;action&quot;:&quot;https:\\\/\\\/moncompte.actu.fr&quot;,&quot;category&quot;:&quot;mon compte&quot;,&quot;from&quot;:&quot;article footer&quot;,&quot;name&quot;:&quot;Mon actu&quot;,&quot;type&quot;:&quot;cta&quot;}}\" target=\"_blank\">Mon Actu<\/a>.<\/p>\n","protected":false},"excerpt":{"rendered":"Par Nicolas Demollien Publi\u00e9 le 6 nov. 2025 \u00e0 12h36 L\u2019histoire s\u2019est termin\u00e9e devant le tribunal de police&hellip;\n","protected":false},"author":2,"featured_media":515851,"comment_status":"","ping_status":"","sticky":false,"template":"","format":"standard","meta":{"footnotes":""},"categories":[2815],"tags":[1111,11,14474,1777,674,118,1011,27,811,303,1307,12,25],"class_list":{"0":"post-515850","1":"post","2":"type-post","3":"status-publish","4":"format-standard","5":"has-post-thumbnail","7":"category-lille","8":"tag-actu","9":"tag-actualites","10":"tag-auchan","11":"tag-eu","12":"tag-europe","13":"tag-faits-divers","14":"tag-fr","15":"tag-france","16":"tag-hauts-de-france","17":"tag-justice","18":"tag-lille","19":"tag-news","20":"tag-republique-francaise"},"share_on_mastodon":{"url":"https:\/\/pubeurope.com\/@fr\/115502698043663512","error":""},"_links":{"self":[{"href":"https:\/\/www.europesays.com\/fr\/wp-json\/wp\/v2\/posts\/515850","targetHints":{"allow":["GET"]}}],"collection":[{"href":"https:\/\/www.europesays.com\/fr\/wp-json\/wp\/v2\/posts"}],"about":[{"href":"https:\/\/www.europesays.com\/fr\/wp-json\/wp\/v2\/types\/post"}],"author":[{"embeddable":true,"href":"https:\/\/www.europesays.com\/fr\/wp-json\/wp\/v2\/users\/2"}],"replies":[{"embeddable":true,"href":"https:\/\/www.europesays.com\/fr\/wp-json\/wp\/v2\/comments?post=515850"}],"version-history":[{"count":0,"href":"https:\/\/www.europesays.com\/fr\/wp-json\/wp\/v2\/posts\/515850\/revisions"}],"wp:featuredmedia":[{"embeddable":true,"href":"https:\/\/www.europesays.com\/fr\/wp-json\/wp\/v2\/media\/515851"}],"wp:attachment":[{"href":"https:\/\/www.europesays.com\/fr\/wp-json\/wp\/v2\/media?parent=515850"}],"wp:term":[{"taxonomy":"category","embeddable":true,"href":"https:\/\/www.europesays.com\/fr\/wp-json\/wp\/v2\/categories?post=515850"},{"taxonomy":"post_tag","embeddable":true,"href":"https:\/\/www.europesays.com\/fr\/wp-json\/wp\/v2\/tags?post=515850"}],"curies":[{"name":"wp","href":"https:\/\/api.w.org\/{rel}","templated":true}]}}