{"id":515852,"date":"2025-11-06T12:14:15","date_gmt":"2025-11-06T12:14:15","guid":{"rendered":"https:\/\/www.europesays.com\/fr\/515852\/"},"modified":"2025-11-06T12:14:15","modified_gmt":"2025-11-06T12:14:15","slug":"des-vols-vers-cette-ville-ensoleillee-surnommee-la-porte-de-la-mediterranee","status":"publish","type":"post","link":"https:\/\/www.europesays.com\/fr\/515852\/","title":{"rendered":"des vols vers cette ville ensoleill\u00e9e surnomm\u00e9e la porte de la M\u00e9diterran\u00e9e"},"content":{"rendered":"<p>            Par<br \/>\n        <strong><br \/>\n            <a href=\"https:\/\/actu.fr\/auteur\/nicolas-demollien\" title=\"Consulter tous les articles de Nicolas Demollien\" target=\"_blank\" rel=\"noopener\">Nicolas Demollien<\/a><br \/>\n        <\/strong><\/p>\n<p>        Publi\u00e9 le<\/p>\n<p>            6 nov. 2025 \u00e0 11h46        <\/p>\n<p>D\u00e9cid\u00e9ment, les <b>nouvelles destinations<\/b> s\u2019encha\u00eenent du c\u00f4t\u00e9 de l\u2019<b>a\u00e9roport<\/b> de <a href=\"https:\/\/actu.fr\/hauts-de-france\/lille_59350\" target=\"_blank\" rel=\"noopener\">Lille<\/a> (Nord) ! Apr\u00e8s <a href=\"https:\/\/actu.fr\/hauts-de-france\/lesquin_59343\/quatre-nouvelles-destinations-et-un-nouvel-avion-base-a-lille-volotea-donne-tout-pour-rester-leader_63367414.html\" target=\"_blank\" rel=\"noopener\">quatre premi\u00e8res annonces<\/a>, la <b>compagnie a\u00e9rienne espagnole<\/b> Volotea innove encore avec une cinqui\u00e8me destination qui vous emm\u00e8nera au <b>soleil<\/b>, vers la <b>porte de la M\u00e9diterran\u00e9e<\/b> !<\/p>\n<p>Une nouvelle destination hyper ensoleill\u00e9e au d\u00e9part de l\u2019a\u00e9roport de Lille<\/p>\n<p class=\" wall-content\">C\u2019est en effet des vols vers <a href=\"https:\/\/actu.fr\/provence-alpes-cote-d-azur\/toulon_83137\" target=\"_blank\" rel=\"noopener\">Toulon<\/a> que va d\u00e9sormais proposer la compagnie. Il faudra patienter un petit peu mais vous pouvez miser sur un petit s\u00e9jour l\u2019\u00e9t\u00e9 prochain puisque les vols <b>d\u00e9buteront le 29 juin 2026<\/b>. Ils seront ensuite propos\u00e9s<b> chaque lundi et jeudi<\/b>.\u00a0<\/p>\n<p class=\" wall-content\">\u00ab\u00a0Cette nouvelle liaison renforce la connectivit\u00e9 entre le nord et le sud de la France. Elle illustre notre volont\u00e9 de proposer des <b>vols directs et accessibles<\/b>, adapt\u00e9s aux besoins des habitants des <a href=\"https:\/\/actu.fr\/hauts-de-france\/\" target=\"_blank\" rel=\"noopener\">Hauts-de-France<\/a> comme du sud du pays\u00a0\u00bb, commente Gilles Gosselin, directeur France de Volotea.<\/p>\n<p class=\" wall-content\">Magali Huchette, pr\u00e9sidente de l\u2019a\u00e9roport de Lille, confirme : \u00ab\u00a0Les voyageurs de la r\u00e9gion, mais aussi transfrontaliers, sont en <b>demande de connexions vers la C\u00f4te d\u2019Azur<\/b>, lieu de vill\u00e9giature largement pl\u00e9biscit\u00e9 par les familles en toutes saisons\u00a0\u00bb.<\/p>\n<p class=\" wall-content\">Il faut dire que la ville c\u00e9l\u00e8bre pour son <b>port militaire et ses fontaines<\/b> a tout pour plaire avec ses <b>criques pr\u00e9serv\u00e9es<\/b>, son <a href=\"https:\/\/actu.fr\/tag\/patrimoine\" target=\"_blank\" rel=\"noopener\">patrimoine<\/a> proven\u00e7al et sa proximit\u00e9 avec les \u00eeles d\u2019<a href=\"https:\/\/actu.fr\/provence-alpes-cote-d-azur\/hyeres_83069\" target=\"_blank\" rel=\"noopener\">Hy\u00e8res<\/a>.<\/p>\n<p class=\" wall-content\">Une destination id\u00e9ale pour une escapade baln\u00e9aire ou un s\u00e9jour estival ensoleill\u00e9. Et pour ne rien g\u00e2cher, les gourmands ne seront pas en reste avec des <b>sp\u00e9cialit\u00e9s<\/b> telles que la c\u00e9l\u00e8bre bourride toulonnaise (soupe proche de la bouillabaisse), l\u2019a\u00efoli, la daube ou encore la soupe au pistou et autre tapenade.<\/p>\n<p class=\" wall-content\">\u00c0 vos valises !<b data-end=\"900\"\/><\/p>\n<p class=\" wall-content\">Personnalisez votre actualit\u00e9 en ajoutant vos villes et m\u00e9dias en favori avec <a href=\"https:\/\/moncompte.actu.fr\" title=\"D\u00e9couvez Mon Actu\" rel=\"nofollow noopener\" data-trk=\"{&quot;cta&quot;:{&quot;action&quot;:&quot;https:\\\/\\\/moncompte.actu.fr&quot;,&quot;category&quot;:&quot;mon compte&quot;,&quot;from&quot;:&quot;article footer&quot;,&quot;name&quot;:&quot;Mon actu&quot;,&quot;type&quot;:&quot;cta&quot;}}\" target=\"_blank\">Mon Actu<\/a>.<\/p>\n","protected":false},"excerpt":{"rendered":"Par Nicolas Demollien Publi\u00e9 le 6 nov. 2025 \u00e0 11h46 D\u00e9cid\u00e9ment, les nouvelles destinations s\u2019encha\u00eenent du c\u00f4t\u00e9 de&hellip;\n","protected":false},"author":2,"featured_media":515853,"comment_status":"","ping_status":"","sticky":false,"template":"","format":"standard","meta":{"footnotes":""},"categories":[2815],"tags":[1111,11,1777,674,1011,27,811,1307,12,25,104,602,586],"class_list":{"0":"post-515852","1":"post","2":"type-post","3":"status-publish","4":"format-standard","5":"has-post-thumbnail","7":"category-lille","8":"tag-actu","9":"tag-actualites","10":"tag-eu","11":"tag-europe","12":"tag-fr","13":"tag-france","14":"tag-hauts-de-france","15":"tag-lille","16":"tag-news","17":"tag-republique-francaise","18":"tag-societe","19":"tag-tourisme","20":"tag-voyage"},"share_on_mastodon":{"url":"https:\/\/pubeurope.com\/@fr\/115502702457550558","error":""},"_links":{"self":[{"href":"https:\/\/www.europesays.com\/fr\/wp-json\/wp\/v2\/posts\/515852","targetHints":{"allow":["GET"]}}],"collection":[{"href":"https:\/\/www.europesays.com\/fr\/wp-json\/wp\/v2\/posts"}],"about":[{"href":"https:\/\/www.europesays.com\/fr\/wp-json\/wp\/v2\/types\/post"}],"author":[{"embeddable":true,"href":"https:\/\/www.europesays.com\/fr\/wp-json\/wp\/v2\/users\/2"}],"replies":[{"embeddable":true,"href":"https:\/\/www.europesays.com\/fr\/wp-json\/wp\/v2\/comments?post=515852"}],"version-history":[{"count":0,"href":"https:\/\/www.europesays.com\/fr\/wp-json\/wp\/v2\/posts\/515852\/revisions"}],"wp:featuredmedia":[{"embeddable":true,"href":"https:\/\/www.europesays.com\/fr\/wp-json\/wp\/v2\/media\/515853"}],"wp:attachment":[{"href":"https:\/\/www.europesays.com\/fr\/wp-json\/wp\/v2\/media?parent=515852"}],"wp:term":[{"taxonomy":"category","embeddable":true,"href":"https:\/\/www.europesays.com\/fr\/wp-json\/wp\/v2\/categories?post=515852"},{"taxonomy":"post_tag","embeddable":true,"href":"https:\/\/www.europesays.com\/fr\/wp-json\/wp\/v2\/tags?post=515852"}],"curies":[{"name":"wp","href":"https:\/\/api.w.org\/{rel}","templated":true}]}}