{"id":515854,"date":"2025-11-06T12:15:14","date_gmt":"2025-11-06T12:15:14","guid":{"rendered":"https:\/\/www.europesays.com\/fr\/515854\/"},"modified":"2025-11-06T12:15:14","modified_gmt":"2025-11-06T12:15:14","slug":"le-cap-clair-de-ludovic-perney-vs-le-jus-de-pomme-dolivia-fortin-au-conseil-darrondissement-des-6e-8e","status":"publish","type":"post","link":"https:\/\/www.europesays.com\/fr\/515854\/","title":{"rendered":"Le \u00ab\u00a0cap clair\u00a0\u00bb de Ludovic Perney Vs. \u00ab\u00a0le jus de pomme\u00a0\u00bb d&rsquo;Olivia Fortin au conseil d&rsquo;arrondissement des 6e-8e"},"content":{"rendered":"<p>Passe d\u2019armes au conseil municipal du 6e-8e arrondissement de <a href=\"https:\/\/www.laprovence.com\/region\/Edition-marseille\" target=\"_blank\" rel=\"noopener\">Marseille<\/a> dans le cadre du vote du budget. Le vice-pr\u00e9sident du Conseil r\u00e9gional de Paca, <a href=\"https:\/\/www.laprovence.com\/article\/politique\/1403107804285915\/marseille-confidentiels-des-terrains-bientot-renoves-au-club-de-tennis-de-montredon-bonneveine\" target=\"_blank\" rel=\"noopener\">Ludovic Perney<\/a>, \u00e9lu (LR) d\u2019opposition du groupe \u00ab\u00a0Une volont\u00e9 pour Marseille\u00a0\u00bb a accus\u00e9 la maire de secteur Olivia Fortin (DVG) de \u00ab\u00a0pr\u00e9f\u00e9rer la communication aux actions\u00a0\u00bb. \u00ab\u00a0Vous augmentez de 28\u00a0000\u00a0\u00e0 45\u00a0000\u00a0euros les d\u00e9penses de f\u00eates, les frais de r\u00e9ception de 32\u00a0000\u00a0\u00e0 37\u00a0000\u00a0euros\u00a0\u00bb, a list\u00e9 l\u2019\u00e9lu qui pr\u00e9f\u00e9rerait \u00ab\u00a0un cap clair\u00a0\u00bb en \u00e9cho \u00e0 la formule du d\u00e9put\u00e9 europ\u00e9en Rapha\u00ebl Glucksmann reprise sur les r\u00e9seaux sociaux.<\/p>\n<p>\u00ab\u00a0Notre priorit\u00e9 est le lien de proximit\u00e9. Ce lien se traduit par des moments chaque ann\u00e9e de plus en plus nombreux qui rassemblent\u00a0\u00bb, justifie la maire, qui a vant\u00e9 son \u00ab\u00a0fameux jus de pomme\u00a0\u00bb, des conditions d\u2019accueil \u00ab\u00a0simples\u00a0\u00bb qui permettent de \u00ab\u00a0multiplier les \u00e9v\u00e9nements\u201d, s\u2019est d\u00e9fendue Olivia Fortin. <a href=\"https:\/\/www.laprovence.com\/article\/region\/1956410867603314\/marseille-confidentiels-quand-olivia-fortin-se-paie-le-vel-a-25-335-euros\" target=\"_blank\" rel=\"noopener\">\u00c9pingl\u00e9e pour une location \u00e0 25\u00a0000\u00a0euros<\/a> &#8211; un montant non confirm\u00e9 \u00e0 l\u2019\u00e9poque &#8211; pour la c\u00e9r\u00e9monie des v\u0153ux en janvier dernier au stade V\u00e9lodrome, la maire de secteur avait d\u00e9j\u00e0 justifi\u00e9 ce montant par la pr\u00e9sence de 700 administr\u00e9s et le \u00ab\u00a0sans alcool\u00a0\u00bb.<\/p>\n","protected":false},"excerpt":{"rendered":"Passe d\u2019armes au conseil municipal du 6e-8e arrondissement de Marseille dans le cadre du vote du budget. Le&hellip;\n","protected":false},"author":2,"featured_media":515855,"comment_status":"","ping_status":"","sticky":false,"template":"","format":"standard","meta":{"footnotes":""},"categories":[2814],"tags":[930,17,1111,11,30721,11526,1777,674,1011,27,63647,10707,884,12,63646,882,16,25,8836],"class_list":{"0":"post-515854","1":"post","2":"type-post","3":"status-publish","4":"format-standard","5":"has-post-thumbnail","7":"category-marseille","8":"tag-le","9":"tag-17","10":"tag-actu","11":"tag-actualites","12":"tag-cap","13":"tag-clair","14":"tag-eu","15":"tag-europe","16":"tag-fr","17":"tag-france","18":"tag-jus","19":"tag-ludovic","20":"tag-marseille","21":"tag-news","22":"tag-perney","23":"tag-provence-alpes-cote-dazur","24":"tag-region","25":"tag-republique-francaise","26":"tag-vs"},"share_on_mastodon":{"url":"https:\/\/pubeurope.com\/@fr\/115502705842499365","error":""},"_links":{"self":[{"href":"https:\/\/www.europesays.com\/fr\/wp-json\/wp\/v2\/posts\/515854","targetHints":{"allow":["GET"]}}],"collection":[{"href":"https:\/\/www.europesays.com\/fr\/wp-json\/wp\/v2\/posts"}],"about":[{"href":"https:\/\/www.europesays.com\/fr\/wp-json\/wp\/v2\/types\/post"}],"author":[{"embeddable":true,"href":"https:\/\/www.europesays.com\/fr\/wp-json\/wp\/v2\/users\/2"}],"replies":[{"embeddable":true,"href":"https:\/\/www.europesays.com\/fr\/wp-json\/wp\/v2\/comments?post=515854"}],"version-history":[{"count":0,"href":"https:\/\/www.europesays.com\/fr\/wp-json\/wp\/v2\/posts\/515854\/revisions"}],"wp:featuredmedia":[{"embeddable":true,"href":"https:\/\/www.europesays.com\/fr\/wp-json\/wp\/v2\/media\/515855"}],"wp:attachment":[{"href":"https:\/\/www.europesays.com\/fr\/wp-json\/wp\/v2\/media?parent=515854"}],"wp:term":[{"taxonomy":"category","embeddable":true,"href":"https:\/\/www.europesays.com\/fr\/wp-json\/wp\/v2\/categories?post=515854"},{"taxonomy":"post_tag","embeddable":true,"href":"https:\/\/www.europesays.com\/fr\/wp-json\/wp\/v2\/tags?post=515854"}],"curies":[{"name":"wp","href":"https:\/\/api.w.org\/{rel}","templated":true}]}}