{"id":515856,"date":"2025-11-06T12:16:15","date_gmt":"2025-11-06T12:16:15","guid":{"rendered":"https:\/\/www.europesays.com\/fr\/515856\/"},"modified":"2025-11-06T12:16:15","modified_gmt":"2025-11-06T12:16:15","slug":"marseille-delaissee-selon-le-comite-des-usagers-marseillais","status":"publish","type":"post","link":"https:\/\/www.europesays.com\/fr\/515856\/","title":{"rendered":"\u00ab\u00a0Marseille d\u00e9laiss\u00e9e\u00a0\u00bb selon le comit\u00e9 des usagers marseillais"},"content":{"rendered":"<p>La conclusion d&rsquo;<a href=\"https:\/\/www.laprovence.com\/article\/politique\/9075392972907714\/exclusif-1-8-milliard-signe-lundi-a-marseille-l-etat-plus-genereux-que-prevu-pour-les-transports-provencaux\" target=\"_blank\" rel=\"noopener\">un avenant \u00e0 1,8\u00a0milliard d&rsquo;euros au Contrat de plan \u00c9tat-R\u00e9gion pour les transports<\/a> pour la p\u00e9riode 2025-2027, ce lundi 3\u00a0novembre, n&rsquo;a pas fait que des heureux. \u00ab\u00a0Une signature qui d\u00e9laisse une nouvelle fois Marseille et sa M\u00e9tropole\u00a0\u00bb, d\u00e9plore le Comit\u00e9 des usagers des transports marseillais dans un communiqu\u00e9.<\/p>\n<p>Il note que \u00ab\u00a0plus de 50% des investissements portent sur le d\u00e9veloppement des transports aupr\u00e8s des sites des JO 2030\u00a0\u00bb dans les <a href=\"https:\/\/www.laprovence.com\/region\/Edition-alpes\" target=\"_blank\" rel=\"noopener\">Hautes-Alpes<\/a>. Il s&rsquo;interroge \u00e9galement sur le montant d\u00e9volu au d\u00e9veloppement du \u00ab\u00a0RER m\u00e9tropolitain\u00a0\u00bb \u00e0 Aix-Marseille, \u00ab\u00a099\u00a0millions d&rsquo;euros\u00a0\u00bb contre \u00ab\u00a0320\u00a0millions d&rsquo;euros\u00a0\u00bb \u00e0 Lyon.<\/p>\n","protected":false},"excerpt":{"rendered":"La conclusion d&rsquo;un avenant \u00e0 1,8\u00a0milliard d&rsquo;euros au Contrat de plan \u00c9tat-R\u00e9gion pour les transports pour la p\u00e9riode&hellip;\n","protected":false},"author":2,"featured_media":515857,"comment_status":"","ping_status":"","sticky":false,"template":"","format":"standard","meta":{"footnotes":""},"categories":[2814],"tags":[17,1111,11,63649,63648,1777,674,1011,27,151,884,12,5355,471,882,25,104,800],"class_list":{"0":"post-515856","1":"post","2":"type-post","3":"status-publish","4":"format-standard","5":"has-post-thumbnail","7":"category-marseille","8":"tag-17","9":"tag-actu","10":"tag-actualites","11":"tag-delaissee","12":"tag-etat-region","13":"tag-eu","14":"tag-europe","15":"tag-fr","16":"tag-france","17":"tag-les","18":"tag-marseille","19":"tag-news","20":"tag-plan","21":"tag-pour","22":"tag-provence-alpes-cote-dazur","23":"tag-republique-francaise","24":"tag-societe","25":"tag-transports"},"share_on_mastodon":{"url":"https:\/\/pubeurope.com\/@fr\/115502709776524503","error":""},"_links":{"self":[{"href":"https:\/\/www.europesays.com\/fr\/wp-json\/wp\/v2\/posts\/515856","targetHints":{"allow":["GET"]}}],"collection":[{"href":"https:\/\/www.europesays.com\/fr\/wp-json\/wp\/v2\/posts"}],"about":[{"href":"https:\/\/www.europesays.com\/fr\/wp-json\/wp\/v2\/types\/post"}],"author":[{"embeddable":true,"href":"https:\/\/www.europesays.com\/fr\/wp-json\/wp\/v2\/users\/2"}],"replies":[{"embeddable":true,"href":"https:\/\/www.europesays.com\/fr\/wp-json\/wp\/v2\/comments?post=515856"}],"version-history":[{"count":0,"href":"https:\/\/www.europesays.com\/fr\/wp-json\/wp\/v2\/posts\/515856\/revisions"}],"wp:featuredmedia":[{"embeddable":true,"href":"https:\/\/www.europesays.com\/fr\/wp-json\/wp\/v2\/media\/515857"}],"wp:attachment":[{"href":"https:\/\/www.europesays.com\/fr\/wp-json\/wp\/v2\/media?parent=515856"}],"wp:term":[{"taxonomy":"category","embeddable":true,"href":"https:\/\/www.europesays.com\/fr\/wp-json\/wp\/v2\/categories?post=515856"},{"taxonomy":"post_tag","embeddable":true,"href":"https:\/\/www.europesays.com\/fr\/wp-json\/wp\/v2\/tags?post=515856"}],"curies":[{"name":"wp","href":"https:\/\/api.w.org\/{rel}","templated":true}]}}