{"id":515858,"date":"2025-11-06T12:17:12","date_gmt":"2025-11-06T12:17:12","guid":{"rendered":"https:\/\/www.europesays.com\/fr\/515858\/"},"modified":"2025-11-06T12:17:12","modified_gmt":"2025-11-06T12:17:12","slug":"auvergne-rhone-alpes-projet-de-liaison-cremieu-lyon-par-meyzieu-lancement-des-concertations","status":"publish","type":"post","link":"https:\/\/www.europesays.com\/fr\/515858\/","title":{"rendered":"Auvergne-Rh\u00f4ne-Alpes. Projet de liaison Cr\u00e9mieu \u2013 Lyon par Meyzieu\u00a0: lancement des concertations"},"content":{"rendered":"<p>Le projet de liaison Cr\u00e9mieu \u2013 Lyon par Meyzieu est dans les starting-blocks. Le mercredi 12\u00a0novembre prochain marquera le lancement de la concertation organis\u00e9e par la R\u00e9gion Auvergne-Rh\u00f4ne-Alpes. Jusqu\u2019au 14\u00a0janvier 2026, de nombreux temps de rencontre et d\u2019\u00e9change seront organis\u00e9s afin d\u2019informer le public dans un premier temps, puis de recueillir avis, questions et propositions. Des r\u00e9unions publiques, ateliers et rencontres avec les habitants, les usagers, les associations et entreprises.<\/p>\n<p>Ce contenu est bloqu\u00e9 car vous n&rsquo;avez pas accept\u00e9 les cookies et autres traceurs.<\/p>\n<p>En cliquant sur \u00ab J\u2019accepte \u00bb, les cookies et autres traceurs seront d\u00e9pos\u00e9s et vous pourrez visualiser les contenus  (<a href=\"\" class=\"consentModule_policy\" target=\"_blank\" title=\"Consulter la politique de protection des donn\u00e9es du fournisseur\">plus d&rsquo;informations<\/a>).<\/p>\n<p>En cliquant sur \u00ab J\u2019accepte tous les cookies \u00bb, vous autorisez des d\u00e9p\u00f4ts de cookies et autres traceurs pour le stockage de vos donn\u00e9es sur nos sites et applications \u00e0 des fins de personnalisation et de ciblage publicitaire.<\/p>\n<p class=\"consentModule_secondaryText\">Vous gardez la possibilit\u00e9 de retirer votre consentement \u00e0 tout moment en consultant notre <a href=\"https:\/\/www.leprogres.fr\/protection-des-donnees\" target=\"_blank\" title=\"Consulter notre politique de protection des donn\u00e9es\" rel=\"noopener\">politique de protection des donn\u00e9es<\/a>. <br \/>&#13;<br \/>\n            <a href=\"https:\/\/www.leprogres.fr\/economie\/2025\/11\/06\/javascript:Didomi.notice.show()\" class=\"consentModule_cmp\" target=\"_blank\" rel=\"noopener\">G\u00e9rer mes choix<\/a>&#13;\n        <\/p>\n<p>&#13;<br \/>\n                        J&rsquo;accepte&#13;<br \/>\n            J&rsquo;accepte tous les cookies&#13;\n        <\/p>\n<p>  Un tramway, six stations et une piste cyclable<\/p>\n<p>Le 24\u00a0novembre constitue, pour l\u2019heure, le point d\u2019orgue avec la r\u00e9union publique d\u2019ouverture de la <a href=\"https:\/\/www.leprogres.fr\/Annonce\/AvisAdministratif\/Rhone\/LYON-2\/Le-Progres\/Projet-de-liaison-Cremieu-Lyon-par-Meyzieu-(tramway-et-itineraire-cyclable).html\" target=\"_blank\" rel=\"noopener\">concertation<\/a> \u00e0 la salle des f\u00eates de Cr\u00e9mieu.<\/p>\n<p>Une rame de tramway circulerait tous les quarts d\u2019heure en p\u00e9riode de pointe. Le trajet entre Cr\u00e9mieu et Lyon serait alors de moins d\u2019une heure, soit 30 minutes de moins que l\u2019itin\u00e9raire actuel en voiture. Six nouvelles stations seraient install\u00e9es pour desservir le bassin. Ainsi qu\u2019un nouvel itin\u00e9raire de piste cyclable \u00e0 proximit\u00e9 de la ligne de tram pour relier l\u2019est de Cr\u00e9mieux \u00e0 l\u2019ouest de Meyzieu. La mise en service du projet est pr\u00e9vue \u00e0 l\u2019horizon 2032.<\/p>\n","protected":false},"excerpt":{"rendered":"Le projet de liaison Cr\u00e9mieu \u2013 Lyon par Meyzieu est dans les starting-blocks. Le mercredi 12\u00a0novembre prochain marquera&hellip;\n","protected":false},"author":2,"featured_media":515859,"comment_status":"","ping_status":"","sticky":false,"template":"","format":"standard","meta":{"footnotes":""},"categories":[1889],"tags":[1111,11,2430,4749,3542,1687,33,2757,1777,674,1011,27,2428,2756,12,25,104,2803],"class_list":{"0":"post-515858","1":"post","2":"type-post","3":"status-publish","4":"format-standard","5":"has-post-thumbnail","7":"category-lyon","8":"tag-actu","9":"tag-actualites","10":"tag-auvergne-rhone-alpes","11":"tag-btp-et-chantiers","12":"tag-circulation","13":"tag-culture-loisirs","14":"tag-economie","15":"tag-edition-lyon-villeurbanne","16":"tag-eu","17":"tag-europe","18":"tag-fr","19":"tag-france","20":"tag-lyon","21":"tag-lyon-bassin","22":"tag-news","23":"tag-republique-francaise","24":"tag-societe","25":"tag-transport"},"share_on_mastodon":{"url":"https:\/\/pubeurope.com\/@fr\/115502713739116828","error":""},"_links":{"self":[{"href":"https:\/\/www.europesays.com\/fr\/wp-json\/wp\/v2\/posts\/515858","targetHints":{"allow":["GET"]}}],"collection":[{"href":"https:\/\/www.europesays.com\/fr\/wp-json\/wp\/v2\/posts"}],"about":[{"href":"https:\/\/www.europesays.com\/fr\/wp-json\/wp\/v2\/types\/post"}],"author":[{"embeddable":true,"href":"https:\/\/www.europesays.com\/fr\/wp-json\/wp\/v2\/users\/2"}],"replies":[{"embeddable":true,"href":"https:\/\/www.europesays.com\/fr\/wp-json\/wp\/v2\/comments?post=515858"}],"version-history":[{"count":0,"href":"https:\/\/www.europesays.com\/fr\/wp-json\/wp\/v2\/posts\/515858\/revisions"}],"wp:featuredmedia":[{"embeddable":true,"href":"https:\/\/www.europesays.com\/fr\/wp-json\/wp\/v2\/media\/515859"}],"wp:attachment":[{"href":"https:\/\/www.europesays.com\/fr\/wp-json\/wp\/v2\/media?parent=515858"}],"wp:term":[{"taxonomy":"category","embeddable":true,"href":"https:\/\/www.europesays.com\/fr\/wp-json\/wp\/v2\/categories?post=515858"},{"taxonomy":"post_tag","embeddable":true,"href":"https:\/\/www.europesays.com\/fr\/wp-json\/wp\/v2\/tags?post=515858"}],"curies":[{"name":"wp","href":"https:\/\/api.w.org\/{rel}","templated":true}]}}