{"id":515860,"date":"2025-11-06T12:18:11","date_gmt":"2025-11-06T12:18:11","guid":{"rendered":"https:\/\/www.europesays.com\/fr\/515860\/"},"modified":"2025-11-06T12:18:11","modified_gmt":"2025-11-06T12:18:11","slug":"un-appel-a-temoin-lance-apres-la-mort-dun-automobiliste-sur-lautoroute-alors-quil-faisait-un-constat","status":"publish","type":"post","link":"https:\/\/www.europesays.com\/fr\/515860\/","title":{"rendered":"un appel \u00e0 t\u00e9moin lanc\u00e9 apr\u00e8s la mort d\u2019un automobiliste sur l\u2019autoroute alors qu\u2019il faisait un constat"},"content":{"rendered":"<p>\n    La police nationale cherche \u00e0 retrouver un homme se pr\u00e9sentant comme un gendarme, qui a prodigu\u00e9 les premiers secours a un homme percut\u00e9 sur la M7 le 4 octobre dernier.<\/p>\n<p class=\"fig-paragraph\">Un mois apr\u00e8s\u00a0<a href=\"http:\/\/www.lefigaro.fr\/lyon\/serie-d-accidents-mortels-a-lyon-les-trottinettes-sont-elles-vraiment-plus-dangereuses-que-les-velos-20250611\" data-fig-type=\"NewsFlash\" data-gtm-custom-categorie=\"navigation\" data-gtm-custom-action=\"crossclick\" data-gtm-custom-label=\"Contextuel\" data-gtm-event=\"customEventSPE\" data-fig-domain=\"LEFIGARO\" target=\"_blank\" rel=\"noopener\">l\u2019accident mortel<\/a>\u00a0qui a eu lieu sur la M7 (ex-autoroute A7), la police nationale a lanc\u00e9 un appel \u00e0 t\u00e9moin pour obtenir des informations sur la personne qui a prodigu\u00e9 les premiers secours \u00e0 la victime. Le 4 octobre dernier, un accident a eu lieu pr\u00e8s de la\u00a0<a href=\"http:\/\/www.lefigaro.fr\/lyon\/un-etudiant-de-l-em-lyon-porte-disparu-depuis-une-soiree-d-halloween-a-la-confluence-20251103\" data-fig-type=\"NewsFlash\" data-gtm-custom-categorie=\"navigation\" data-gtm-custom-action=\"crossclick\" data-gtm-custom-label=\"Contextuel\" data-gtm-event=\"customEventSPE\" data-fig-domain=\"LEFIGARO\" target=\"_blank\" rel=\"noopener\">Confluence\u00a0<\/a>entre deux automobilistes.<\/p>\n<p class=\"fig-paragraph\">Ces derniers sont sortis de leurs v\u00e9hicules pour r\u00e9diger un constat \u00e0 l\u2019amiable, quand l\u2019un des deux, un habitant de Vourles \u00e2g\u00e9 de 38 ans, a \u00e9t\u00e9 percut\u00e9 sur la voie de circulation par le conducteur d\u2019une Peugeot 208. Transport\u00e9e \u00e0 l\u2019h\u00f4pital dans un \u00e9tat critique, la victime est d\u00e9c\u00e9d\u00e9e des suites de ses blessures quelques jours plus tard.<\/p>\n<p>                                    <a class=\"fig-a11y-skip a11y-hidden\" href=\"#fig-a11y-skip-main-inarticle\"><br \/>\n        Passer la publicit\u00e9<br \/>\n    <\/a><\/p>\n<p class=\"fig-paragraph\">Le soir de l\u2019accident, un t\u00e9moin se pr\u00e9sentant comme un gendarme a prodigu\u00e9 les premiers gestes de secours \u00e0 la victime, indique la police dans son avis de recherche. C\u2019est ce t\u00e9moin qui est recherch\u00e9 par les forces de l\u2019ordre pour recueillir des informations sur l\u2019accident. Il est invit\u00e9 \u00e0 contacter le service judiciaire de la CRS autorouti\u00e8re au 04\u00a072\u00a047\u00a020\u00a060.<\/p>\n<p>    L\u2019appel \u00e0 t\u00e9moin lanc\u00e9 par la police nationale.<br \/>\n                Police nationale 69<\/p>\n","protected":false},"excerpt":{"rendered":"La police nationale cherche \u00e0 retrouver un homme se pr\u00e9sentant comme un gendarme, qui a prodigu\u00e9 les premiers&hellip;\n","protected":false},"author":2,"featured_media":515861,"comment_status":"","ping_status":"","sticky":false,"template":"","format":"standard","meta":{"footnotes":""},"categories":[1889],"tags":[4376,1111,11,4260,2430,12513,1777,674,1011,27,2428,12,25],"class_list":{"0":"post-515860","1":"post","2":"type-post","3":"status-publish","4":"format-standard","5":"has-post-thumbnail","7":"category-lyon","8":"tag-accident-de-la-route","9":"tag-actu","10":"tag-actualites","11":"tag-appel-a-temoins","12":"tag-auvergne-rhone-alpes","13":"tag-crs","14":"tag-eu","15":"tag-europe","16":"tag-fr","17":"tag-france","18":"tag-lyon","19":"tag-news","20":"tag-republique-francaise"},"share_on_mastodon":{"url":"https:\/\/pubeurope.com\/@fr\/115502717553262103","error":""},"_links":{"self":[{"href":"https:\/\/www.europesays.com\/fr\/wp-json\/wp\/v2\/posts\/515860","targetHints":{"allow":["GET"]}}],"collection":[{"href":"https:\/\/www.europesays.com\/fr\/wp-json\/wp\/v2\/posts"}],"about":[{"href":"https:\/\/www.europesays.com\/fr\/wp-json\/wp\/v2\/types\/post"}],"author":[{"embeddable":true,"href":"https:\/\/www.europesays.com\/fr\/wp-json\/wp\/v2\/users\/2"}],"replies":[{"embeddable":true,"href":"https:\/\/www.europesays.com\/fr\/wp-json\/wp\/v2\/comments?post=515860"}],"version-history":[{"count":0,"href":"https:\/\/www.europesays.com\/fr\/wp-json\/wp\/v2\/posts\/515860\/revisions"}],"wp:featuredmedia":[{"embeddable":true,"href":"https:\/\/www.europesays.com\/fr\/wp-json\/wp\/v2\/media\/515861"}],"wp:attachment":[{"href":"https:\/\/www.europesays.com\/fr\/wp-json\/wp\/v2\/media?parent=515860"}],"wp:term":[{"taxonomy":"category","embeddable":true,"href":"https:\/\/www.europesays.com\/fr\/wp-json\/wp\/v2\/categories?post=515860"},{"taxonomy":"post_tag","embeddable":true,"href":"https:\/\/www.europesays.com\/fr\/wp-json\/wp\/v2\/tags?post=515860"}],"curies":[{"name":"wp","href":"https:\/\/api.w.org\/{rel}","templated":true}]}}