{"id":515872,"date":"2025-11-06T12:25:19","date_gmt":"2025-11-06T12:25:19","guid":{"rendered":"https:\/\/www.europesays.com\/fr\/515872\/"},"modified":"2025-11-06T12:25:19","modified_gmt":"2025-11-06T12:25:19","slug":"guerre-en-ukraine-il-ma-dit-que-sa-vie-etait-en-russie-quand-les-enfants-voles-reviennent-endoctrines","status":"publish","type":"post","link":"https:\/\/www.europesays.com\/fr\/515872\/","title":{"rendered":"Guerre en Ukraine\u00a0: \u00ab\u00a0Il m\u2019a dit que sa vie \u00e9tait en Russie\u00a0\u00bb, quand les enfants vol\u00e9s reviennent endoctrin\u00e9s"},"content":{"rendered":"<p>\n                                                                    l&rsquo;essentiel<br \/>\n                                                                Depuis 2022, pr\u00e8s de 20\u00a0000 enfants ukrainiens ont \u00e9t\u00e9 d\u00e9port\u00e9s en Russie. Trois ans plus tard, la plupart y sont toujours, et ceux qui reviennent portent les traces d\u2019un profond endoctrinement.\n                            <\/p>\n<p>Depuis le d\u00e9but de l\u2019invasion russe en Ukraine, 19\u00a0546\u00a0enfants ukrainiens ont \u00e9t\u00e9 transf\u00e9r\u00e9s de force vers la Russie. Trois ans et demi apr\u00e8s, seulement 1\u00a0762 enfants vol\u00e9s ont \u00e9t\u00e9 rapatri\u00e9s, dont une partie a \u00e9t\u00e9 adopt\u00e9e par des familles russes et dont Moscou s\u2019est appliqu\u00e9 \u00e0 effacer toute trace de leur vie d\u2019avant.<\/p>\n<p>En mars\u00a02023, la Cour p\u00e9nale internationale (CPI) a \u00e9mis un mandat d\u2019arr\u00eat international contre Vladimir Poutine, alors que cette m\u00eame ann\u00e9e la Russie annon\u00e7ait avoir \u00ab\u00a0accueilli plus de 700\u00a0000 enfants ukrainiens\u00a0\u00bb.<\/p>\n<p class=\"std-elt__inline\">\n        <strong>\u00c0 lire aussi :<\/strong><br \/>\n        <a href=\"https:\/\/www.ladepeche.fr\/2025\/11\/06\/direct-guerre-en-ukraine-un-mort-dans-une-attaque-de-drones-en-russie-moscou-revendique-des-avancees-a-pokrovsk-13036451.php\" rel=\"nofollow noopener\" target=\"_blank\">DIRECT. Guerre en Ukraine\u00a0: un mort dans une attaque de drones en Russie, Moscou revendique des avanc\u00e9es \u00e0 Pokrovsk<\/a>\n    <\/p>\n<p>D\u00e9testation\u00a0de l\u2019Ukraine<\/p>\n<p>Selon le journal <a href=\"https:\/\/www.lemonde.fr\/international\/article\/2025\/11\/06\/c-est-comme-s-ils-sortaient-d-une-secte-l-ukraine-face-a-l-endoctrinement-de-ses-enfants-rapatries-de-russie-et-des-territoires-occupes_6652413_3210.html\" target=\"_blank\" rel=\"nofollow noopener\">Le Monde<\/a>, l\u2019endoctrinement des enfants est tr\u00e8s efficace. En ao\u00fbt\u00a02022, le petit\u00a0fr\u00e8re de Ksenia Koldin, 21 ans, a \u00e9t\u00e9 transf\u00e9r\u00e9 de force en Russie \u00e0 l\u2019\u00e2ge de 11 ans. Si elle a tout fait pour le rapatri\u00e9, le petit gar\u00e7on vivait dans une famille russe et a d\u2019abord refus\u00e9 de la suivre. \u00ab\u00a0Il m\u2019a dit que sa vie, d\u00e9sormais, \u00e9tait en Russie, qu\u2019il y avait des amis, et que l\u2019Ukraine \u00e9tait un pays mauvais et dangereux. J\u2019\u00e9tais d\u00e9sesp\u00e9r\u00e9e\u00a0\u00bb, raconte-t-elle.<\/p>\n<p class=\"std-elt__inline\">\n        <strong>\u00c0 lire aussi :<\/strong><br \/>\n        <a href=\"https:\/\/www.ladepeche.fr\/2025\/11\/05\/direct-guerre-en-ukraine-pokrovsk-assiegee-moscou-deploie-de-nouveaux-missiles-13034203.php\" rel=\"nofollow noopener\" target=\"_blank\">REPLAY. Guerre en Ukraine\u00a0: Poutine envisagerait de reprendre les essais nucl\u00e9aires russes apr\u00e8s les propos de Trump<\/a>\n    <\/p>\n<p>\u00ab\u00a0Les plus jeunes sont particuli\u00e8rement touch\u00e9s. L\u2019effet de la propagande est si puissant que ceux qui \u00e9taient contre la Russie commencent \u00e0 y croire. M\u00eame des enfants de 14 ans ne se souviennent plus vraiment \u00e0 quoi ressemblait la vie en Ukraine\u00a0\u00bb, explique Oleksandr, 19 ans, qui a v\u00e9cu pendant trois ans sous occupation russe. Depuis les autorit\u00e9s ont lanc\u00e9 une campagne nationale pour recueillir l\u2019ADN des familles d\u2019enfants transf\u00e9r\u00e9s en Russie afin de cr\u00e9er une base de donn\u00e9es.<\/p>\n","protected":false},"excerpt":{"rendered":"l&rsquo;essentiel Depuis 2022, pr\u00e8s de 20\u00a0000 enfants ukrainiens ont \u00e9t\u00e9 d\u00e9port\u00e9s en Russie. Trois ans plus tard, la&hellip;\n","protected":false},"author":2,"featured_media":515873,"comment_status":"","ping_status":"","sticky":false,"template":"","format":"standard","meta":{"footnotes":""},"categories":[1591],"tags":[11,1887,12,1885,1886,132],"class_list":{"0":"post-515872","1":"post","2":"type-post","3":"status-publish","4":"format-standard","5":"has-post-thumbnail","7":"category-russie","8":"tag-actualites","9":"tag-federation-de-russie","10":"tag-news","11":"tag-russia","12":"tag-russian-federation","13":"tag-russie"},"share_on_mastodon":{"url":"https:\/\/pubeurope.com\/@fr\/115502745288617535","error":""},"_links":{"self":[{"href":"https:\/\/www.europesays.com\/fr\/wp-json\/wp\/v2\/posts\/515872","targetHints":{"allow":["GET"]}}],"collection":[{"href":"https:\/\/www.europesays.com\/fr\/wp-json\/wp\/v2\/posts"}],"about":[{"href":"https:\/\/www.europesays.com\/fr\/wp-json\/wp\/v2\/types\/post"}],"author":[{"embeddable":true,"href":"https:\/\/www.europesays.com\/fr\/wp-json\/wp\/v2\/users\/2"}],"replies":[{"embeddable":true,"href":"https:\/\/www.europesays.com\/fr\/wp-json\/wp\/v2\/comments?post=515872"}],"version-history":[{"count":0,"href":"https:\/\/www.europesays.com\/fr\/wp-json\/wp\/v2\/posts\/515872\/revisions"}],"wp:featuredmedia":[{"embeddable":true,"href":"https:\/\/www.europesays.com\/fr\/wp-json\/wp\/v2\/media\/515873"}],"wp:attachment":[{"href":"https:\/\/www.europesays.com\/fr\/wp-json\/wp\/v2\/media?parent=515872"}],"wp:term":[{"taxonomy":"category","embeddable":true,"href":"https:\/\/www.europesays.com\/fr\/wp-json\/wp\/v2\/categories?post=515872"},{"taxonomy":"post_tag","embeddable":true,"href":"https:\/\/www.europesays.com\/fr\/wp-json\/wp\/v2\/tags?post=515872"}],"curies":[{"name":"wp","href":"https:\/\/api.w.org\/{rel}","templated":true}]}}