{"id":515874,"date":"2025-11-06T12:26:20","date_gmt":"2025-11-06T12:26:20","guid":{"rendered":"https:\/\/www.europesays.com\/fr\/515874\/"},"modified":"2025-11-06T12:26:20","modified_gmt":"2025-11-06T12:26:20","slug":"de-retour-en-ukraine-angelina-jolie-rend-visite-a-des-enfants-malades-a-kherson","status":"publish","type":"post","link":"https:\/\/www.europesays.com\/fr\/515874\/","title":{"rendered":"De retour en Ukraine, Angelina Jolie rend visite \u00e0 des enfants malades \u00e0 Kherson"},"content":{"rendered":"<ul class=\"jsx-862013697 ArticleChapo__List\">\n<li class=\"jsx-862013697 ArticleChapo__List_Item flex\">L&rsquo;actrice am\u00e9ricaine s&rsquo;est rendue \u00e0 titre priv\u00e9 dans une maternit\u00e9 et un h\u00f4pital pour enfants mercredi 5 novembre.<\/li>\n<li class=\"jsx-862013697 ArticleChapo__List_Item flex\">C&rsquo;\u00e9tait sa deuxi\u00e8me visite depuis l&rsquo;invasion de l&rsquo;Ukraine par la Russie.<\/li>\n<li class=\"jsx-862013697 ArticleChapo__List_Item flex\">Au printemps 2022, elle avait d\u00e9j\u00e0 effectu\u00e9 un d\u00e9placement \u00e0 Lviv, pour rencontrer des d\u00e9plac\u00e9s.<\/li>\n<\/ul>\n<p data-module=\"article-paragraph\" class=\"jsx-3046738180 Paragraph Paragraph__End\">Ancienne \u00e9missaire de l&rsquo;ONU pour les r\u00e9fugi\u00e9s, Angelina Jolie a effectu\u00e9 mercredi une visite surprise \u00e0 <a href=\"https:\/\/www.tf1info.fr\/international\/reportage-video-guerre-russie-ukraine-la-vie-sous-les-bombes-kherson-ville-fantome-apres-deux-ans-de-conflit-2286957.html\" target=\"_blank\" rel=\"noopener\">Kherson, dans le sud de l&rsquo;Ukraine<\/a>, ont r\u00e9v\u00e9l\u00e9 des m\u00e9dias locaux. L&rsquo;actrice am\u00e9ricaine de 50 ans a visit\u00e9 des \u00e9tablissements m\u00e9dicaux, dont une maternit\u00e9 et un h\u00f4pital pour enfants, dans cette ville occup\u00e9e par la Russie pendant plusieurs mois en 2022.<\/p>\n<p data-module=\"article-paragraph\" class=\"jsx-3046738180 Paragraph Paragraph__End\">Sur une photo communiqu\u00e9e \u00e0 l&rsquo;AFP par l&rsquo;ONG Legacy of War Foundation, on peut voir l&rsquo;h\u00e9ro\u00efne de Mal\u00e9fique en gilet pare-balle, entour\u00e9e de soldats et de responsables de l&rsquo;association.<\/p>\n<p><img decoding=\"async\" src=\"https:\/\/www.europesays.com\/fr\/wp-content\/uploads\/2025\/11\/angelina-jolie-ukraine-cae4b4-0@1x.jpeg\" alt=\"Angelina Jolie \u00e0 Kherson, le 5 novembre 2025. - AFP\" loading=\"lazy\" importance=\"low\" fetchpriority=\"low\" class=\"\" data-module=\"article-image\"\/>Angelina Jolie \u00e0 Kherson, le 5 novembre 2025. &#8211; AFP<\/p>\n<p data-module=\"article-paragraph\" class=\"jsx-3046738180 Paragraph Paragraph__End\">Sur une autre, elle est en compagnie d&rsquo;enfants malades, dans un h\u00f4pital&#8230;<\/p>\n<p><img decoding=\"async\" src=\"https:\/\/www.europesays.com\/fr\/wp-content\/uploads\/2025\/11\/angelina-jolie-kherson-e16967-0@1x.jpeg\" alt=\"Angelina Jolie dans un h\u00f4pital pour enfants \u00e0 Kherson, le 5 novembre 2025. - AFP\" loading=\"lazy\" importance=\"low\" fetchpriority=\"low\" class=\"\" data-module=\"article-image\"\/>Angelina Jolie dans un h\u00f4pital pour enfants \u00e0 Kherson, le 5 novembre 2025. &#8211; AFP<\/p>\n<p data-module=\"article-paragraph\" class=\"jsx-3046738180 Paragraph Paragraph__End\">Angelina Jolie avait d\u00e9j\u00e0 visit\u00e9 l&rsquo;Ukraine<a href=\"https:\/\/www.tf1info.fr\/international\/guerre-en-ukraine-angelina-jolie-apercue-dans-un-cafe-a-lviv-a-l-ouest-du-pays-2218296.html\" target=\"_blank\" rel=\"noopener\"> quelques mois apr\u00e8s le d\u00e9but de l&rsquo;invasion russe<\/a> et rencontr\u00e9 des d\u00e9plac\u00e9s \u00e0 Lviv, dans l&rsquo;ouest. Sur des images post\u00e9es \u00e0 l&rsquo;\u00e9poque sur les r\u00e9seaux sociaux, on pouvait la voir \u00eatre \u00e9vacu\u00e9e en urgence par ses gardes du corps durant une alerte \u00e0 la bombe.<\/p>\n<p><a href=\"https:\/\/www.tf1info.fr\/politique\/video-guerre-en-ukraine-en-visite-a-lviv-angelina-jolie-contrainte-d-evacuer-lors-d-une-alerte-2218342.html\" rel=\"noopener\" class=\"jsx-3308031228 Link flex\" target=\"_blank\"><img decoding=\"async\" src=\"https:\/\/www.europesays.com\/fr\/wp-content\/uploads\/2025\/11\/angelina-jolie-16-mars-8928ca-0@1x.jpeg\" alt=\"Angelina Jolie, le 16 mars 2022.\" loading=\"lazy\" importance=\"low\" fetchpriority=\"low\" class=\"\" aria-hidden=\"true\"\/><\/p>\n<p class=\"jsx-3657663356 ReadMoreArticle__Title\">Lire aussi<\/p>\n<p class=\"jsx-3657663356\">VID\u00c9O &#8211; Guerre en Ukraine : en visite \u00e0 Lviv, Angelina Jolie contrainte d&rsquo;\u00e9vacuer lors d&rsquo;une alerte <\/p>\n<p><\/a><\/p>\n<p data-module=\"article-paragraph\" class=\"jsx-3046738180 Paragraph Paragraph__End\">Pendant une vingtaine d&rsquo;ann\u00e9es, l&rsquo;ex-\u00e9pouse de Brad Pitt a effectu\u00e9 plus de 60 missions sur le terrain, pr\u00eatant sa c\u00e9l\u00e9brit\u00e9 et la certitude d&rsquo;attirer les m\u00e9dias dans ses d\u00e9placements \u00e0 la cause des r\u00e9fugi\u00e9s. Un r\u00f4le auquel elle a renonc\u00e9 en 2022, ce qui ne l&#8217;emp\u00eache pas de continuer \u00e0 s&rsquo;investir depuis.<\/p>\n<p>J\u00e9r\u00f4me VERMELIN<\/p>\n","protected":false},"excerpt":{"rendered":"L&rsquo;actrice am\u00e9ricaine s&rsquo;est rendue \u00e0 titre priv\u00e9 dans une maternit\u00e9 et un h\u00f4pital pour enfants mercredi 5 novembre.&hellip;\n","protected":false},"author":2,"featured_media":515875,"comment_status":"","ping_status":"","sticky":false,"template":"","format":"standard","meta":{"footnotes":""},"categories":[1590],"tags":[1111,11,15216,1921,650,1777,674,1922,2041,12,973,220,1917,133,2040],"class_list":{"0":"post-515874","1":"post","2":"type-post","3":"status-publish","4":"format-standard","5":"has-post-thumbnail","7":"category-ukraine","8":"tag-actu","9":"tag-actualites","10":"tag-angelina-jolie","11":"tag-article-video","12":"tag-cinema","13":"tag-eu","14":"tag-europe","15":"tag-info","16":"tag-medias-et-divertissement","17":"tag-news","18":"tag-people","19":"tag-ukraine","20":"tag-ukraine-4-annee-de-guerre","21":"tag-video","22":"tag-video-culture"},"share_on_mastodon":{"url":"https:\/\/pubeurope.com\/@fr\/115502749859929030","error":""},"_links":{"self":[{"href":"https:\/\/www.europesays.com\/fr\/wp-json\/wp\/v2\/posts\/515874","targetHints":{"allow":["GET"]}}],"collection":[{"href":"https:\/\/www.europesays.com\/fr\/wp-json\/wp\/v2\/posts"}],"about":[{"href":"https:\/\/www.europesays.com\/fr\/wp-json\/wp\/v2\/types\/post"}],"author":[{"embeddable":true,"href":"https:\/\/www.europesays.com\/fr\/wp-json\/wp\/v2\/users\/2"}],"replies":[{"embeddable":true,"href":"https:\/\/www.europesays.com\/fr\/wp-json\/wp\/v2\/comments?post=515874"}],"version-history":[{"count":0,"href":"https:\/\/www.europesays.com\/fr\/wp-json\/wp\/v2\/posts\/515874\/revisions"}],"wp:featuredmedia":[{"embeddable":true,"href":"https:\/\/www.europesays.com\/fr\/wp-json\/wp\/v2\/media\/515875"}],"wp:attachment":[{"href":"https:\/\/www.europesays.com\/fr\/wp-json\/wp\/v2\/media?parent=515874"}],"wp:term":[{"taxonomy":"category","embeddable":true,"href":"https:\/\/www.europesays.com\/fr\/wp-json\/wp\/v2\/categories?post=515874"},{"taxonomy":"post_tag","embeddable":true,"href":"https:\/\/www.europesays.com\/fr\/wp-json\/wp\/v2\/tags?post=515874"}],"curies":[{"name":"wp","href":"https:\/\/api.w.org\/{rel}","templated":true}]}}