{"id":515876,"date":"2025-11-06T12:27:13","date_gmt":"2025-11-06T12:27:13","guid":{"rendered":"https:\/\/www.europesays.com\/fr\/515876\/"},"modified":"2025-11-06T12:27:13","modified_gmt":"2025-11-06T12:27:13","slug":"les-usa-vont-deployer-des-forces-sur-une-base-aerienne-de-damas-selon-des-sources","status":"publish","type":"post","link":"https:\/\/www.europesays.com\/fr\/515876\/","title":{"rendered":"Les USA vont d\u00e9ployer des forces sur une base a\u00e9rienne de Damas, selon des sources"},"content":{"rendered":"<p>AMMAN\/DAMAS (Reuters) &#8211;     Les \u00c9tats-Unis se pr\u00e9parent \u00e0 \u00e9tablir une emprise militaire sur une base a\u00e9rienne pr\u00e8s de la capitale syrienne Damas afin de faciliter la mise en oeuvre d&rsquo;un pacte de s\u00e9curit\u00e9 que Washington n\u00e9gocie entre la Syrie et Isra\u00ebl, ont d\u00e9clar\u00e9 \u00e0 Reuters cinq sources au fait des pr\u00e9paratifs.<\/p>\n<p>\n              Ce d\u00e9ploiement am\u00e9ricain, qui n&rsquo;a pas encore \u00e9t\u00e9 rendu public, illustre le rapprochement strat\u00e9gique de la Syrie avec les \u00c9tats-Unis depuis que le pr\u00e9sident Bachar al Assad, alli\u00e9 de longue date de l&rsquo;Iran et de la Russie, a \u00e9t\u00e9 renvers\u00e9 par une coalition rebelle islamiste l&rsquo;an dernier.<\/p>\n<p>\n              L&#8217;emprise \u00e0 Damas permettrait notamment aux \u00c9tats-Unis de surveiller le respect d&rsquo;une zone d\u00e9militaris\u00e9e dans le sud du pays, souhait\u00e9e par l&rsquo;administration Trump dans le cadre d&rsquo;un pacte de non-agression entre la Syrie et Isra\u00ebl.<\/p>\n<p>\n              Selon une source syrienne, Washington exerce une forte pression pour qu&rsquo;un tel accord, initialement esp\u00e9r\u00e9 au moment de l&rsquo;Assembl\u00e9e g\u00e9n\u00e9rale de l&rsquo;Onu le mois dernier, intervienne d&rsquo;ici la fin de l&rsquo;ann\u00e9e, voire avant la visite aux \u00c9tats-Unis du pr\u00e9sident int\u00e9rimaire syrien Ahmed al Charaa, qui sera re\u00e7u lundi prochain \u00e0 la Maison blanche. <\/p>\n<p>\n              Reuters s&rsquo;est entretenu avec cinq sources au fait des discussions, dont deux responsables occidentaux et un responsable de la d\u00e9fense syrienne, qui ont confirm\u00e9 que les \u00c9tats-Unis pr\u00e9voyaient de d\u00e9ployer des forces \u00e0 Damas. Les sources n&rsquo;ont pas pr\u00e9cis\u00e9 la nature de ces forces, ni le calendrier de leur d\u00e9ploiement.<\/p>\n<p>\n              Ni le Pentagone, ni les autorit\u00e9s syriennes n&rsquo;ont r\u00e9pondu aux sollicitations de Reuters pour le moment.<\/p>\n<p><b>SUPERVISION DES CESSEZ-LE-FEU<\/b><\/p>\n<p>\n              Un responsable de l&rsquo;administration Trump s&rsquo;est content\u00e9 de dire que les \u00c9tats-Unis \u00ab\u00a0\u00e9valuent constamment leur posture n\u00e9cessaire en Syrie pour combattre efficacement l&rsquo;EI (\u00c9tat islamique) et ne font pas de commentaire sur les lieux o\u00f9 leurs forces op\u00e8rent ou sont susceptibles d&rsquo;op\u00e9rer\u00a0\u00bb.<\/p>\n<p>\n              Il a demand\u00e9 que le nom et l&#8217;emplacement exact de la base a\u00e9rienne sur laquelle l&#8217;emprise devrait \u00eatre \u00e9tablie ne soit pas mentionn\u00e9 pour des raisons de \u00ab\u00a0s\u00e9curit\u00e9 op\u00e9rationnelle\u00a0\u00bb.<\/p>\n<p>\n              Un militaire occidental et un responsable de la d\u00e9fense syrienne ont d\u00e9clar\u00e9 que le Pentagone avait acc\u00e9l\u00e9r\u00e9 ce projet ces deux derniers mois en menant plusieurs missions de reconnaissance sur la base, notamment des vols d&rsquo;avions de transport militaire C-130, ce qui a permis d&rsquo;\u00e9tablir que la piste d&rsquo;atterrissage \u00e9tait imm\u00e9diatement utilisable.<\/p>\n<p>\n              Ce projet d&#8217;emprise fait \u00e9cho \u00e0 deux nouvelles implantations militaires am\u00e9ricaines dans la r\u00e9gion, l&rsquo;une au Liban pour superviser l&rsquo;accord de cessez-le-feu conclu l&rsquo;an dernier entre le Hezbollah et Isra\u00ebl, et l&rsquo;autre en Isra\u00ebl pour surveiller celui avec le Hamas dans la bande de Gaza.<\/p>\n<p>\n              Les \u00c9tats-Unis ont d\u00e9j\u00e0 des troupes stationn\u00e9es dans le nord-est de la Syrie, en territoire kurde, dans le cadre de la coalition internationale contre l&rsquo;EI. Le Pentagone a annonc\u00e9 en avril une r\u00e9duction de moiti\u00e9 de ces effectifs, les ramenant \u00e0 1.000 soldats.<\/p>\n<p>\n              Ahmed al Charaa a pour sa part d\u00e9clar\u00e9 que toute pr\u00e9sence de troupes am\u00e9ricaines en Syrie devrait \u00e0 l&rsquo;avenir faire l&rsquo;objet d&rsquo;un accord avec les nouvelles autorit\u00e9s de Damas. La Syrie devrait rejoindre prochainement la coalition internationale contre Daech, selon des responsables am\u00e9ricains et syriens.<\/p>\n<p> (Reportage de Timour Azhari, Suleiman al-Khalidi et Feras Dalatey, r\u00e9dig\u00e9 par Maya Gebeily ; version fran\u00e7aise Tangi Sala\u00fcn, \u00e9dit\u00e9 par Blandine H\u00e9nault)<\/p>\n","protected":false},"excerpt":{"rendered":"AMMAN\/DAMAS (Reuters) &#8211; Les \u00c9tats-Unis se pr\u00e9parent \u00e0 \u00e9tablir une emprise militaire sur une base a\u00e9rienne pr\u00e8s de&hellip;\n","protected":false},"author":2,"featured_media":515877,"comment_status":"","ping_status":"","sticky":false,"template":"","format":"standard","meta":{"footnotes":""},"categories":[1589],"tags":[11,340,73,1866,12,1864,1865,1863,308],"class_list":{"0":"post-515876","1":"post","2":"type-post","3":"status-publish","4":"format-standard","5":"has-post-thumbnail","7":"category-etats-unis","8":"tag-actualites","9":"tag-bourse","10":"tag-etats-unis","11":"tag-etats-unis-damerique","12":"tag-news","13":"tag-united-states","14":"tag-united-states-of-america","15":"tag-us","16":"tag-usa"},"share_on_mastodon":{"url":"https:\/\/pubeurope.com\/@fr\/115502753020015290","error":""},"_links":{"self":[{"href":"https:\/\/www.europesays.com\/fr\/wp-json\/wp\/v2\/posts\/515876","targetHints":{"allow":["GET"]}}],"collection":[{"href":"https:\/\/www.europesays.com\/fr\/wp-json\/wp\/v2\/posts"}],"about":[{"href":"https:\/\/www.europesays.com\/fr\/wp-json\/wp\/v2\/types\/post"}],"author":[{"embeddable":true,"href":"https:\/\/www.europesays.com\/fr\/wp-json\/wp\/v2\/users\/2"}],"replies":[{"embeddable":true,"href":"https:\/\/www.europesays.com\/fr\/wp-json\/wp\/v2\/comments?post=515876"}],"version-history":[{"count":0,"href":"https:\/\/www.europesays.com\/fr\/wp-json\/wp\/v2\/posts\/515876\/revisions"}],"wp:featuredmedia":[{"embeddable":true,"href":"https:\/\/www.europesays.com\/fr\/wp-json\/wp\/v2\/media\/515877"}],"wp:attachment":[{"href":"https:\/\/www.europesays.com\/fr\/wp-json\/wp\/v2\/media?parent=515876"}],"wp:term":[{"taxonomy":"category","embeddable":true,"href":"https:\/\/www.europesays.com\/fr\/wp-json\/wp\/v2\/categories?post=515876"},{"taxonomy":"post_tag","embeddable":true,"href":"https:\/\/www.europesays.com\/fr\/wp-json\/wp\/v2\/tags?post=515876"}],"curies":[{"name":"wp","href":"https:\/\/api.w.org\/{rel}","templated":true}]}}