{"id":515878,"date":"2025-11-06T12:28:16","date_gmt":"2025-11-06T12:28:16","guid":{"rendered":"https:\/\/www.europesays.com\/fr\/515878\/"},"modified":"2025-11-06T12:28:16","modified_gmt":"2025-11-06T12:28:16","slug":"au-royaume-uni-les-vapoteurs-ont-depasse-les-fumeurs-cest-une-bonne-nouvelle-pour-la-sante-publique","status":"publish","type":"post","link":"https:\/\/www.europesays.com\/fr\/515878\/","title":{"rendered":"Au Royaume-Uni, les vapoteurs ont d\u00e9pass\u00e9 les fumeurs : \u00ab\u00a0C&rsquo;est une bonne nouvelle pour la sant\u00e9 publique\u00a0\u00bb"},"content":{"rendered":"<p>Un arsenal de mesures<\/p>\n<p class=\"ap-StoryElement ap-StoryElement--mb ap-StoryText\">Ce tournant est li\u00e9 \u00e0 deux mouvements contraires. Tout d&rsquo;abord, le nombre de fumeurs a largement diminu\u00e9 au cours des trois derni\u00e8res d\u00e9cennies. En 1996, 28 % des plus de 16 ans fumaient. Le lancement du rapport \u00ab\u00a0Fumer tue\u00a0\u00bb en d\u00e9cembre 1998 par le gouvernement travailliste s&rsquo;est r\u00e9v\u00e9l\u00e9 \u00eatre \u00ab\u00a0un moment cl\u00e9 : \u00e0 partir de l\u00e0, se sont multipli\u00e9es les mesures pour r\u00e9duire l&rsquo;attrait et la disponibilit\u00e9 des cigarettes\u00a0\u00bb, nous indique Nicholas Hopkinson, professeur de m\u00e9decine respiratoire \u00e0 l&rsquo;Imperial College, et pr\u00e9sident d&rsquo;ASH.<\/p>\n<p class=\"ap-StoryElement ap-StoryElement--mb ap-StoryText\">Chronologiquement, il y eut la hausse des taxes sur les cigarettes en 1998 et en 2012 ; l&rsquo;interdiction de publicit\u00e9 en faveur du tabac en 2003 ; l&rsquo;interdiction de fumer dans des espaces publics clos et le passage de 16 \u00e0 18 ans de l&rsquo;\u00e2ge l\u00e9gal de vente des cigarettes en 2007 ; l&rsquo;interdiction des distributeurs automatiques en 2011 ; l&rsquo;interdiction d&rsquo;exposer les cigarettes en magasin en 2012 ; l&rsquo;obligation d&#8217;emballage des paquets de cigarettes neutres et l&rsquo;interdiction de fumer en voiture avec un mineur en 2015.<\/p>\n<p><a href=\"https:\/\/www.lalibre.be\/international\/2025\/10\/06\/nouveau-changement-en-vue-pour-les-fumeurs-les-cigarettes-avec-filtre-pourraient-disparaitre-SOWYOV36YNCE7OLPVIPUJK74XY\/\" target=\"_self\" class=\"ap-StoryInterstitialLink ap-StoryElement ap-StoryElement--mb\" rel=\"noopener\">Nouveau changement en vue pour les fumeurs: les cigarettes avec filtre pourraient dispara\u00eetre <\/a><\/p>\n<p class=\"ap-StoryElement ap-StoryElement--mb ap-StoryText\">En parall\u00e8le, la consommation de cigarette \u00e9lectronique a fortement progress\u00e9. Le nombre de ses utilisateurs a progress\u00e9 de 5,9 % de la population en 2023 \u00e0 6,7 % l&rsquo;an dernier. Cette hausse est port\u00e9e par deux cat\u00e9gories d&rsquo;\u00e2ge, les 25-34 ans et les 35-49 ans, alors que les autres ont l\u00e9g\u00e8rement diminu\u00e9 leur consommation. La moiti\u00e9 des vapoteurs sont des fumeurs ou d&rsquo;anciens fumeurs. Ce report a en grande partie \u00e9t\u00e9 provoqu\u00e9 par les autorit\u00e9s, qui ont promu l&rsquo;usage du vapotage aupr\u00e8s des fumeurs pour \u00ab\u00a0diminuer de mani\u00e8re substantielle les risques pour leur sant\u00e9\u00a0\u00bb, indique le m\u00e9decin.<\/p>\n<p class=\"ap-StoryElement ap-StoryElement--mb ap-StoryText\">Il ne fait gu\u00e8re de doute que cette tendance se poursuivra. \u00c0 partir du 1er janvier 2026, il deviendra en effet \u00ab\u00a0ill\u00e9gal de vendre des produits du tabac \u00e0 toute personne n\u00e9e le 1er janvier 2009 ou apr\u00e8s cette date\u00a0\u00bb, comme l&rsquo;indiqueront bient\u00f4t tous les points de vente de cigarettes. Ces personnes ne pourront d\u00e8s lors jamais acheter de tabac sur le sol britannique.<\/p>\n<p><a href=\"https:\/\/www.lalibre.be\/debats\/opinions\/2025\/10\/21\/le-commerce-illegal-du-tabac-excuse-ou-realite-DWA5G2V6CJFTLHL5YQF5MALJYI\/\" target=\"_self\" class=\"ap-StoryInterstitialLink ap-StoryElement ap-StoryElement--mb\" rel=\"noopener\">Le commerce ill\u00e9gal du tabac : excuse ou r\u00e9alit\u00e9 ?<\/a>La fin des jetables<\/p>\n<p class=\"ap-StoryElement ap-StoryElement--mb ap-StoryText\">Si la nature du risque des cigarettes \u00e9lectroniques pour la sant\u00e9 n&rsquo;est pas clairement \u00e9tablie, le gouvernement se montre suffisamment inquiet pour avoir interdit, depuis le mois de juin, la vente des cigarettes \u00e9lectroniques jetables. Il cherchait ainsi \u00e0 r\u00e9duire les d\u00e9chets, en raison des milliers de ces objets mis \u00e0 la poubelle chaque jour, et \u00e0 r\u00e9duire le nombre de mineurs et de jeunes majeurs attir\u00e9s par ce nouveau produit \u00e0 la mode.<\/p>\n<p class=\"ap-StoryElement ap-StoryElement--mb ap-StoryText\">Mais il semble que sa mesure ne soit concr\u00e8tement pas respect\u00e9e. Les compagnies de cigarettes \u00e9lectroniques ont en effet lanc\u00e9 sur le march\u00e9 des cigarettes r\u00e9utilisables \u00e0 un prix tellement faible qu&rsquo;elles sont aujourd&rsquo;hui jet\u00e9es comme les pr\u00e9c\u00e9dentes par les utilisateurs, a indiqu\u00e9 l&rsquo;entreprise Biffa, en charge de la collecte de 20 % des d\u00e9chets britanniques. \u00ab\u00a0L&rsquo;innovation est devenue folle pour essayer de contourner l&rsquo;interdiction, ce qui rend notre travail de recyclage beaucoup plus difficile\u00a0\u00bb, a fait savoir \u00e0 la BBC Roger Wright, l&rsquo;un de ses responsables. Avant l&rsquo;interdiction, Biffa avait collect\u00e9 en moyenne 200 000 cigarettes jetables dans les poubelles par mois. Depuis le mois de juin, l&rsquo;organisme en a trouv\u00e9 3 % de plus.<\/p>\n","protected":false},"excerpt":{"rendered":"Un arsenal de mesures Ce tournant est li\u00e9 \u00e0 deux mouvements contraires. Tout d&rsquo;abord, le nombre de fumeurs&hellip;\n","protected":false},"author":2,"featured_media":515879,"comment_status":"","ping_status":"","sticky":false,"template":"","format":"standard","meta":{"footnotes":""},"categories":[1588],"tags":[11,9499,1206,63651,63652,3623,53724,63653,1208,30721,29329,63654,9508,63655,6583,10104,63656,61376,63657,1777,674,15683,63658,727,63659,63660,63661,63662,63663,63664,63665,1305,50258,5803,37799,12,63666,973,1238,9026,63667,473,1853,19588,49625,3845,63668,1851,1850,1852,63669,63670,63671,63672,9496,29350],"class_list":{"0":"post-515878","1":"post","2":"type-post","3":"status-publish","4":"format-standard","5":"has-post-thumbnail","7":"category-royaume-uni","8":"tag-actualites","9":"tag-adult","10":"tag-autumn","11":"tag-beard","12":"tag-bearded","13":"tag-black","14":"tag-black-and-white","15":"tag-black-jacket","16":"tag-building","17":"tag-cap","18":"tag-casual","19":"tag-casual-clothes","20":"tag-caucasian","21":"tag-caucasian-white","22":"tag-cigarette","23":"tag-close-up","24":"tag-e-cig","25":"tag-e-cigarette","26":"tag-electronic-cigarette","27":"tag-eu","28":"tag-europe","29":"tag-fashion","30":"tag-futuristic","31":"tag-gadget","32":"tag-gadget-man","33":"tag-handsome","34":"tag-handsome-guy","35":"tag-handsome-man","36":"tag-handsome-young-man","37":"tag-hat","38":"tag-jacket","39":"tag-lifestyle","40":"tag-male","41":"tag-man","42":"tag-modern","43":"tag-news","44":"tag-no-smoking","45":"tag-people","46":"tag-person","47":"tag-portrait","48":"tag-posing","49":"tag-royaume-uni","50":"tag-royaume-uni-de-grande-bretagne-et-dirlande-du-nord","51":"tag-smoke","52":"tag-spring","53":"tag-street","54":"tag-teenager","55":"tag-uk","56":"tag-united-kingdom","57":"tag-united-kingdom-of-great-britain-and-northern-ireland","58":"tag-vape","59":"tag-vaping","60":"tag-vaporizer","61":"tag-waistcoat","62":"tag-white","63":"tag-young"},"share_on_mastodon":{"url":"","error":"Validation failed: Text character limit of 500 exceeded"},"_links":{"self":[{"href":"https:\/\/www.europesays.com\/fr\/wp-json\/wp\/v2\/posts\/515878","targetHints":{"allow":["GET"]}}],"collection":[{"href":"https:\/\/www.europesays.com\/fr\/wp-json\/wp\/v2\/posts"}],"about":[{"href":"https:\/\/www.europesays.com\/fr\/wp-json\/wp\/v2\/types\/post"}],"author":[{"embeddable":true,"href":"https:\/\/www.europesays.com\/fr\/wp-json\/wp\/v2\/users\/2"}],"replies":[{"embeddable":true,"href":"https:\/\/www.europesays.com\/fr\/wp-json\/wp\/v2\/comments?post=515878"}],"version-history":[{"count":0,"href":"https:\/\/www.europesays.com\/fr\/wp-json\/wp\/v2\/posts\/515878\/revisions"}],"wp:featuredmedia":[{"embeddable":true,"href":"https:\/\/www.europesays.com\/fr\/wp-json\/wp\/v2\/media\/515879"}],"wp:attachment":[{"href":"https:\/\/www.europesays.com\/fr\/wp-json\/wp\/v2\/media?parent=515878"}],"wp:term":[{"taxonomy":"category","embeddable":true,"href":"https:\/\/www.europesays.com\/fr\/wp-json\/wp\/v2\/categories?post=515878"},{"taxonomy":"post_tag","embeddable":true,"href":"https:\/\/www.europesays.com\/fr\/wp-json\/wp\/v2\/tags?post=515878"}],"curies":[{"name":"wp","href":"https:\/\/api.w.org\/{rel}","templated":true}]}}