{"id":515880,"date":"2025-11-06T12:29:13","date_gmt":"2025-11-06T12:29:13","guid":{"rendered":"https:\/\/www.europesays.com\/fr\/515880\/"},"modified":"2025-11-06T12:29:13","modified_gmt":"2025-11-06T12:29:13","slug":"jeff-strasser-devoile-sa-liste-pour-lallemagne-et-lirlande-du-nord","status":"publish","type":"post","link":"https:\/\/www.europesays.com\/fr\/515880\/","title":{"rendered":"Jeff Strasser d\u00e9voile sa liste pour l&rsquo;Allemagne et l&rsquo;Irlande du Nord"},"content":{"rendered":"<p class=\"Paragraph_paragraph__nQNQ9 Paragraph_paragraph--default-lg-default__2m2_h articleParagraph\">Fin de campagne en vue pour Jeff Strasser qui a communiqu\u00e9 ce jeudi \u00e0 Mondercange sa liste pour les deux derniers matchs de ces qualifications pour la Coupe du monde aux \u00c9tats-Unis, au Mexique et au Canada. Rappelons que le Luxembourg ne peut d\u00e9j\u00e0 plus pr\u00e9tendre \u00e0 se qualifier pour le Mondial. <\/p>\n<p class=\"Paragraph_paragraph__nQNQ9 Paragraph_paragraph--default-lg-default__2m2_h articleParagraph\">Le Luxembourg donnera d\u2019abord la r\u00e9plique \u00e0 la Mannschaft le vendredi 14 novembre \u00e0 20h45 au Stade de Luxembourg avant de boucler la boucle \u00e0 Belfast le lundi 17 novembre \u00e0 la m\u00eame heure.<\/p>\n<p><a href=\"https:\/\/www.virgule.lu\/sports\/le-luxembourg-laisse-passer-sa-chance-la-slovaquie-s-en-saisit\/97255293.html\" class=\"RelatedTeaser_related-teaser__pNEhJ RelatedTeaser_related-teaser--image__dk4DP read-more_withImage__1YJa_\" data-article-id=\"97255293\" target=\"_blank\" rel=\"noopener\"><\/p>\n<p>Lire aussi :Le Luxembourg laisse passer sa chance, la Slovaquie s\u2019en saisit<\/p>\n<p><\/a><\/p>\n<p class=\"Paragraph_paragraph__nQNQ9 Paragraph_paragraph--default-lg-default__2m2_h articleParagraph\">Le s\u00e9lectionneur n\u2019a pas op\u00e9r\u00e9 de changements majeurs par rapport au dernier rassemblement qui a conduit les Lions Rouges \u00e0 Sinsheim (0-4 contre l\u2019Allemagne) et \u00e0 Trnava (0-2 contre la Slovaquie). Il a toutefois d\u00e9plor\u00e9 deux absences de marque: Enes Mahmutovic, qui s\u2019est donn\u00e9 une blessure aux adducteurs avec son club de Breda et qui devra observer une p\u00e9riode de repos de trois semaines et Yvandro Borges, qui n\u2019est pas \u00e0 100% de ses moyens. \u00abIl a \u00e9t\u00e9 d\u00e9cid\u00e9, en accord avec son club d\u2019Heracles, de le laisser \u00e0 sa disposition. Il passera une IRM dans les prochaines heures pour pr\u00e9ciser la nature de sa blessure.\u00bb<\/p>\n<p class=\"Paragraph_paragraph__nQNQ9 Paragraph_paragraph--default-lg-default__2m2_h articleParagraph\">Ces deux absences s\u2019ajoutent \u00e0 celles de plus longue dur\u00e9e de Vincent Thill, de retour au pays o\u00f9 il est notamment pris en charge par le LIHPS pour revenir \u00e0 un niveau de forme susceptible de s\u00e9duire un nouveau club au mercato hivernal. Mica Pinto n\u2019est, lui, pas bless\u00e9 mais est toujours sans club. Il n\u2019entre plus dans les options du coach actuellement.<\/p>\n<p>Jouer un r\u00f4le d\u2019arbitre<\/p>\n<p class=\"Paragraph_paragraph__nQNQ9 Paragraph_paragraph--default-lg-default__2m2_h articleParagraph\">Comme il l\u2019a souvent r\u00e9p\u00e9t\u00e9, Jeff Strasser a pr\u00e9f\u00e9r\u00e9 parler des joueurs pr\u00e9sents et notamment de Mirza Mustafic qu\u2019il a rappel\u00e9 apr\u00e8s plusieurs mois d\u2019absence. \u00abSa blessure \u00e0 l\u2019\u00e9paule appartient au pass\u00e9. Son c\u00f4t\u00e9 polyvalent est un atout pour nous\u00bb, a expliqu\u00e9 le Mondorfois, qui s\u2019est justifi\u00e9 aussi sur la pr\u00e9sence du jeune Adulai Djabi Embalo qui joue au Virtus Entella en Italie. \u00abC\u2019est un profil d\u2019attaquant de pointe que nous avons peu. Un peu \u00e0 la Edvin Muratovic mais avec d\u2019autres qualit\u00e9s aussi. C\u2019est important de le voir avec les A pendant une semaine de stage pour voir comment il se comporte.\u00bb<\/p>\n<p class=\"Paragraph_paragraph__nQNQ9 Paragraph_paragraph--default-lg-default__2m2_h articleParagraph\">Le s\u00e9lectionneur a bri\u00e8vement abord\u00e9 la prochaine \u00e9ch\u00e9ance contre l\u2019Allemagne, m\u00eame si le match aller, jou\u00e9 \u00e0 10 contre 11 pendant 70 minutes, n\u2019est pas n\u00e9cessairement \u00e9clairant. \u00abJe peux juste dire qu\u2019on n\u2019a pas d\u00e9but\u00e9 de fa\u00e7on optimale cette rencontre face \u00e0 la pression allemande. On a trop recul\u00e9, mais ce n\u2019est pas \u00e9vident de faire autre chose. La Mannschaft a l\u2019habitude de proc\u00e9der de la sorte face \u00e0 d\u2019autres \u00e9quipes aussi.\u00bb<\/p>\n<p><a href=\"https:\/\/www.virgule.lu\/sports\/sylvain-kastendeuch-je-n-ai-jamais-regrette-d-avoir-ete-trop-gentil\/99207212.html\" class=\"RelatedTeaser_related-teaser__pNEhJ RelatedTeaser_related-teaser--image__dk4DP read-more_withImage__1YJa_\" data-article-id=\"99207212\" target=\"_blank\" rel=\"noopener\"><\/p>\n<p>Lire aussi :Sylvain Kastendeuch: \u00abJe n\u2019ai jamais regrett\u00e9 d\u2019avoir \u00e9t\u00e9 trop gentil\u00bb<\/p>\n<p><\/a><\/p>\n<p class=\"Paragraph_paragraph__nQNQ9 Paragraph_paragraph--default-lg-default__2m2_h articleParagraph\"><a class=\"LinkText_link-text__lvGzt annotation-link_annotationLink__nXU8B\" href=\"https:\/\/www.virgule.lu\/sports\/le-luxembourg-limite-les-degats-face-a-l-allemagne\/96761590.html\" target=\"_blank\" rel=\"noFollow noopener\">Jeff Strasser<\/a> ne s\u2019est pas montr\u00e9 inquiet \u00e0 l\u2019id\u00e9e de voir Seid Korac, sur le banc lors du dernier match avec Venise, manquer de rythme. \u00abGlobalement, le temps de jeu de mes joueurs en club est satisfaisant m\u00eame si c\u2019est compliqu\u00e9 de faire des g\u00e9n\u00e9ralit\u00e9s. Chaque cas m\u00e9riterait une analyse\u00bb.<\/p>\n<p>Pas de suspendu<\/p>\n<p class=\"Paragraph_paragraph__nQNQ9 Paragraph_paragraph--default-lg-default__2m2_h articleParagraph\">Le Luxembourg va tenter de boucler <a class=\"LinkText_link-text__lvGzt annotation-link_annotationLink__nXU8B\" href=\"https:\/\/www.virgule.lu\/sports\/le-luxembourg-laisse-passer-sa-chance-la-slovaquie-s-en-saisit\/97255293.html\" target=\"_blank\" rel=\"noFollow noopener\">cette campagne<\/a> avec au moins un point. Une entreprise \u00e0 hauts risques face \u00e0 deux \u00e9quipes toujours en lice pour la qualification pour la Coupe du monde, \u00e0 moins que l\u2019Irlande du Nord perde en Slovaquie vendredi prochain. \u00abSi on peut jouer un r\u00f4le d\u2019arbitre, on ne va pas s\u2019en priver\u00bb. Aucun joueur n\u2019est suspendu pour le match face aux Aigles vendredi prochain.<\/p>\n<p class=\"Paragraph_paragraph__nQNQ9 Paragraph_paragraph--default-lg-default__2m2_h articleParagraph\">On notera, au passage, que Brian Madjo a disput\u00e9 le tour qualificatif de l\u2019Euro U17 avec l\u2019Angleterre il y a quelques jours. Son \u00e9quipe s\u2019est inclin\u00e9e \u00e0 trois reprises, mais l\u2019attaquant a inscrit deux buts. La position qui consistait \u00e0 dire qu\u2019il ne pourrait pas disputer de matchs de comp\u00e9tition avec l\u2019Angleterre a donc vol\u00e9 en \u00e9clats. Si ces s\u00e9lections ne le bloquent pas juridiquement, elles l\u2019\u00e9loignent de plus en plus d\u2019un hypoth\u00e9tique retour sous le maillot des Lions Rouges.<\/p>\n<p>La listeGardiens de but<\/p>\n<p class=\"Paragraph_paragraph__nQNQ9 Paragraph_paragraph--default-lg-default__2m2_h articleParagraph\">Lucas Fox (1. FC Bocholt, Allemagne), Anthony Moris (Al-Khaleej, Arabie Saoudite), Tiago Pereira (Borussia M\u00f6nchengladbach, Allemagne)<\/p>\n<p>D\u00e9fenseurs<\/p>\n<p class=\"Paragraph_paragraph__nQNQ9 Paragraph_paragraph--default-lg-default__2m2_h articleParagraph\">Dirk Carlson (SKN St. P\u00f6lten, Autriche), Eldin Dzogovic (1. FC Magdebourg, Allemagne), Laurent Jans (SK Beveren, Belgique), Seid Korac (Venise, Italie), Marvin Martins (FC Winterthur, Suisse), Vahid Selimovic (FC Hermannstadt, Roumanie), Eric Veiga (Flamurtari FC, Albanie)<\/p>\n<p>Milieux de terrain<\/p>\n<p class=\"Paragraph_paragraph__nQNQ9 Paragraph_paragraph--default-lg-default__2m2_h articleParagraph\">Leandro Barreiro (SL Benfica, Portugal), Florian Bohnert (SC Bastia, France), Tomas Cruz (SL Benfica, Portugal), Christopher Martins (Spartak Moscou, Russie), Mirza Mustafic (Bali United\/Indon\u00e9sie), Mathias Olesen (Greuther F\u00fcrth, Allemagne), Olivier Thill (FK IMT Belgrade, Serbie), S\u00e9bastien Thill (Stal Rzeszow, Pologne)<\/p>\n<p>Attaquants<\/p>\n<p class=\"Paragraph_paragraph__nQNQ9 Paragraph_paragraph--default-lg-default__2m2_h articleParagraph\">Kenan Avdusinovic (Niedekrorn), Alessio Curci (Neftchi PFK, Azerba\u00efdjan), Aiman Dardari (FC Augsbourg, Allemagne), Adulai Djabi Embalo (Virtus Entella\/Italie), Edvin Muratovic (Odra Opole, Pologne), Danel Sinani (FC St. Pauli, Allemagne)<\/p>\n","protected":false},"excerpt":{"rendered":"Fin de campagne en vue pour Jeff Strasser qui a communiqu\u00e9 ce jeudi \u00e0 Mondercange sa liste pour&hellip;\n","protected":false},"author":2,"featured_media":515881,"comment_status":"","ping_status":"","sticky":false,"template":"","format":"standard","meta":{"footnotes":""},"categories":[1587],"tags":[11,672,1804,1805,1803,1777,674,1801,12,1802],"class_list":{"0":"post-515880","1":"post","2":"type-post","3":"status-publish","4":"format-standard","5":"has-post-thumbnail","7":"category-allemagne","8":"tag-actualites","9":"tag-allemagne","10":"tag-bundesrepublik-deutschland","11":"tag-de","12":"tag-deutschland","13":"tag-eu","14":"tag-europe","15":"tag-germany","16":"tag-news","17":"tag-republique-federale-dallemagne"},"share_on_mastodon":{"url":"https:\/\/pubeurope.com\/@fr\/115502761159956224","error":""},"_links":{"self":[{"href":"https:\/\/www.europesays.com\/fr\/wp-json\/wp\/v2\/posts\/515880","targetHints":{"allow":["GET"]}}],"collection":[{"href":"https:\/\/www.europesays.com\/fr\/wp-json\/wp\/v2\/posts"}],"about":[{"href":"https:\/\/www.europesays.com\/fr\/wp-json\/wp\/v2\/types\/post"}],"author":[{"embeddable":true,"href":"https:\/\/www.europesays.com\/fr\/wp-json\/wp\/v2\/users\/2"}],"replies":[{"embeddable":true,"href":"https:\/\/www.europesays.com\/fr\/wp-json\/wp\/v2\/comments?post=515880"}],"version-history":[{"count":0,"href":"https:\/\/www.europesays.com\/fr\/wp-json\/wp\/v2\/posts\/515880\/revisions"}],"wp:featuredmedia":[{"embeddable":true,"href":"https:\/\/www.europesays.com\/fr\/wp-json\/wp\/v2\/media\/515881"}],"wp:attachment":[{"href":"https:\/\/www.europesays.com\/fr\/wp-json\/wp\/v2\/media?parent=515880"}],"wp:term":[{"taxonomy":"category","embeddable":true,"href":"https:\/\/www.europesays.com\/fr\/wp-json\/wp\/v2\/categories?post=515880"},{"taxonomy":"post_tag","embeddable":true,"href":"https:\/\/www.europesays.com\/fr\/wp-json\/wp\/v2\/tags?post=515880"}],"curies":[{"name":"wp","href":"https:\/\/api.w.org\/{rel}","templated":true}]}}