{"id":515882,"date":"2025-11-06T12:30:17","date_gmt":"2025-11-06T12:30:17","guid":{"rendered":"https:\/\/www.europesays.com\/fr\/515882\/"},"modified":"2025-11-06T12:30:17","modified_gmt":"2025-11-06T12:30:17","slug":"la-france-demande-a-leurope-de-sanctionner-a-son-tour-la-plateforme-chinoise-lue-dit-son-inquietude","status":"publish","type":"post","link":"https:\/\/www.europesays.com\/fr\/515882\/","title":{"rendered":"La France demande \u00e0 l\u2019Europe de sanctionner \u00e0 son tour la plateforme chinoise, l\u2019UE dit son inqui\u00e9tude"},"content":{"rendered":"<p>La France veut suspendre <a href=\"https:\/\/www.20minutes.fr\/monde\/shein\/\" class=\"c-link c-link--is-underlined\" target=\"_blank\" rel=\"noopener\">Shein <\/a>si elle ne se conforme pas \u00e0 ses lois. Mais elle demande \u00e9galement \u00e0 l\u2019Union Europ\u00e9enne d\u2019aller \u00ab\u00a0plus loin\u00a0\u00bb pour \u00ab\u00a0s\u00e9vir\u00a0\u00bb contre les infractions aux r\u00e8gles du g\u00e9ant asiatique du commerce en ligne. La Commission europ\u00e9enne \u00ab\u00a0doit s\u00e9vir\u00a0\u00bb et sanctionner Shein qui est \u00ab\u00a0de toute \u00e9vidence en infraction avec les r\u00e8gles europ\u00e9ennes\u00a0\u00bb, a exhort\u00e9 jeudi le ministre <a href=\"https:\/\/www.20minutes.fr\/dossier\/francais\" class=\"c-link c-link--is-underlined\" target=\"_blank\" rel=\"noopener\">fran\u00e7ais<\/a> des Affaires \u00e9trang\u00e8res Jean-No\u00ebl Barrot <a href=\"https:\/\/www.franceinfo.fr\/economie\/entreprises\/shein-les-plateformes-qui-ne-respectent-pas-nos-regles-n-ont-rien-a-faire-chez-nous-declare-l-ancienne-ministre-clara-chappaz-qui-affirme-que-la-france-a-saisi-l-europe_7598822.html\" target=\"_blank\" class=\"c-link c-link--is-underlined\" rel=\"noopener\">sur France Info<\/a>.<\/p>\n<\/p>\n<p>Dans ce cadre, la ministre d\u00e9l\u00e9gu\u00e9e au Num\u00e9rique Anne Le H\u00e9nanff s\u2019entretiendra jeudi apr\u00e8s-midi avec la vice-pr\u00e9sidente de la Commission en charge du num\u00e9rique, Henna Virkkunen, a fait savoir Bercy. \u00ab\u00a0La Commission a diligent\u00e9 certaines enqu\u00eates, elle doit maintenant les assortir de sanctions\u00a0\u00bb contre la plateforme asiatique, a demand\u00e9 le chef de la diplomatie fran\u00e7aise.<\/p>\n<p>La France met la pression sur l\u2019UE<\/p>\n<p>Sur le plan national, il s\u2019est f\u00e9licit\u00e9 de la demande, du <a href=\"https:\/\/www.20minutes.fr\/dossier\/premier_ministre\" class=\"c-link c-link--is-underlined\" target=\"_blank\" rel=\"noopener\">Premier <\/a><a href=\"https:\/\/www.20minutes.fr\/dossier\/ministre\" class=\"c-link c-link--is-underlined\" target=\"_blank\" rel=\"noopener\">ministre<\/a> S\u00e9bastien Lecornu mercredi, de suspendre cette plateforme \u00ab\u00a0le temps\u00a0\u00bb que cette derni\u00e8re se conforme aux lois fran\u00e7aises. Mais \u00ab\u00a0je veux aller plus loin\u00a0\u00bb en agissant sur le plan europ\u00e9en, a-t-il soulign\u00e9, voulant mettre fin aux \u00ab\u00a0abus qui posent des questions d\u2019ordre public\u00a0\u00bb.<\/p>\n<p>La Commission europ\u00e9enne a class\u00e9 en avril\u00a02024 Shein comme une \u00ab\u00a0tr\u00e8s grande plateforme en ligne\u00a0\u00bb, lui permettant d\u2019exercer un contr\u00f4le renforc\u00e9 en vertu du r\u00e8glement europ\u00e9en sur les services num\u00e9rique (DSA). En f\u00e9vrier\u00a02025, elle a ouvert une enqu\u00eate contre la plateforme, la soup\u00e7onnant de ne pas lutter suffisamment contre la vente de produits ill\u00e9gaux. Selon Jean-No\u00ebl Barrot, l\u2019univers du commerce en ligne a \u00e9t\u00e9 encadr\u00e9 par \u00ab\u00a0des r\u00e8gles\u00a0\u00bb europ\u00e9ennes \u00ab\u00a0qui ne sont pas respect\u00e9es\u00a0\u00bb et \u00ab\u00a0donc la Commission europ\u00e9enne doit s\u00e9vir\u00a0\u00bb.<\/p>\n<p>En parall\u00e8le, les ministres de l\u2019Economie Roland Lescure et du Num\u00e9rique Anne Le Henanff ont envoy\u00e9 une lettre \u00e0 la Commission europ\u00e9enne l\u2019appelant \u00e0 \u00ab\u00a0apporter des r\u00e9ponses fermes aux dysfonctionnements\u00a0\u00bb r\u00e9p\u00e9t\u00e9s de Shein. Les grandes plateformes commerciales s\u2019exposent, dans les cas les plus graves d\u2019infractions r\u00e9p\u00e9t\u00e9es, \u00ab\u00a0\u00e0 l\u2019application d\u2019une sanction p\u00e9cuniaire pouvant repr\u00e9senter jusqu\u2019\u00e0 6\u00a0% du chiffre d\u2019affaires mondial de la plateforme et de mesures de suspension de son activit\u00e9\u00a0\u00bb, rappellent-ils.<\/p>\n<p>L\u2019UE r\u00e9pond \u00e0 la France<\/p>\n<p>L\u2019UE a dit jeudi partager les inqui\u00e9tudes de la France \u00e0 propos des produits ill\u00e9gaux vendus sur la plateforme Shein, assurant qu\u2019elle prenait l\u2019affaire \u00ab\u00a0tr\u00e8s au s\u00e9rieux\u00a0\u00bb et qu\u2019elle n\u2019h\u00e9siterait pas \u00e0 prendre des mesures contre la plateforme si n\u00e9cessaire.<\/p>\n<p>\u00ab\u00a0La vente de poup\u00e9es \u00e0 caract\u00e8re p\u00e9dopornographique est un motif extr\u00eamement inqui\u00e9tant. Nous ne voulons pas voir ces produits (propos\u00e9s \u00e0 la vente) pour nos concitoyens en <a href=\"https:\/\/www.20minutes.fr\/dossier\/europe\" class=\"c-link c-link--is-underlined\" target=\"_blank\" rel=\"noopener\">Europe<\/a>\u00a0\u00bb, a d\u00e9clar\u00e9 Thomas R\u00e9gnier, porte-parole de la Commission sur le <a href=\"https:\/\/www.20minutes.fr\/dossier\/numerique\" class=\"c-link c-link--is-underlined\" target=\"_blank\" rel=\"noopener\">num\u00e9rique<\/a>.<\/p>\n","protected":false},"excerpt":{"rendered":"La France veut suspendre Shein si elle ne se conforme pas \u00e0 ses lois. Mais elle demande \u00e9galement&hellip;\n","protected":false},"author":2,"featured_media":515883,"comment_status":"","ping_status":"","sticky":false,"template":"","format":"standard","meta":{"footnotes":""},"categories":[1586],"tags":[47,11,14846,10349,2196,1777,674,1011,27,2121,12,316,25,11067,1104],"class_list":{"0":"post-515882","1":"post","2":"type-post","3":"status-publish","4":"format-standard","5":"has-post-thumbnail","7":"category-europe","8":"tag-actualite","9":"tag-actualites","10":"tag-bercy","11":"tag-commission","12":"tag-commission-europeenne","13":"tag-eu","14":"tag-europe","15":"tag-fr","16":"tag-france","17":"tag-jean-noel-barrot","18":"tag-news","19":"tag-politique","20":"tag-republique-francaise","21":"tag-sebastien-lecornu","22":"tag-shein"},"share_on_mastodon":{"url":"https:\/\/pubeurope.com\/@fr\/115502764825355071","error":""},"_links":{"self":[{"href":"https:\/\/www.europesays.com\/fr\/wp-json\/wp\/v2\/posts\/515882","targetHints":{"allow":["GET"]}}],"collection":[{"href":"https:\/\/www.europesays.com\/fr\/wp-json\/wp\/v2\/posts"}],"about":[{"href":"https:\/\/www.europesays.com\/fr\/wp-json\/wp\/v2\/types\/post"}],"author":[{"embeddable":true,"href":"https:\/\/www.europesays.com\/fr\/wp-json\/wp\/v2\/users\/2"}],"replies":[{"embeddable":true,"href":"https:\/\/www.europesays.com\/fr\/wp-json\/wp\/v2\/comments?post=515882"}],"version-history":[{"count":0,"href":"https:\/\/www.europesays.com\/fr\/wp-json\/wp\/v2\/posts\/515882\/revisions"}],"wp:featuredmedia":[{"embeddable":true,"href":"https:\/\/www.europesays.com\/fr\/wp-json\/wp\/v2\/media\/515883"}],"wp:attachment":[{"href":"https:\/\/www.europesays.com\/fr\/wp-json\/wp\/v2\/media?parent=515882"}],"wp:term":[{"taxonomy":"category","embeddable":true,"href":"https:\/\/www.europesays.com\/fr\/wp-json\/wp\/v2\/categories?post=515882"},{"taxonomy":"post_tag","embeddable":true,"href":"https:\/\/www.europesays.com\/fr\/wp-json\/wp\/v2\/tags?post=515882"}],"curies":[{"name":"wp","href":"https:\/\/api.w.org\/{rel}","templated":true}]}}