{"id":515891,"date":"2025-11-06T12:36:12","date_gmt":"2025-11-06T12:36:12","guid":{"rendered":"https:\/\/www.europesays.com\/fr\/515891\/"},"modified":"2025-11-06T12:36:12","modified_gmt":"2025-11-06T12:36:12","slug":"volleyle-gfca-tremble-et-passe","status":"publish","type":"post","link":"https:\/\/www.europesays.com\/fr\/515891\/","title":{"rendered":"VolleyLe GFCA tremble et passe"},"content":{"rendered":"<p>La derni\u00e8re fois que les Insulaires avaient foul\u00e9 le petit gymnase Pierre-B\u00e9r\u00e9govoy de Conflans, le 21 novembre 2023, ils \u00e9taient repartis avec les valises charg\u00e9es d&rsquo;une d\u00e9faite (0-3) inflig\u00e9e par son h\u00f4te de Conflans-Andr\u00e9sy-Jouy lors du 1er tour de la Coupe de France. Hier soir, au m\u00eame stade de la comp\u00e9tition, les Rouge et Bleu ont cette fois rempli leur contrat en faisant respecter la hi\u00e9rarchie face au pensionnaire d&rsquo;Elite (10e de son championnat), mais non sans mal (3-2), pour poursuivre l&rsquo;aventure qui lui imposera un autre match en semaine, le mardi 25 novembre prochain.<\/p>\n<p>Une \u00e9quipe rajeunie<\/p>\n<p>Sans Bala, Lacassie et Patak, ajout\u00e9 \u00e0 l&rsquo;absence du central international fran\u00e7ais Daryl Bultor et la non-qualification du passeur Robin Neraudau, le GFCA alignait cinq joueurs du centre de formation parmi les dix composant le groupe align\u00e9 sur la feuille de match. Ce sont les hommes d&rsquo;exp\u00e9rience qui donnaient le ton du premier set, \u00e0 l&rsquo;image du pointu tunisien Bouall\u00e8gue dont le bras gauche faisait souffrir ses adversaires.<\/p>\n<p>Malgr\u00e9 un d\u00e9part rat\u00e9 (5-1), un long bras de fer (12-12,17-17) et de l&rsquo;impr\u00e9cision au service (huit fautes), le Gaz appuyait sur un bon c\u00f4t\u00e9 de la bascule pour prendre l&rsquo;avantage (22-25). Le deuxi\u00e8me acte \u00e9tait jou\u00e9 sur la m\u00eame tonalit\u00e9 par le GFCA, avec tout de m\u00eame moins d&rsquo;erreurs sur les ballons d&rsquo;engagement, mais autant de solidit\u00e9 au bloc, en profitant \u00e9galement d&rsquo;un manque d&rsquo;agressivit\u00e9 adverse (23-25).<\/p>\n<p>Cependant, les Corsaires du CAJ n&rsquo;\u00e9taient pas encore coul\u00e9s. Loin de l\u00e0&#8230; En s&rsquo;appuyant sur une r\u00e9ception sans faille \u00e0 laquelle s&rsquo;ajoutait une accumulation de fautes des Gaziers, les Franciliens se montraient aussi solides au centre de son attaque (huit points). En sortant ses trois derni\u00e8res attaques, les Ajacciens ne pouvaient cacher qu&rsquo;une f\u00e9brilit\u00e9 s&rsquo;\u00e9tait empar\u00e9e d&rsquo;eux (25-18). Cela se confirmait lors d&rsquo;un 4e set \u00e0 sens unique en faveur des locaux, remont\u00e9s comme des coucous (25-16).<\/p>\n<p>Bien que durement touch\u00e9s, les Corses ouvraient de la meilleure mani\u00e8re la manche d\u00e9cisive (0-4). Mais il en fallait plus pour abattre les Yvelinois qui mettaient toutes ses derni\u00e8res forces dans cette lutte acharn\u00e9e (8-10, 11-12) avant finalement de c\u00e9der (12-15).<\/p>\n<p>CONFLANS-ANDRESY-JOUY 2 G.F.C. AJACCIO 3 Evolution du score\u00a0:\u00a022-25 (30&prime;), 23-25 (31&prime;), 25-18 (27&prime;), 25-16 (26&prime;), 12-15 (19&prime;). Arbitres\u00a0:\u00a0MM. Combe et Ziane. 100 spectateurs environ. Conflans-Andr\u00e9sy-Jouy.\u00a0Le six de d\u00e9part\u00a0:\u00a0Nagel, Boussard, Bayo, Guignard, Serreau, Lu. Guillot (l).\u00a0Entr\u00e9s en jeu\u00a0: V\u00e9zien (c), Beauchamp, Cvijovic.\u00a0Entra\u00eeneur\u00a0:\u00a0Laurent Guillot. Ajaccio. Le six de d\u00e9part\u00a0:\u00a0Garcia (c), Salles, Soares Neto, Grosnon (l), Bouall\u00e8gue, Soci\u00e9.\u00a0Entr\u00e9s en jeu\u00a0:\u00a0Belhadj, Talon, Sambou, Macker.\u00a0Entra\u00eeneur\u00a0:\u00a0Fr\u00e9d\u00e9ric Ferrandez.<\/p>\n<p>Fr\u00e9d\u00e9ric Ferrandez\u00a0: \u00a0\u00bb Comme d&rsquo;habitude, ici \u00e0 Conflans, il est tr\u00e8s difficile de s&rsquo;imposer. Nous l&rsquo;avons fait en ayant fait le choix d&rsquo;aligner une \u00e9quipe rajeunie. Il y a deux matchs ce soir, avec une bonne premi\u00e8re partie de notre part et c&rsquo;est dommage de ne pas avoir su tuer le match. La pause nous a fait mal. Nous avons moins bien servi et manqu\u00e9 de patience dans les moments importants. Nous aurions pr\u00e9f\u00e9r\u00e9 pr\u00e9senter un meilleur contenu, mais nous ne retiendrons que la qualification.!\u00a0\u00bb<\/p>\n","protected":false},"excerpt":{"rendered":"La derni\u00e8re fois que les Insulaires avaient foul\u00e9 le petit gymnase Pierre-B\u00e9r\u00e9govoy de Conflans, le 21 novembre 2023,&hellip;\n","protected":false},"author":2,"featured_media":515892,"comment_status":"","ping_status":"","sticky":false,"template":"","format":"standard","meta":{"footnotes":""},"categories":[1417],"tags":[17,1011,27,6392,8713,60,54372,1470,1469],"class_list":{"0":"post-515891","1":"post","2":"type-post","3":"status-publish","4":"format-standard","5":"has-post-thumbnail","7":"category-volley","8":"tag-17","9":"tag-fr","10":"tag-france","11":"tag-gfca","12":"tag-qualifie","13":"tag-sports","14":"tag-tremble","15":"tag-volley","16":"tag-volleyball"},"share_on_mastodon":{"url":"","error":""},"_links":{"self":[{"href":"https:\/\/www.europesays.com\/fr\/wp-json\/wp\/v2\/posts\/515891","targetHints":{"allow":["GET"]}}],"collection":[{"href":"https:\/\/www.europesays.com\/fr\/wp-json\/wp\/v2\/posts"}],"about":[{"href":"https:\/\/www.europesays.com\/fr\/wp-json\/wp\/v2\/types\/post"}],"author":[{"embeddable":true,"href":"https:\/\/www.europesays.com\/fr\/wp-json\/wp\/v2\/users\/2"}],"replies":[{"embeddable":true,"href":"https:\/\/www.europesays.com\/fr\/wp-json\/wp\/v2\/comments?post=515891"}],"version-history":[{"count":0,"href":"https:\/\/www.europesays.com\/fr\/wp-json\/wp\/v2\/posts\/515891\/revisions"}],"wp:featuredmedia":[{"embeddable":true,"href":"https:\/\/www.europesays.com\/fr\/wp-json\/wp\/v2\/media\/515892"}],"wp:attachment":[{"href":"https:\/\/www.europesays.com\/fr\/wp-json\/wp\/v2\/media?parent=515891"}],"wp:term":[{"taxonomy":"category","embeddable":true,"href":"https:\/\/www.europesays.com\/fr\/wp-json\/wp\/v2\/categories?post=515891"},{"taxonomy":"post_tag","embeddable":true,"href":"https:\/\/www.europesays.com\/fr\/wp-json\/wp\/v2\/tags?post=515891"}],"curies":[{"name":"wp","href":"https:\/\/api.w.org\/{rel}","templated":true}]}}