{"id":515898,"date":"2025-11-06T12:43:17","date_gmt":"2025-11-06T12:43:17","guid":{"rendered":"https:\/\/www.europesays.com\/fr\/515898\/"},"modified":"2025-11-06T12:43:17","modified_gmt":"2025-11-06T12:43:17","slug":"mercato-le-psg-a-la-lutte-avec-le-real-le-barca-et-liverpool-pour-le-nouveau-kroos","status":"publish","type":"post","link":"https:\/\/www.europesays.com\/fr\/515898\/","title":{"rendered":"Mercato : le PSG \u00e0 la lutte avec le Real, le Bar\u00e7a et Liverpool pour le \u00ab\u00a0nouveau Kroos\u00a0\u00bb"},"content":{"rendered":"<p>Mais Paris devra batailler. Le dossier attire d\u00e9j\u00e0 plusieurs poids lourds du continent : le Bayern Munich, Manchester United, Arsenal, Liverpool, Manchester City, le Real Madrid et le FC Barcelone surveillent \u00e9galement le prodige. Tous voient en lui un futur cadre \u00e0 fa\u00e7onner d\u00e8s maintenant.<\/p>\n<p>Le Hertha Berlin, conscient de d\u00e9tenir un joyau, ne compte pas brader sa p\u00e9pite. Les dirigeants berlinois fixent la barre \u00e0 environ 20 millions d\u2019euros, une somme cons\u00e9quente pour un joueur de 16 ans, mais abordable pour les grandes \u00e9curies. Le v\u00e9ritable d\u00e9fi ne sera pas financier, mais sportif : convaincre Eichhorn qu\u2019il aura du temps de jeu pour continuer sa progression.<\/p>\n","protected":false},"excerpt":{"rendered":"Mais Paris devra batailler. Le dossier attire d\u00e9j\u00e0 plusieurs poids lourds du continent : le Bayern Munich, Manchester&hellip;\n","protected":false},"author":2,"featured_media":515899,"comment_status":"","ping_status":"","sticky":false,"template":"","format":"standard","meta":{"footnotes":""},"categories":[1410],"tags":[34081,5695,63,1011,27,63673,66,3490,1434,91,4790,60,28401],"class_list":{"0":"post-515898","1":"post","2":"type-post","3":"status-publish","4":"format-standard","5":"has-post-thumbnail","7":"category-football","8":"tag-barcelona","9":"tag-fc-barcelone","10":"tag-football","11":"tag-fr","12":"tag-france","13":"tag-k-eichhorn","14":"tag-ligue-1","15":"tag-liverpool","16":"tag-mercato","17":"tag-paris-saint-germain","18":"tag-real-madrid","19":"tag-sports","20":"tag-transfers"},"share_on_mastodon":{"url":"https:\/\/pubeurope.com\/@fr\/115502815988083070","error":""},"_links":{"self":[{"href":"https:\/\/www.europesays.com\/fr\/wp-json\/wp\/v2\/posts\/515898","targetHints":{"allow":["GET"]}}],"collection":[{"href":"https:\/\/www.europesays.com\/fr\/wp-json\/wp\/v2\/posts"}],"about":[{"href":"https:\/\/www.europesays.com\/fr\/wp-json\/wp\/v2\/types\/post"}],"author":[{"embeddable":true,"href":"https:\/\/www.europesays.com\/fr\/wp-json\/wp\/v2\/users\/2"}],"replies":[{"embeddable":true,"href":"https:\/\/www.europesays.com\/fr\/wp-json\/wp\/v2\/comments?post=515898"}],"version-history":[{"count":0,"href":"https:\/\/www.europesays.com\/fr\/wp-json\/wp\/v2\/posts\/515898\/revisions"}],"wp:featuredmedia":[{"embeddable":true,"href":"https:\/\/www.europesays.com\/fr\/wp-json\/wp\/v2\/media\/515899"}],"wp:attachment":[{"href":"https:\/\/www.europesays.com\/fr\/wp-json\/wp\/v2\/media?parent=515898"}],"wp:term":[{"taxonomy":"category","embeddable":true,"href":"https:\/\/www.europesays.com\/fr\/wp-json\/wp\/v2\/categories?post=515898"},{"taxonomy":"post_tag","embeddable":true,"href":"https:\/\/www.europesays.com\/fr\/wp-json\/wp\/v2\/tags?post=515898"}],"curies":[{"name":"wp","href":"https:\/\/api.w.org\/{rel}","templated":true}]}}