{"id":515900,"date":"2025-11-06T12:44:13","date_gmt":"2025-11-06T12:44:13","guid":{"rendered":"https:\/\/www.europesays.com\/fr\/515900\/"},"modified":"2025-11-06T12:44:13","modified_gmt":"2025-11-06T12:44:13","slug":"la-51e-ceremonie-des-cesar-choisit-camille-cottin-comme-presidente-pour-succeder-a-catherine-deneuve","status":"publish","type":"post","link":"https:\/\/www.europesays.com\/fr\/515900\/","title":{"rendered":"La 51e c\u00e9r\u00e9monie des C\u00e9sar choisit Camille Cottin comme pr\u00e9sidente pour succ\u00e9der \u00e0 Catherine Deneuve"},"content":{"rendered":"<p>        <img decoding=\"async\" loading=\"lazy\" src=\"https:\/\/www.europesays.com\/fr\/wp-content\/uploads\/2025\/11\/f0b8159_upload-1-f7sb1gv38oyu-gettyimages-2196209919.jpg\"  width=\"728\" height=\"409\" alt=\"Camille Cottin, ici au mois de janvier 2025, \u00e0 Paris.\"\/>  <\/p>\n<p>Stephane Cardinale &#8211; Corbis \/ Corbis via Getty Images<\/p>\n<p>Camille Cottin, ici au mois de janvier 2025, \u00e0 Paris.<\/p>\n<p class=\"asset asset-text\">CIN\u00c9MA &#8211; Camille Cottin prend la rel\u00e8ve de Catherine Deneuve. Ce jeudi 6\u00a0novembre, <a href=\"https:\/\/www.huffingtonpost.fr\/culture\/article\/george-clooney-va-jouer-dans-dix-pour-cent-et-va-enfin-partager-autre-chose-qu-un-cafe-avec-camille-cottin_256409.html\" target=\"_blank\" rel=\"noopener\">la com\u00e9dienne<\/a> r\u00e9v\u00e9l\u00e9e dans Connasse a \u00e9t\u00e9 choisie pour succ\u00e9der \u00e0 <a href=\"https:\/\/www.huffingtonpost.fr\/culture\/article\/catherine-deneuve-confirmee-au-casting-de-peau-d-homme-adaptation-au-cine-de-la-bd-a-succes_244550.html\" target=\"_blank\" rel=\"noopener\">la l\u00e9gende du cin\u00e9ma fran\u00e7ais<\/a> \u00e0 la pr\u00e9sidence de <a href=\"https:\/\/www.huffingtonpost.fr\/culture\/article\/aux-cesar-2026-benjamin-lavernhe-choisi-pour-etre-le-maitre-de-la-51e-ceremonie_255751.html\" target=\"_blank\" rel=\"noopener\">la 51e c\u00e9r\u00e9monie des C\u00e9sar<\/a>, qui doit se tenir au mois de f\u00e9vrier prochain en direct depuis la sc\u00e8ne de l\u2019Olympia, \u00e0 Paris.<\/p>\n<p class=\"asset asset-text\">\u00ab\u00a0Actrice talentueuse et engag\u00e9e, [cette derni\u00e8re] incarne brillamment la vitalit\u00e9 du cin\u00e9ma fran\u00e7ais d\u2019aujourd\u2019hui\u00a0\u00bb, salue dans un communiqu\u00e9 l\u2019Acad\u00e9mie des arts et techniques du cin\u00e9ma, en charge de l\u2019organisation de la remise de prix chaque ann\u00e9e.<\/p>\n<p class=\"asset asset-text\">Nomm\u00e9e \u00e0 deux reprises aux C\u00e9sar, notamment pour celui du meilleur espoir f\u00e9minin avec l\u2019adaptation en long-m\u00e9trage des sketchs qui l\u2019ont rendue c\u00e9l\u00e8bre en 2016, Camille Cottin s\u2019est depuis impos\u00e9e comme un visage incontournable du septi\u00e8me art. On l\u2019a vue chez C\u00e9dric Klapisch, Bruno Dumont, Emmanuel Mouret et Christophe Honor\u00e9.<\/p>\n<p>    Camille Cottin \u00e0 Cannes    <\/p>\n<p class=\"asset asset-text\">\u00c0 l\u2019\u00e9tranger, elle a donn\u00e9 la r\u00e9plique \u00e0 Matt Damon dans Stillwater\u00a0de Tom McCarthy, mais aussi \u00e0 Lady Gaga et Adam Driver dans House of Gucci de Ridley Scott, et tourn\u00e9 sous la houlette de Kenneth Branagh en compagnie de Tina Fey, Jamie Dornan et Michelle Yeoh dans Myst\u00e8res \u00e0 Venise, r\u00e9cente relecture des aventures d\u2019Hercule Poirot.<\/p>\n<p class=\"asset asset-text\">\u00c0 l\u2019affiche de trois films en cette fin d\u2019ann\u00e9e (Rembrandt, Les enfants vont bien et Le Pays d\u2019Arto), l\u2019interpr\u00e8te de Madame Th\u00e9nardier dans la prochaine adaptation des Mis\u00e9rables aura pour mission d\u2019ouvrir les festivit\u00e9s par le traditionnel discours du ou de la pr\u00e9sidente.<\/p>\n<p class=\"asset asset-text\">L\u2019an pass\u00e9, sa pr\u00e9d\u00e9cesseure avait d\u00e9di\u00e9 le sien \u00e0 la m\u00e9moire de sa s\u0153ur disparue Fran\u00e7oise Dorl\u00e9ac, et \u00e0 l\u2019Ukraine. Une mission que Camille Cottin conna\u00eet bien. En 2024, c\u2019est \u00e0 elle qu\u2019on avait confi\u00e9 l\u2019animation des c\u00e9r\u00e9monies d\u2019ouverture et de cl\u00f4ture du Festival de Cannes, o\u00f9 elle avait tacl\u00e9 avec le bagou qu\u2019on lui conna\u00eet Harvey Weinstein, le patriarcat et \u00ab\u00a0le vortex cannois\u00a0\u00bb.<\/p>\n","protected":false},"excerpt":{"rendered":"Stephane Cardinale &#8211; Corbis \/ Corbis via Getty Images Camille Cottin, ici au mois de janvier 2025, \u00e0&hellip;\n","protected":false},"author":2,"featured_media":515901,"comment_status":"","ping_status":"","sticky":false,"template":"","format":"standard","meta":{"footnotes":""},"categories":[1359],"tags":[16445,55928,55930,650,251,58,59,1011,27,973],"class_list":{"0":"post-515900","1":"post","2":"type-post","3":"status-publish","4":"format-standard","5":"has-post-thumbnail","7":"category-people","8":"tag-camille-cottin","9":"tag-cesar-du-cinema","10":"tag-cesar-du-cinema-2026","11":"tag-cinema","12":"tag-culture","13":"tag-divertissement","14":"tag-entertainment","15":"tag-fr","16":"tag-france","17":"tag-people"},"share_on_mastodon":{"url":"https:\/\/pubeurope.com\/@fr\/115502820502891995","error":""},"_links":{"self":[{"href":"https:\/\/www.europesays.com\/fr\/wp-json\/wp\/v2\/posts\/515900","targetHints":{"allow":["GET"]}}],"collection":[{"href":"https:\/\/www.europesays.com\/fr\/wp-json\/wp\/v2\/posts"}],"about":[{"href":"https:\/\/www.europesays.com\/fr\/wp-json\/wp\/v2\/types\/post"}],"author":[{"embeddable":true,"href":"https:\/\/www.europesays.com\/fr\/wp-json\/wp\/v2\/users\/2"}],"replies":[{"embeddable":true,"href":"https:\/\/www.europesays.com\/fr\/wp-json\/wp\/v2\/comments?post=515900"}],"version-history":[{"count":0,"href":"https:\/\/www.europesays.com\/fr\/wp-json\/wp\/v2\/posts\/515900\/revisions"}],"wp:featuredmedia":[{"embeddable":true,"href":"https:\/\/www.europesays.com\/fr\/wp-json\/wp\/v2\/media\/515901"}],"wp:attachment":[{"href":"https:\/\/www.europesays.com\/fr\/wp-json\/wp\/v2\/media?parent=515900"}],"wp:term":[{"taxonomy":"category","embeddable":true,"href":"https:\/\/www.europesays.com\/fr\/wp-json\/wp\/v2\/categories?post=515900"},{"taxonomy":"post_tag","embeddable":true,"href":"https:\/\/www.europesays.com\/fr\/wp-json\/wp\/v2\/tags?post=515900"}],"curies":[{"name":"wp","href":"https:\/\/api.w.org\/{rel}","templated":true}]}}