{"id":515908,"date":"2025-11-06T12:50:14","date_gmt":"2025-11-06T12:50:14","guid":{"rendered":"https:\/\/www.europesays.com\/fr\/515908\/"},"modified":"2025-11-06T12:50:14","modified_gmt":"2025-11-06T12:50:14","slug":"cet-anti-rides-a-succes-ne-sert-absolument-a-rien-selon-jimmy-mohamed","status":"publish","type":"post","link":"https:\/\/www.europesays.com\/fr\/515908\/","title":{"rendered":"Cet anti-rides \u00e0 succ\u00e8s ne sert absolument \u00e0 rien selon Jimmy Mohamed"},"content":{"rendered":"<p>Le visage d\u00e9tendu, les promesses bien huil\u00e9es, difficile<br \/>\nd\u2019\u00e9chapper \u00e0 cet alli\u00e9 minceur suppos\u00e9 raffermir la peau et lisser<br \/>\nles rides. On le trouve partout. En g\u00e9lules, en poudre, parfois<br \/>\ndans des bonbons. Les influenceurs le glorifient, les pharmacies en<br \/>\nfont des rayons entiers. Mais l\u2019efficacit\u00e9 de ce ph\u00e9nom\u00e8ne<br \/>\nbien-\u00eatre repose-t-elle vraiment sur autre chose que du marketing<br \/>\nbien r\u00f4d\u00e9 ?<\/p>\n<p>Le docteur Jimmy Mohamed d\u00e9monte un mythe sur les compl\u00e9ments<br \/>\nanti-\u00e2ge<\/p>\n<p>C\u2019est la question pos\u00e9e par le docteur Jimmy Mohamed dans sa<br \/>\nchronique hebdomadaire sur RTL. Lors d\u2019une \u00e9mission, le m\u00e9decin<br \/>\ns\u2019est montr\u00e9 tr\u00e8s direct avec les auditeurs. \u00ab\u00a0Il faut bien<br \/>\ncomprendre comment fonctionne notre organisme\u00a0\u00bb, a-t-il<br \/>\ncommenc\u00e9. Avant de d\u00e9tailler les \u00e9tapes de digestion d\u2019un<br \/>\ncompl\u00e9ment alimentaire que beaucoup consid\u00e8rent \u00e0 tort comme une<br \/>\nbaguette magique contre les signes de l\u2019\u00e2ge.<\/p>\n<p>\u00ab\u00a0Votre estomac va d\u00a0\u00bbabord les d\u00e9couper en toutes petites<br \/>\nmol\u00e9cules, qui seront ensuite fragment\u00e9es par l&rsquo;intestin\u00a0\u00bb. Une<br \/>\nfois dans le sang, inutile d\u2019imaginer une r\u00e9paration cibl\u00e9e des<br \/>\nrides. \u00ab\u00a0Croire cela, c&rsquo;est comme vouloir traverser l&rsquo;Atlantique<br \/>\nen kayak. Possible, mais hautement improbable\u00a0\u00bb.<\/p>\n<p>\u00ab\u00a0Aucune raison que \u00e7a marche\u201d : des experts alertent sur<br \/>\nl\u2019inefficacit\u00e9<\/p>\n<p>Ce scepticisme est partag\u00e9 par plusieurs experts. Le Pr Francis<br \/>\nBerenbaum, pr\u00e9sident d\u2019honneur de la Soci\u00e9t\u00e9 fran\u00e7aise de<br \/>\nrhumatologie, est cat\u00e9gorique : \u00ab\u00a0Il n\u2019y a aucune preuve que \u00e7a<br \/>\nmarche. Et, surtout, il n\u2019y a aucune raison que \u00e7a marche\u00a0\u00bb<br \/>\na-t-il d\u00e9clar\u00e9 \u00e0 <a href=\"https:\/\/www.quechoisir.org\/actualite-complements-alimentaires-les-fausses-promesses-du-collagene-n115334\/\" target=\"_blank\" rel=\"nofollow noopener\">Que Choisir<\/a> dans un<br \/>\narticle consacr\u00e9 aux fausses promesses du collag\u00e8ne. M\u00eame son de<br \/>\ncloche du c\u00f4t\u00e9 de l\u2019Inserm. \u00ab\u00a0On manque de donn\u00e9es solides pour<br \/>\naffirmer que ce produit a un impact r\u00e9el sur la peau\u00a0\u00bb,<br \/>\naffirment les dermatologues interrog\u00e9s par Le Monde.<\/p>\n<p>C\u2019est aussi ce que confirme la chercheuse Claire Vinatier,<br \/>\nsp\u00e9cialis\u00e9e en m\u00e9decine r\u00e9g\u00e9n\u00e9rative \u00e0 Nantes Universit\u00e9. \u00ab\u00a0Le<br \/>\ncorps n\u2019est pas capable d\u2019assimiler le collag\u00e8ne sous cette<br \/>\nforme\u00a0\u00bb, explique-t-elle. \u00ab\u00a0Lorsque du collag\u00e8ne est ing\u00e9r\u00e9,<br \/>\nil est trait\u00e9 comme toutes les autres prot\u00e9ines : il est d\u00e9grad\u00e9 en<br \/>\nacides amin\u00e9s pour pouvoir passer la barri\u00e8re<br \/>\nintestinale\u00a0\u00bb.<\/p>\n<p>Compl\u00e9ments au collag\u00e8ne : les fausses<br \/>\npromesses<\/p>\n<p>En clair, croire qu\u2019avaler certaines mol\u00e9cules permettrait \u00e0 la<br \/>\npeau de regagner en \u00e9lasticit\u00e9 rel\u00e8ve plus du fantasme que du<br \/>\nraisonnement scientifique. Certains fabricants l\u2019ont pourtant bien<br \/>\ncompris. Pour camoufler le manque de preuves, ils n\u2019h\u00e9sitent pas \u00e0<br \/>\nbrandir des termes complexes ou \u00e0 d\u00e9guiser leur publicit\u00e9 en<br \/>\ncomparatifs journalistiques sur des sites reconnus. Il arrive m\u00eame<br \/>\nque des \u00e9tudes cliniques soient invent\u00e9es de toutes pi\u00e8ces, comme<br \/>\nun suppos\u00e9 essai men\u00e9 \u00e0 l\u2019h\u00f4pital Georges-Pompidou&#8230; qui n\u2019a<br \/>\njamais exist\u00e9.<\/p>\n<p>Jimmy Mohamed le reconna\u00eet : \u00ab\u00a0Mais si vous voulez prendre<br \/>\nsoin de votre \u00e9piderme, mieux vaut adopter des gestes simples et<br \/>\nefficaces\u00a0\u00bb. <a href=\"https:\/\/www.closermag.fr\/beaute\/cette-creme-visage-est-le-meilleur-anti-rides-selon-jimmy-mohamed-3591462\" target=\"_blank\" rel=\"noopener\"><br \/>\nIl recommande plut\u00f4t d\u2019\u00e9viter les expositions solaires, d\u2019utiliser<br \/>\nune cr\u00e8me solaire<\/a> et de miser sur un bon sommeil. \u00ab\u00a0C&rsquo;est<br \/>\npendant le sommeil que les cellules de la peau fabriquent<br \/>\nnaturellement ce dont elles ont besoin pour rester \u00e9lastiques et en<br \/>\nbonne sant\u00e9\u00a0\u00bb. Quant \u00e0 ce produit bien connu cens\u00e9 \u00ab\u00a0combler<br \/>\nles rides de l\u2019int\u00e9rieur\u00a0\u00bb, il ne convainc pas les<br \/>\nprofessionnels. \u00ab\u00a0Si \u00e7a vous fait plaisir et que vous avez<br \/>\nl&rsquo;impression que \u00e7a marche, pourquoi pas\u00a0\u00bb, conc\u00e8de le docteur,<br \/>\navant de conclure : \u00ab\u00a0Mais en premi\u00e8re intention, je ne vous le<br \/>\nrecommanderais pas\u00a0\u00bb.<\/p>\n","protected":false},"excerpt":{"rendered":"Le visage d\u00e9tendu, les promesses bien huil\u00e9es, difficile d\u2019\u00e9chapper \u00e0 cet alli\u00e9 minceur suppos\u00e9 raffermir la peau et&hellip;\n","protected":false},"author":2,"featured_media":515909,"comment_status":"","ping_status":"","sticky":false,"template":"","format":"standard","meta":{"footnotes":""},"categories":[10],"tags":[1011,27,72,71,729],"class_list":{"0":"post-515908","1":"post","2":"type-post","3":"status-publish","4":"format-standard","5":"has-post-thumbnail","7":"category-sante","8":"tag-fr","9":"tag-france","10":"tag-health","11":"tag-sante","12":"tag-yout_video"},"share_on_mastodon":{"url":"https:\/\/pubeurope.com\/@fr\/115502843510155593","error":""},"_links":{"self":[{"href":"https:\/\/www.europesays.com\/fr\/wp-json\/wp\/v2\/posts\/515908","targetHints":{"allow":["GET"]}}],"collection":[{"href":"https:\/\/www.europesays.com\/fr\/wp-json\/wp\/v2\/posts"}],"about":[{"href":"https:\/\/www.europesays.com\/fr\/wp-json\/wp\/v2\/types\/post"}],"author":[{"embeddable":true,"href":"https:\/\/www.europesays.com\/fr\/wp-json\/wp\/v2\/users\/2"}],"replies":[{"embeddable":true,"href":"https:\/\/www.europesays.com\/fr\/wp-json\/wp\/v2\/comments?post=515908"}],"version-history":[{"count":0,"href":"https:\/\/www.europesays.com\/fr\/wp-json\/wp\/v2\/posts\/515908\/revisions"}],"wp:featuredmedia":[{"embeddable":true,"href":"https:\/\/www.europesays.com\/fr\/wp-json\/wp\/v2\/media\/515909"}],"wp:attachment":[{"href":"https:\/\/www.europesays.com\/fr\/wp-json\/wp\/v2\/media?parent=515908"}],"wp:term":[{"taxonomy":"category","embeddable":true,"href":"https:\/\/www.europesays.com\/fr\/wp-json\/wp\/v2\/categories?post=515908"},{"taxonomy":"post_tag","embeddable":true,"href":"https:\/\/www.europesays.com\/fr\/wp-json\/wp\/v2\/tags?post=515908"}],"curies":[{"name":"wp","href":"https:\/\/api.w.org\/{rel}","templated":true}]}}