{"id":515916,"date":"2025-11-06T12:54:10","date_gmt":"2025-11-06T12:54:10","guid":{"rendered":"https:\/\/www.europesays.com\/fr\/515916\/"},"modified":"2025-11-06T12:54:10","modified_gmt":"2025-11-06T12:54:10","slug":"lunion-europeenne-ouvre-une-enquete-visant-le-nasdaq-et-deutsche-borse","status":"publish","type":"post","link":"https:\/\/www.europesays.com\/fr\/515916\/","title":{"rendered":"l\u2019Union europ\u00e9enne ouvre une enqu\u00eate visant le Nasdaq et Deutsche B\u00f6rse"},"content":{"rendered":"<p>\n    La Commission europ\u00e9enne suspecte une collusion entre les deux groupes, qui pourraient s\u2019\u00eatre entendus pour ne pas se faire concurrence dans l\u2019UE concernant certains produits d\u00e9riv\u00e9s.<\/p>\n<p class=\"fig-paragraph\">L\u2019Union europ\u00e9enne a annonc\u00e9 jeudi avoir ouvert une enqu\u00eate contre le gestionnaire de la Bourse de Francfort, Deutsche B\u00f6rse, et\u00a0<a href=\"http:\/\/www.lefigaro.fr\/flash-eco\/wall-street-conclut-en-hausse-nouveaux-records-pour-le-nasdaq-et-le-s-p-500-20250813\" data-fig-type=\"NewsFlash\" data-gtm-custom-categorie=\"navigation\" data-gtm-custom-action=\"crossclick\" data-gtm-custom-label=\"Contextuel\" data-gtm-event=\"customEventSPE\" data-fig-domain=\"LEFIGARO\" target=\"_blank\" rel=\"noopener\">le Nasdaq<\/a>, march\u00e9 am\u00e9ricain d\u00e9di\u00e9 aux valeurs technologiques, les soup\u00e7onnant d\u2019une possible infraction \u00e0 la concurrence dans le secteur des produits financiers d\u00e9riv\u00e9s.<\/p>\n<p class=\"fig-paragraph\">La Commission europ\u00e9enne a expliqu\u00e9 qu\u2019elle suspectait une collusion entre les deux groupes, qui pourraient s\u2019\u00eatre entendus pour ne pas se faire concurrence dans l\u2019UE concernant certains produits d\u00e9riv\u00e9s. Un comportement pouvant constituer une infraction vis-\u00e0-vis des r\u00e8gles de concurrence de l\u2019UE, qui interdisent les cartels et autres pratiques commerciales restrictives.<\/p>\n<p>                                    <a class=\"fig-a11y-skip a11y-hidden\" href=\"#fig-a11y-skip-main-inarticle\"><br \/>\n        Passer la publicit\u00e9<br \/>\n    <\/a><\/p>\n<p>Inspections inopin\u00e9es<\/p>\n<p class=\"fig-paragraph\">La Commission europ\u00e9enne avait men\u00e9 des inspections inopin\u00e9es dans les deux entreprises en septembre 2024. Deutsche B\u00f6rse avait indiqu\u00e9 \u00e0 l\u2019\u00e9poque \u00abcoop\u00e9rer pleinement\u00bb avec les enqu\u00eateurs europ\u00e9ens. Les d\u00e9riv\u00e9s sont des contrats financiers dont la valeur est d\u00e9riv\u00e9e de la performance d\u2019actifs sous-jacents tels que des obligations, des actions ou des mati\u00e8res premi\u00e8res.<\/p>\n<p class=\"fig-paragraph\">Deutsche B\u00f6rse, op\u00e9rateur de la Bourse de Francfort, est un acteur majeur des march\u00e9s financiers en Europe, avec son grand concurrent Euronext, qui g\u00e8re plusieurs Bourses dont celle de Paris, ou le groupe britannique LSEG, qui contr\u00f4le les places de Londres et Milan.<\/p>\n","protected":false},"excerpt":{"rendered":"La Commission europ\u00e9enne suspecte une collusion entre les deux groupes, qui pourraient s\u2019\u00eatre entendus pour ne pas se&hellip;\n","protected":false},"author":2,"featured_media":515917,"comment_status":"","ping_status":"","sticky":false,"template":"","format":"standard","meta":{"footnotes":""},"categories":[6],"tags":[35,33,34,1011,27,12834,364],"class_list":{"0":"post-515916","1":"post","2":"type-post","3":"status-publish","4":"format-standard","5":"has-post-thumbnail","7":"category-economie","8":"tag-business","9":"tag-economie","10":"tag-economy","11":"tag-fr","12":"tag-france","13":"tag-nasdaq","14":"tag-union-europeenne"},"share_on_mastodon":{"url":"https:\/\/pubeurope.com\/@fr\/115502859190426287","error":""},"_links":{"self":[{"href":"https:\/\/www.europesays.com\/fr\/wp-json\/wp\/v2\/posts\/515916","targetHints":{"allow":["GET"]}}],"collection":[{"href":"https:\/\/www.europesays.com\/fr\/wp-json\/wp\/v2\/posts"}],"about":[{"href":"https:\/\/www.europesays.com\/fr\/wp-json\/wp\/v2\/types\/post"}],"author":[{"embeddable":true,"href":"https:\/\/www.europesays.com\/fr\/wp-json\/wp\/v2\/users\/2"}],"replies":[{"embeddable":true,"href":"https:\/\/www.europesays.com\/fr\/wp-json\/wp\/v2\/comments?post=515916"}],"version-history":[{"count":0,"href":"https:\/\/www.europesays.com\/fr\/wp-json\/wp\/v2\/posts\/515916\/revisions"}],"wp:featuredmedia":[{"embeddable":true,"href":"https:\/\/www.europesays.com\/fr\/wp-json\/wp\/v2\/media\/515917"}],"wp:attachment":[{"href":"https:\/\/www.europesays.com\/fr\/wp-json\/wp\/v2\/media?parent=515916"}],"wp:term":[{"taxonomy":"category","embeddable":true,"href":"https:\/\/www.europesays.com\/fr\/wp-json\/wp\/v2\/categories?post=515916"},{"taxonomy":"post_tag","embeddable":true,"href":"https:\/\/www.europesays.com\/fr\/wp-json\/wp\/v2\/tags?post=515916"}],"curies":[{"name":"wp","href":"https:\/\/api.w.org\/{rel}","templated":true}]}}