{"id":515918,"date":"2025-11-06T12:55:12","date_gmt":"2025-11-06T12:55:12","guid":{"rendered":"https:\/\/www.europesays.com\/fr\/515918\/"},"modified":"2025-11-06T12:55:12","modified_gmt":"2025-11-06T12:55:12","slug":"claudia-sheinbaum-dement-une-intervention-de-larmee-americaine-au-mexique-contre-les-cartels","status":"publish","type":"post","link":"https:\/\/www.europesays.com\/fr\/515918\/","title":{"rendered":"Claudia Sheinbaum d\u00e9ment une intervention de l\u2019arm\u00e9e am\u00e9ricaine au Mexique contre les cartels"},"content":{"rendered":"<p>\n    Des responsables am\u00e9ricains avaient affirm\u00e9 que Donald Trump se pr\u00e9parait \u00e0 envoyer des drones et des troupes sur le sol mexicain pour lutter contre le trafic de drogue.<\/p>\n<p class=\"fig-paragraph\">Vers une incursion de l\u2019arm\u00e9e am\u00e9ricaine au\u00a0<a href=\"http:\/\/www.lefigaro.fr\/international\/mexique-manifestations-apres-le-meurtre-du-maire-d-une-grande-ville-20251103\" target=\"_blank\" data-fig-type=\"NewsFlash\" rel=\"noopener\" data-gtm-custom-categorie=\"navigation\" data-gtm-custom-action=\"crossclick\" data-gtm-custom-label=\"Contextuel\" data-gtm-event=\"customEventSPE\" data-fig-domain=\"LEFIGARO\">Mexique<\/a>\u00a0? Depuis quelques mois d\u00e9j\u00e0, le pr\u00e9sident des \u00c9tats-Unis,<a href=\"http:\/\/www.lefigaro.fr\/international\/pour-donald-trump-le-blocage-budgetaire-le-plus-long-de-l-histoire-du-pays-est-la-faute-des-democrates-kamizazes-20251105\" target=\"_blank\" data-fig-type=\"NewsFlash\" rel=\"noopener\" data-gtm-custom-categorie=\"navigation\" data-gtm-custom-action=\"crossclick\" data-gtm-custom-label=\"Contextuel\" data-gtm-event=\"customEventSPE\" data-fig-domain=\"LEFIGARO\">\u00a0Donald Trump<\/a>, menace d\u2019envoyer ses troupes dans ce pays frontalier pour y combattre les puissants cartels de drogue. Lors d\u2019une conf\u00e9rence de presse organis\u00e9e ce mardi, la pr\u00e9sidente mexicaine,\u00a0<a href=\"http:\/\/www.lefigaro.fr\/flash-actu\/mexique-la-presidente-claudia-sheinbaum-agressee-sexuellement-en-pleine-rue-lors-d-un-deplacement-20251105\" target=\"_blank\" data-fig-type=\"NewsFlash\" rel=\"noopener\" data-gtm-custom-categorie=\"navigation\" data-gtm-custom-action=\"crossclick\" data-gtm-custom-label=\"Contextuel\" data-gtm-event=\"customEventSPE\" data-fig-domain=\"LEFIGARO\">Claudia Sheinbaum<\/a>, a d\u00e9menti qu\u2019une intervention militaire men\u00e9e par les \u00c9tats-Unis \u00e9tait pr\u00e9vue, rapporte\u00a0<a href=\"https:\/\/www.theguardian.com\/world\/2025\/nov\/04\/claudia-sheinbaum-us-troops-mexico-cartels\" target=\"_blank\" rel=\"sponsored noopener\" data-gtm-custom-categorie=\"navigation\" data-gtm-custom-action=\"crossclick\" data-gtm-custom-label=\"Contextuel\" data-gtm-event=\"customEventSPE\">The Guardian<\/a> , affirmant n\u2019avoir eu \u00abaucune information\u00bb de la part de son homologue am\u00e9ricain.<\/p>\n<p class=\"fig-paragraph\">Claudia Sheinbaum, qui assure qu\u2019une telle op\u00e9ration \u00abn\u2019arrivera pas\u00bb, semble contredire les propos rapport\u00e9s lundi, lors d\u2019un reportage de\u00a0<a href=\"https:\/\/www.nbcnews.com\/politics\/national-security\/trump-administration-planning-new-mission-mexico-cartels-current-forme-rcna241167\" target=\"_blank\" rel=\"sponsored noopener\" data-gtm-custom-categorie=\"navigation\" data-gtm-custom-action=\"crossclick\" data-gtm-custom-label=\"Contextuel\" data-gtm-event=\"customEventSPE\">NBC News,<\/a>\u00a0de quatre responsables am\u00e9ricains qui assurent que l\u2019administration am\u00e9ricaine pr\u00e9pare \u00abdes troupes et des agents de renseignements\u00bb pour lutter contre le trafic de drogue. Si ces derniers affirment que les entra\u00eenements auraient d\u00e9j\u00e0 commenc\u00e9, une op\u00e9ration terrestre sur le sol mexicain n\u2019est pas \u00abimminente\u00bb, bien qu\u2019\u00abaucune d\u00e9cision d\u00e9finitive\u00bb n\u2019ait \u00e9t\u00e9 d\u00e9cid\u00e9e.<\/p>\n<p>                                    <a class=\"fig-a11y-skip a11y-hidden\" href=\"#fig-a11y-skip-main-inarticle\"><br \/>\n        Passer la publicit\u00e9<br \/>\n    <\/a><\/p>\n<p class=\"fig-paragraph\">La pr\u00e9sidente mexicaine, qui a rappel\u00e9 avoir rejet\u00e9 \u00e0 de nombreuses reprises les propositions faites par Donald Trump qui voulait envoyer des troupes am\u00e9ricaines au Mexique, r\u00e9affirme la souverainet\u00e9 et la libert\u00e9 politique dont jouit son pays\u00a0: \u00abNous sommes oppos\u00e9s \u00e0 toute forme d\u2019ing\u00e9rence ou d\u2019interventionnisme\u00bb.<\/p>\n<p>Une mission secr\u00e8te<\/p>\n<p class=\"fig-paragraph\">Une bonne partie des troupes qui pourraient \u00eatre d\u00e9ploy\u00e9es au Mexique en cas d\u2019incursion militaire appartiendrait au Commandement des op\u00e9rations sp\u00e9ciales interarm\u00e9es, une structure militaire d\u00e9ploy\u00e9e \u00e0 l\u2019\u00e9tranger lorsque les int\u00e9r\u00eats am\u00e9ricains sont en jeu. Dans le cadre des op\u00e9rations antiterroristes au Mexique, les responsables affirment que le commandement serait plac\u00e9 sous l\u2019autorit\u00e9 des \u00abservices de renseignement am\u00e9ricains\u00bb, accompagn\u00e9s par des \u00abagents de la CIA\u00bb.<\/p>\n<p class=\"fig-paragraph\">Toujours selon les responsables, en cas d\u2019application, la mission serait tenue secr\u00e8te pour \u00e9viter toute divulgation d\u2019information. Ils estiment que si une telle op\u00e9ration devait avoir lieu, des drones cibleraient les \u00ablaboratoires de drogue\u00bb ainsi que les \u00abmembres et chefs du cartel\u00bb.<\/p>\n<p>Une guerre contre le narcotrafic<\/p>\n<p class=\"fig-paragraph\">Depuis son retour \u00e0 la Maison-Blanche au d\u00e9but de l\u2019ann\u00e9e, Donald Trump a fait de la lutte contre le narcotrafic l\u2019une de ses priorit\u00e9s. En f\u00e9vrier, le milliardaire a voulu entamer\u00a0<a href=\"http:\/\/www.lefigaro.fr\/flash-actu\/washington-menace-les-cartels-d-ouvrir-les-portes-de-l-enfer-20250221\" target=\"_blank\" data-fig-type=\"NewsFlash\" rel=\"noopener\" data-gtm-custom-categorie=\"navigation\" data-gtm-custom-action=\"crossclick\" data-gtm-custom-label=\"Contextuel\" data-gtm-event=\"customEventSPE\" data-fig-domain=\"LEFIGARO\">une guerre<\/a>\u00a0aux cartels mexicains jug\u00e9s \u00abterroristes\u00bb et responsables de la production de fentanyl. Mais en mai dernier, Claudia Sheinbaum a refus\u00e9 l\u2019arriv\u00e9e de l\u2019arm\u00e9e am\u00e9ricaine dans son pays pour lutter contre les cartels, expliquant que \u00able territoire du Mexique est inviolable\u00bb.<\/p>\n<p class=\"fig-paragraph\">Au mois d\u2019ao\u00fbt, le r\u00e9publicain est all\u00e9 plus loin et a sign\u00e9 une directive demandant au Pentagone de se pr\u00e9parer \u00e0 l\u2019<a href=\"http:\/\/www.lefigaro.fr\/international\/vols-de-surveillance-programme-secret-mise-a-prix-le-plan-de-donald-trump-pour-lutter-contre-les-cartels-de-drogue-sud-americains-20250812\" target=\"_blank\" data-fig-type=\"Article\" rel=\"noopener\" data-gtm-custom-categorie=\"navigation\" data-gtm-custom-action=\"crossclick\" data-gtm-custom-label=\"Contextuel\" data-gtm-event=\"customEventSPE\" data-fig-domain=\"LEFIGARO\">utilisation des forces militaires<\/a>\u00a0contre les cartels \u00abterroristes\u00bb en Am\u00e9rique latine. Une action aussit\u00f4t d\u00e9cri\u00e9e par la pr\u00e9sidente du Mexique qui avait alors assur\u00e9 qu\u2019il n\u2019y aurait \u00abpas d\u2019invasion militaire au Mexique\u00bb, mais qui restait ouverte \u00e0 la coop\u00e9ration et la collaboration entre les deux pays. La visite du secr\u00e9taire d\u2019\u00c9tat am\u00e9ricain, Marco Rubio, \u00e0 Mexico au d\u00e9but du mois de septembre avait \u00e9t\u00e9 d\u00e9terminante dans le renforcement de la coop\u00e9ration des deux pays contre les cartels.<\/p>\n<p>                                    <a class=\"fig-a11y-skip a11y-hidden\" href=\"#fig-a11y-skip-main-inarticle_mtf\"><br \/>\n        Passer la publicit\u00e9<br \/>\n    <\/a><\/p>\n<p class=\"fig-paragraph\">Le Mexique n\u2019est pas le seul pays dans le viseur de Donald Trump. De nombreux bateaux v\u00e9n\u00e9zu\u00e9liens soup\u00e7onn\u00e9s de transporter de la drogue ont \u00e9t\u00e9 frapp\u00e9s sur ordre de l\u2019administration am\u00e9ricaine.<\/p>\n","protected":false},"excerpt":{"rendered":"Des responsables am\u00e9ricains avaient affirm\u00e9 que Donald Trump se pr\u00e9parait \u00e0 envoyer des drones et des troupes sur&hellip;\n","protected":false},"author":2,"featured_media":515919,"comment_status":"","ping_status":"","sticky":false,"template":"","format":"standard","meta":{"footnotes":""},"categories":[5],"tags":[11,75,1011,27,14,5697,12,887,28],"class_list":{"0":"post-515918","1":"post","2":"type-post","3":"status-publish","4":"format-standard","5":"has-post-thumbnail","7":"category-international","8":"tag-actualites","9":"tag-donald-trump","10":"tag-fr","11":"tag-france","12":"tag-international","13":"tag-mexique","14":"tag-news","15":"tag-trafic-de-drogue","16":"tag-world"},"share_on_mastodon":{"url":"https:\/\/pubeurope.com\/@fr\/115502863269317463","error":""},"_links":{"self":[{"href":"https:\/\/www.europesays.com\/fr\/wp-json\/wp\/v2\/posts\/515918","targetHints":{"allow":["GET"]}}],"collection":[{"href":"https:\/\/www.europesays.com\/fr\/wp-json\/wp\/v2\/posts"}],"about":[{"href":"https:\/\/www.europesays.com\/fr\/wp-json\/wp\/v2\/types\/post"}],"author":[{"embeddable":true,"href":"https:\/\/www.europesays.com\/fr\/wp-json\/wp\/v2\/users\/2"}],"replies":[{"embeddable":true,"href":"https:\/\/www.europesays.com\/fr\/wp-json\/wp\/v2\/comments?post=515918"}],"version-history":[{"count":0,"href":"https:\/\/www.europesays.com\/fr\/wp-json\/wp\/v2\/posts\/515918\/revisions"}],"wp:featuredmedia":[{"embeddable":true,"href":"https:\/\/www.europesays.com\/fr\/wp-json\/wp\/v2\/media\/515919"}],"wp:attachment":[{"href":"https:\/\/www.europesays.com\/fr\/wp-json\/wp\/v2\/media?parent=515918"}],"wp:term":[{"taxonomy":"category","embeddable":true,"href":"https:\/\/www.europesays.com\/fr\/wp-json\/wp\/v2\/categories?post=515918"},{"taxonomy":"post_tag","embeddable":true,"href":"https:\/\/www.europesays.com\/fr\/wp-json\/wp\/v2\/tags?post=515918"}],"curies":[{"name":"wp","href":"https:\/\/api.w.org\/{rel}","templated":true}]}}