{"id":515920,"date":"2025-11-06T12:56:11","date_gmt":"2025-11-06T12:56:11","guid":{"rendered":"https:\/\/www.europesays.com\/fr\/515920\/"},"modified":"2025-11-06T12:56:11","modified_gmt":"2025-11-06T12:56:11","slug":"la-gestion-du-louvre-etrillee-lourde-amende-pour-doctolib-le-financement-de-lenseignement-prive-les-3-infos-a-retenir-a-la-mi-journee","status":"publish","type":"post","link":"https:\/\/www.europesays.com\/fr\/515920\/","title":{"rendered":"La gestion du Louvre \u00e9trill\u00e9e, lourde amende pour Doctolib, le financement de l\u2019enseignement priv\u00e9&#8230; Les 3 infos \u00e0 retenir \u00e0 la mi-journ\u00e9e"},"content":{"rendered":"<p>\n    <strong>LE POINT DE MIDI &#8211;<\/strong> Retrouvez l\u2019essentiel de l\u2019actualit\u00e9 parue ce jeudi 6 novembre au matin sur notre site.<\/p>\n<p>Le rapport accablant de la Cour des comptes sur la gestion du Louvre<\/p>\n<p>    Avec 9 millions de visiteurs par an, le Louvre est le mus\u00e9e le plus visit\u00e9 du monde.<br \/>\n                Fran\u00e7ois BOUCHON<\/p>\n<p class=\"fig-paragraph\">Un peu plus de deux semaines apr\u00e8s le spectaculaire cambriolage,\u00a0<a href=\"http:\/\/www.lefigaro.fr\/culture\/degradation-des-finances-acquisitions-surdimensionnees-sous-investissements-le-rapport-accablant-de-la-cour-des-comptes-sur-la-gestion-du-louvre-20251106\" data-fig-type=\"NewsFlash\" data-gtm-custom-categorie=\"navigation\" data-gtm-custom-action=\"crossclick\" data-gtm-custom-label=\"Contextuel\" data-gtm-event=\"customEventSPE\" data-fig-domain=\"LEFIGARO\" target=\"_blank\" rel=\"noopener\">ce rapport<\/a>, qui porte sur la p\u00e9riode 2018-2024, arrive au moment o\u00f9 tous les projecteurs sont braqu\u00e9s sur le mus\u00e9e. Et l\u2019institution n\u2019en sort vraiment pas grandie.<\/p>\n<p>Doctolib condamn\u00e9 \u00e0 une amende de 4,6 millions d\u2019euros pour abus de position dominante<\/p>\n<p>    \u00c0 l\u2019origine de cette sanction se trouve une plainte d\u00e9pos\u00e9e il y a huit ans par un concurrent direct, l\u2019acteur fran\u00e7ais des logiciels m\u00e9dicaux Cegedim.<br \/>\n                Timon &#8211; stock.adobe.com<\/p>\n<p class=\"fig-paragraph\">L\u2019Autorit\u00e9 de la concurrence vient de condamner<a href=\"http:\/\/www.lefigaro.fr\/societes\/doctolib-condamne-pour-abus-de-position-dominante-20251106\" data-fig-type=\"NewsFlash\" data-gtm-custom-categorie=\"navigation\" data-gtm-custom-action=\"crossclick\" data-gtm-custom-label=\"Contextuel\" data-gtm-event=\"customEventSPE\" data-fig-domain=\"LEFIGARO\" target=\"_blank\" rel=\"noopener\">\u00a0le champion fran\u00e7ais de la prise de rendez-vous m\u00e9dical en ligne<\/a>\u00a0pour abus de position dominante en France. Elle lui inflige 4,6 millions d\u2019euros. Les premiers b\u00e9n\u00e9fices de Doctolib serviront \u00e0 payer cette amende, qui repr\u00e9sente pr\u00e8s de 10% de son chiffre d\u2019affaires fran\u00e7ais. L\u2019entreprise a fait appel de cette condamnation.<\/p>\n<p>Les subventions de l\u2019\u00c9tat pour l\u2019enseignement priv\u00e9 pourraient \u00eatre drastiquement r\u00e9duites<\/p>\n<p>    L\u2019\u00e9ducation fait partie des 170 leviers budg\u00e9taires analys\u00e9s par le Conseil d\u2019analyse \u00e9conomique pour stabiliser la dette publique.<br \/>\n                WavebreakMediaMicro &#8211; stock.adob<\/p>\n<p>                                    <a class=\"fig-a11y-skip a11y-hidden\" href=\"#fig-a11y-skip-main-inarticle\"><br \/>\n        Passer la publicit\u00e9<br \/>\n    <\/a><\/p>\n<p class=\"fig-paragraph\">Selon une r\u00e9cente note du Conseil d\u2019analyse \u00e9conomique,\u00a0<a href=\"http:\/\/www.lefigaro.fr\/actualite-france\/les-subventions-de-l-etat-pour-l-enseignement-prive-pourraient-etre-drastiquement-reduites-20251106\" data-fig-type=\"NewsFlash\" data-gtm-custom-categorie=\"navigation\" data-gtm-custom-action=\"crossclick\" data-gtm-custom-label=\"Contextuel\" data-gtm-event=\"customEventSPE\" data-fig-domain=\"LEFIGARO\" target=\"_blank\" rel=\"noopener\">3,5 milliards d\u2019euros par an pourraient \u00eatre \u00e9conomis\u00e9s<\/a>\u00a0en diminuant de 50 \u00e0 75% le financement de l\u2019enseignement priv\u00e9.<\/p>\n<p>Le chiffre du jour\u00a0: 250<\/p>\n<p class=\"fig-paragraph\">Cinq amis quinquag\u00e9naires, originaires de r\u00e9gion parisienne, ont remport\u00e9 le 20 ao\u00fbt dernier le plus gros gain jamais mis en jeu \u00e0 l\u2019Euromillions\u00a0: 250 millions d\u2019euros \u00e0 se partager entre eux.<\/p>\n<p class=\"fig-body-cta-link\" data-module=\"fig-cta-link\" data-context=\"was @visible\">\n    <a class=\"fig-body-cta-link__link\" href=\"https:\/\/www.lefigaro.fr\/actualite-france\/jackpot-a-l-euromillions-une-bande-de-cinq-amis-qui-jouait-pour-la-premiere-fois-remporte-250-millions-d-euros-20251106\" target=\"_self\" rel=\"follow noopener\" data-js-gtm=\"{&quot;event&quot;:&quot;customEventGA4&quot;,&quot;eventName&quot;:&quot;click_navigation&quot;,&quot;button_action&quot;:&quot;crossclick&quot;,&quot;feature&quot;:&quot;Contextuel_bouton&quot;,&quot;feature_details&quot;:&quot;NOTRE ARTICLE&quot;,&quot;link_url&quot;:&quot;https:\\\/\\\/www.lefigaro.fr\\\/actualite-france\\\/jackpot-a-l-euromillions-une-bande-de-cinq-amis-qui-jouait-pour-la-premiere-fois-remporte-250-millions-d-euros-20251106&quot;}\"><br \/>\n                NOTRE ARTICLE<br \/>\n    <\/a>\n<\/p>\n<p>Notre article exclusif du jour\u00a0:<\/p>\n<blockquote class=\"fig-quote&#10;    \">\n<p class=\"fig-quote__text\">Ces d\u00e9partements les plus expos\u00e9s au risque de loyers impay\u00e9s<\/p>\n<p>            Dorian Girard\n    <\/p><\/blockquote>\n<p class=\"fig-paragraph\">Les d\u00e9fauts de paiement de loyer dans le parc priv\u00e9 ont fortement augment\u00e9 depuis 2020. Bien qu\u2019observ\u00e9s dans l\u2019ensemble du pays, ils sont plus marqu\u00e9s dans certains territoires, l\u00e0 o\u00f9 d\u2019autres sont davantage \u00e9pargn\u00e9s.<\/p>\n<p class=\"fig-body-cta-link\" data-module=\"fig-cta-link\" data-context=\"was @visible\">\n    <a class=\"fig-body-cta-link__link\" href=\"https:\/\/www.lefigaro.fr\/argent\/loyers-impayes-ou-mettre-en-location-son-appartement-est-il-le-plus-risque-20251106\" target=\"_self\" rel=\"follow noopener\" data-js-gtm=\"{&quot;event&quot;:&quot;customEventGA4&quot;,&quot;eventName&quot;:&quot;click_navigation&quot;,&quot;button_action&quot;:&quot;crossclick&quot;,&quot;feature&quot;:&quot;Contextuel_bouton&quot;,&quot;feature_details&quot;:&quot;NOTRE ARTICLE&quot;,&quot;link_url&quot;:&quot;https:\\\/\\\/www.lefigaro.fr\\\/argent\\\/loyers-impayes-ou-mettre-en-location-son-appartement-est-il-le-plus-risque-20251106&quot;}\"><br \/>\n                NOTRE ARTICLE<br \/>\n    <\/a>\n<\/p>\n<p>La photo \u00e0 retenir<\/p>\n<p>    \u00c0 23h16 pr\u00e9cis\u00e9ment, la lune se situera \u00e0 environ 356 400 kilom\u00e8tres de la Terre. Cette proximit\u00e9 la rendra plus brillante et plus imposante. Une super lune. Celle du mois de novembre se nomme Lune du Castor.<br \/>\n                Michael Probst\/AP\/SIPA<\/p>\n<p>La vid\u00e9o du jour<\/p>\n","protected":false},"excerpt":{"rendered":"LE POINT DE MIDI &#8211; Retrouvez l\u2019essentiel de l\u2019actualit\u00e9 parue ce jeudi 6 novembre au matin sur notre&hellip;\n","protected":false},"author":2,"featured_media":515921,"comment_status":"","ping_status":"","sticky":false,"template":"","format":"standard","meta":{"footnotes":""},"categories":[4],"tags":[11,38066,1011,27,11274,12,25],"class_list":{"0":"post-515920","1":"post","2":"type-post","3":"status-publish","4":"format-standard","5":"has-post-thumbnail","7":"category-france","8":"tag-actualites","9":"tag-doctolib","10":"tag-fr","11":"tag-france","12":"tag-louvre","13":"tag-news","14":"tag-republique-francaise"},"share_on_mastodon":{"url":"https:\/\/pubeurope.com\/@fr\/115502867094610924","error":""},"_links":{"self":[{"href":"https:\/\/www.europesays.com\/fr\/wp-json\/wp\/v2\/posts\/515920","targetHints":{"allow":["GET"]}}],"collection":[{"href":"https:\/\/www.europesays.com\/fr\/wp-json\/wp\/v2\/posts"}],"about":[{"href":"https:\/\/www.europesays.com\/fr\/wp-json\/wp\/v2\/types\/post"}],"author":[{"embeddable":true,"href":"https:\/\/www.europesays.com\/fr\/wp-json\/wp\/v2\/users\/2"}],"replies":[{"embeddable":true,"href":"https:\/\/www.europesays.com\/fr\/wp-json\/wp\/v2\/comments?post=515920"}],"version-history":[{"count":0,"href":"https:\/\/www.europesays.com\/fr\/wp-json\/wp\/v2\/posts\/515920\/revisions"}],"wp:featuredmedia":[{"embeddable":true,"href":"https:\/\/www.europesays.com\/fr\/wp-json\/wp\/v2\/media\/515921"}],"wp:attachment":[{"href":"https:\/\/www.europesays.com\/fr\/wp-json\/wp\/v2\/media?parent=515920"}],"wp:term":[{"taxonomy":"category","embeddable":true,"href":"https:\/\/www.europesays.com\/fr\/wp-json\/wp\/v2\/categories?post=515920"},{"taxonomy":"post_tag","embeddable":true,"href":"https:\/\/www.europesays.com\/fr\/wp-json\/wp\/v2\/tags?post=515920"}],"curies":[{"name":"wp","href":"https:\/\/api.w.org\/{rel}","templated":true}]}}