{"id":515922,"date":"2025-11-06T12:57:14","date_gmt":"2025-11-06T12:57:14","guid":{"rendered":"https:\/\/www.europesays.com\/fr\/515922\/"},"modified":"2025-11-06T12:57:14","modified_gmt":"2025-11-06T12:57:14","slug":"un-homme-agresse-une-femme-au-couteau-et-tente-de-voler-le-bebe-quelle-a-dans-les-bras","status":"publish","type":"post","link":"https:\/\/www.europesays.com\/fr\/515922\/","title":{"rendered":"un homme agresse une femme au couteau et tente de voler le b\u00e9b\u00e9 qu\u2019elle a dans les bras"},"content":{"rendered":"<p>\n    <strong>INFO LE FIGARO <\/strong>&#8211; En pleine rue, le suspect s\u2019est jet\u00e9 sur une femme qui avait un b\u00e9b\u00e9 dans les bras, l\u2019a poignard\u00e9e et a tent\u00e9 de prendre la fuite avec le nourrisson. Cette violente agression est d\u2019autant plus myst\u00e9rieuse que l\u2019homme ne connaissait pas la victime, selon les premiers \u00e9l\u00e9ments.<\/p>\n<p class=\"fig-paragraph\">Les contours de cette\u00a0<a href=\"http:\/\/www.lefigaro.fr\/faits-divers\/qu-il-assume-ses-actes-l-agression-d-une-religieuse-dans-une-abbaye-du-tarn-suscite-une-vague-d-indignation-20251104\" target=\"_blank\" data-fig-type=\"NewsFlash\" rel=\"noopener\" data-gtm-custom-categorie=\"navigation\" data-gtm-custom-action=\"crossclick\" data-gtm-custom-label=\"Contextuel\" data-gtm-event=\"customEventSPE\" data-fig-domain=\"LEFIGARO\">violente agression<\/a>\u00a0demeurent tr\u00e8s myst\u00e9rieux. Mercredi apr\u00e8s-midi, un homme a \u00e9t\u00e9 interpell\u00e9 \u00e0 Villejuif, dans le Val-de-Marne, apr\u00e8s avoir\u00a0<a href=\"http:\/\/www.lefigaro.fr\/international\/etats-unis-il-vole-une-voiture-decouvre-un-bebe-a-l-arriere-et-fait-demi-tour-20251022\" target=\"_blank\" data-fig-type=\"NewsFlash\" rel=\"noopener\" data-gtm-custom-categorie=\"navigation\" data-gtm-custom-action=\"crossclick\" data-gtm-custom-label=\"Contextuel\" data-gtm-event=\"customEventSPE\" data-fig-domain=\"LEFIGARO\">poignard\u00e9 une femme et tent\u00e9 de voler le b\u00e9b\u00e9<\/a>\u00a0qu\u2019elle avait dans les bras, a appris Le Figaro de sources concordantes. Selon les premiers \u00e9l\u00e9ments, il ne connaissait pas les victimes, ce qui rend le mobile de son crime encore plus obscur. Une enqu\u00eate a \u00e9t\u00e9 ouverte pour \u00abtentative d\u2019homicide\u00bb, confirme le parquet de Cr\u00e9teil qui pr\u00e9cise que de nombreuses v\u00e9rifications sont en cours.<\/p>\n<p class=\"fig-paragraph\">La sc\u00e8ne s\u2019est d\u00e9roul\u00e9e devant l\u2019h\u00f4pital Paul Brousse aux alentours de 15h30. Une femme marchait avec un nourrisson dans les bras quand elle a \u00e9t\u00e9 attaqu\u00e9e par un homme qui lui a ass\u00e9n\u00e9 un coup de couteau au niveau de l\u2019omoplate droite. Il a ensuite tent\u00e9 de lui arracher le b\u00e9b\u00e9 des mains, en vain, et a finalement pris la fuite en montant dans un bus de la ligne 185. Des t\u00e9moins de la sc\u00e8ne ont mis fin \u00e0 son p\u00e9riple en le d\u00e9sarmant et l\u2019ont retenu jusqu\u2019\u00e0\u2026<\/p>\n<p class=\"fig-premium-paywall__infos\">\n        Cet article est r\u00e9serv\u00e9 aux abonn\u00e9s.        Il vous reste 55% \u00e0 d\u00e9couvrir.\n    <\/p>\n<p>                <img  data- alt=\"Le Figaro\" class=\"fig-img--complete fig-img\"\/><\/p>\n<p class=\"fig-premium-paywall__title\">Vous avez envie de lire la suite ?<\/p>\n<p class=\"fig-premium-paywall__subtitle\">D\u00e9bloquez tous les articles imm\u00e9diatement.<\/p>\n<p class=\"fig-premium-paywall__connect\">\n                D\u00e9j\u00e0 abonn\u00e9\u00a0?                <a class=\"fig-premium-paywall__connect-link\" href=\"https:\/\/connect.lefigaro.fr\/login?client=horizon_web&amp;type=main&amp;redirect_uri=https%3A%2F%2Fwww.lefigaro.fr%2Ffaits-divers%2Fval-de-marne-un-homme-agresse-une-femme-au-couteau-et-tente-de-voler-le-bebe-qu-elle-a-dans-les-bras-20251106\" data-js-gtm=\"{&quot;customCategorie&quot;: &quot;conversion&quot;, &quot;customAction&quot;: &quot;before_Landing_Connexion_paywall_auto&quot;, &quot;customLabel&quot;: &quot;bGVmaWdhcm8uZnJfXzFmMGJhZWZiLTliNTQtNmU2ZS1iZTg0LTA1MzlkZWM1YzgxYl9fTmV3c0ZsYXNo_Val-de-Marne\u00a0: un homme agresse une femme au couteau et tente de voler le b\u00e9b\u00e9 qu\u2019elle a dans les bras_455&quot;, &quot;customIDSPE&quot;: &quot;bGVmaWdhcm8uZnJfXzFmMGJhZWZiLTliNTQtNmU2ZS1iZTg0LTA1MzlkZWM1YzgxYl9fTmV3c0ZsYXNo&quot;, &quot;event&quot;: &quot;customEventSPE&quot;}\" target=\"_blank\" rel=\"noopener\"><br \/>\n                    Connectez-vous<br \/>\n                <\/a>\n            <\/p>\n","protected":false},"excerpt":{"rendered":"INFO LE FIGARO &#8211; En pleine rue, le suspect s\u2019est jet\u00e9 sur une femme qui avait un b\u00e9b\u00e9&hellip;\n","protected":false},"author":2,"featured_media":515923,"comment_status":"","ping_status":"","sticky":false,"template":"","format":"standard","meta":{"footnotes":""},"categories":[2],"tags":[11,1011,27,12,5118],"class_list":{"0":"post-515922","1":"post","2":"type-post","3":"status-publish","4":"format-standard","5":"has-post-thumbnail","7":"category-actualites","8":"tag-actualites","9":"tag-fr","10":"tag-france","11":"tag-news","12":"tag-tentative-de-meurtre"},"share_on_mastodon":{"url":"https:\/\/pubeurope.com\/@fr\/115502870973271344","error":""},"_links":{"self":[{"href":"https:\/\/www.europesays.com\/fr\/wp-json\/wp\/v2\/posts\/515922","targetHints":{"allow":["GET"]}}],"collection":[{"href":"https:\/\/www.europesays.com\/fr\/wp-json\/wp\/v2\/posts"}],"about":[{"href":"https:\/\/www.europesays.com\/fr\/wp-json\/wp\/v2\/types\/post"}],"author":[{"embeddable":true,"href":"https:\/\/www.europesays.com\/fr\/wp-json\/wp\/v2\/users\/2"}],"replies":[{"embeddable":true,"href":"https:\/\/www.europesays.com\/fr\/wp-json\/wp\/v2\/comments?post=515922"}],"version-history":[{"count":0,"href":"https:\/\/www.europesays.com\/fr\/wp-json\/wp\/v2\/posts\/515922\/revisions"}],"wp:featuredmedia":[{"embeddable":true,"href":"https:\/\/www.europesays.com\/fr\/wp-json\/wp\/v2\/media\/515923"}],"wp:attachment":[{"href":"https:\/\/www.europesays.com\/fr\/wp-json\/wp\/v2\/media?parent=515922"}],"wp:term":[{"taxonomy":"category","embeddable":true,"href":"https:\/\/www.europesays.com\/fr\/wp-json\/wp\/v2\/categories?post=515922"},{"taxonomy":"post_tag","embeddable":true,"href":"https:\/\/www.europesays.com\/fr\/wp-json\/wp\/v2\/tags?post=515922"}],"curies":[{"name":"wp","href":"https:\/\/api.w.org\/{rel}","templated":true}]}}