{"id":515924,"date":"2025-11-06T12:58:12","date_gmt":"2025-11-06T12:58:12","guid":{"rendered":"https:\/\/www.europesays.com\/fr\/515924\/"},"modified":"2025-11-06T12:58:12","modified_gmt":"2025-11-06T12:58:12","slug":"loire-deux-femmes-interpellees-alors-quelles-livraient-du-tabac-par-drone-a-la-prison","status":"publish","type":"post","link":"https:\/\/www.europesays.com\/fr\/515924\/","title":{"rendered":"Loire. Deux femmes interpell\u00e9es alors qu&rsquo;elles livraient du tabac par drone \u00e0 la prison"},"content":{"rendered":"<p>Une fois n\u2019est pas coutume, ce sont deux femmes \u00e2g\u00e9es de 20 et 23 ans qui se sont livr\u00e9es \u00e0 des projections vers la prison de La Talaudi\u00e8re.<\/p>\n<p>Elles ont \u00e9t\u00e9 interpell\u00e9es par un effectif de la BAC (Brigade anticriminalit\u00e9) \u00e0 1 h 30 du matin ce mercredi 5 novembre. Les fonctionnaires de police avaient rep\u00e9r\u00e9 de fr\u00e9quents allers et retours en direction de la prison via les lumi\u00e8res du drone.<\/p>\n<p>  Cigarettes, tabac, allumettes&#8230;<\/p>\n<p>Avant d\u2019intervenir, ils ont pu constater que ces femmes qui accrochaient des colis \u00e0 l\u2019engin. En l\u2019occurrence des paquets de cigarettes, allumettes et des feuilles de tabac \u00e0 rouler. Le drone a \u00e9t\u00e9 saisi et ces pilotes ont fait l\u2019objet d\u2019une comparution sur reconnaissance pr\u00e9alable de culpabilit\u00e9 (CRPC) et une convocation par Officier de Police Judiciaire (COPJ) et devront r\u00e9pondre de leurs actes devant le tribunal correctionnel.<\/p>\n","protected":false},"excerpt":{"rendered":"Une fois n\u2019est pas coutume, ce sont deux femmes \u00e2g\u00e9es de 20 et 23 ans qui se sont&hellip;\n","protected":false},"author":2,"featured_media":515925,"comment_status":"","ping_status":"","sticky":false,"template":"","format":"standard","meta":{"footnotes":""},"categories":[9653],"tags":[1111,11,2430,271,272,7539,1777,674,274,1011,27,12053,3367,12,25,4001,9664],"class_list":{"0":"post-515924","1":"post","2":"type-post","3":"status-publish","4":"format-standard","5":"has-post-thumbnail","7":"category-saint-etienne","8":"tag-actu","9":"tag-actualites","10":"tag-auvergne-rhone-alpes","11":"tag-crime","12":"tag-delit-et-contravention","13":"tag-edition-loire-sud","14":"tag-eu","15":"tag-europe","16":"tag-faits-divers-justice","17":"tag-fr","18":"tag-france","19":"tag-la-talaudiere","20":"tag-loire","21":"tag-news","22":"tag-republique-francaise","23":"tag-saint-etienne","24":"tag-saint-etienne-bassin"},"share_on_mastodon":{"url":"https:\/\/pubeurope.com\/@fr\/115502875028111010","error":""},"_links":{"self":[{"href":"https:\/\/www.europesays.com\/fr\/wp-json\/wp\/v2\/posts\/515924","targetHints":{"allow":["GET"]}}],"collection":[{"href":"https:\/\/www.europesays.com\/fr\/wp-json\/wp\/v2\/posts"}],"about":[{"href":"https:\/\/www.europesays.com\/fr\/wp-json\/wp\/v2\/types\/post"}],"author":[{"embeddable":true,"href":"https:\/\/www.europesays.com\/fr\/wp-json\/wp\/v2\/users\/2"}],"replies":[{"embeddable":true,"href":"https:\/\/www.europesays.com\/fr\/wp-json\/wp\/v2\/comments?post=515924"}],"version-history":[{"count":0,"href":"https:\/\/www.europesays.com\/fr\/wp-json\/wp\/v2\/posts\/515924\/revisions"}],"wp:featuredmedia":[{"embeddable":true,"href":"https:\/\/www.europesays.com\/fr\/wp-json\/wp\/v2\/media\/515925"}],"wp:attachment":[{"href":"https:\/\/www.europesays.com\/fr\/wp-json\/wp\/v2\/media?parent=515924"}],"wp:term":[{"taxonomy":"category","embeddable":true,"href":"https:\/\/www.europesays.com\/fr\/wp-json\/wp\/v2\/categories?post=515924"},{"taxonomy":"post_tag","embeddable":true,"href":"https:\/\/www.europesays.com\/fr\/wp-json\/wp\/v2\/tags?post=515924"}],"curies":[{"name":"wp","href":"https:\/\/api.w.org\/{rel}","templated":true}]}}