{"id":515926,"date":"2025-11-06T12:59:11","date_gmt":"2025-11-06T12:59:11","guid":{"rendered":"https:\/\/www.europesays.com\/fr\/515926\/"},"modified":"2025-11-06T12:59:11","modified_gmt":"2025-11-06T12:59:11","slug":"le-kop-sud-de-geoffroy-guichard-a-huis-clos-jusquen-2026","status":"publish","type":"post","link":"https:\/\/www.europesays.com\/fr\/515926\/","title":{"rendered":"le kop Sud de Geoffroy-Guichard \u00e0 huis clos jusqu\u2019en 2026"},"content":{"rendered":"<p>Pass\u00e9e sous les radars de la derni\u00e8re commission de discipline, qui avait vu <a href=\"https:\/\/www.leprogres.fr\/sport\/2025\/10\/30\/asse-miladinovic-suspendu-trois-matchs\" target=\"_blank\" rel=\"noopener\">Igor Miladinovic \u00eatre sanctionn\u00e9 de trois matchs de suspension<\/a> , la tribune Sud de Geoffroy-Guichard n\u2019y a finalement pas \u00e9chapp\u00e9 ce mercredi soir. Sous la menace d\u2019une suspension apr\u00e8s \u00ab\u00a0l\u2019usage d\u2019engins pyrotechniques\u00a0\u00bb en amont du coup d\u2019envoi d\u2019ASSE-Le\u00a0Mans (2-3, 18\u00a0octobre) et \u00ab\u00a0d\u2019expressions orales\u00a0\u00bb, le kop sud a finalement \u00e9cop\u00e9 deux matchs fermes \u00e0 huis clos, dont un par r\u00e9vocation du sursis, ce mercredi soir par la commission de discipline de la LFP.<\/p>\n<p>  Retour pr\u00e9vu face \u00e0 Clermont \u00e0 la mi-janvier<\/p>\n<p>Une sanction qui verra donc la tribune des Green Angels rester ferm\u00e9e jusqu\u2019\u00e0 la fin de l\u2019ann\u00e9e civile. Et qui sonnera creuse lors des r\u00e9ceptions de Nancy (22\u00a0novembre) et de Bastia (13\u00a0d\u00e9cembre) pour les deux prochaines r\u00e9ceptions de l\u2019ASSE en Ligue 2. Les Verts devraient ainsi retrouver leur enceinte avec sa pleine capacit\u00e9 le week-end du 17\u00a0janvier, face \u00e0 Clermont. Un coup dur pour les Verts <a href=\"https:\/\/www.leprogres.fr\/sport\/2025\/11\/02\/un-pas-en-avant-deux-en-arriere-pourquoi-l-asse-est-si-instable\" target=\"_blank\" rel=\"noopener\">qui devront r\u00e9ussir \u00e0 inverser la dynamique rapidement<\/a> pour retrouver le sourire en cette fin d\u2019ann\u00e9e et tenter de recoller \u00e0 la t\u00eate du championnat. Le tout, d\u00e9pourvu d\u2019une de leurs deux tribunes phares.<\/p>\n","protected":false},"excerpt":{"rendered":"Pass\u00e9e sous les radars de la derni\u00e8re commission de discipline, qui avait vu Igor Miladinovic \u00eatre sanctionn\u00e9 de&hellip;\n","protected":false},"author":2,"featured_media":515927,"comment_status":"","ping_status":"","sticky":false,"template":"","format":"standard","meta":{"footnotes":""},"categories":[9653],"tags":[1111,11,4000,2430,7539,1777,674,63,1011,27,4002,3367,12,25,4001,7538,517],"class_list":{"0":"post-515926","1":"post","2":"type-post","3":"status-publish","4":"format-standard","5":"has-post-thumbnail","7":"category-saint-etienne","8":"tag-actu","9":"tag-actualites","10":"tag-asse-as-saint-etienne-football","11":"tag-auvergne-rhone-alpes","12":"tag-edition-loire-sud","13":"tag-eu","14":"tag-europe","15":"tag-football","16":"tag-fr","17":"tag-france","18":"tag-haute-loire","19":"tag-loire","20":"tag-news","21":"tag-republique-francaise","22":"tag-saint-etienne","23":"tag-saint-etienne-ville","24":"tag-sport"},"share_on_mastodon":{"url":"https:\/\/pubeurope.com\/@fr\/115502879005668240","error":""},"_links":{"self":[{"href":"https:\/\/www.europesays.com\/fr\/wp-json\/wp\/v2\/posts\/515926","targetHints":{"allow":["GET"]}}],"collection":[{"href":"https:\/\/www.europesays.com\/fr\/wp-json\/wp\/v2\/posts"}],"about":[{"href":"https:\/\/www.europesays.com\/fr\/wp-json\/wp\/v2\/types\/post"}],"author":[{"embeddable":true,"href":"https:\/\/www.europesays.com\/fr\/wp-json\/wp\/v2\/users\/2"}],"replies":[{"embeddable":true,"href":"https:\/\/www.europesays.com\/fr\/wp-json\/wp\/v2\/comments?post=515926"}],"version-history":[{"count":0,"href":"https:\/\/www.europesays.com\/fr\/wp-json\/wp\/v2\/posts\/515926\/revisions"}],"wp:featuredmedia":[{"embeddable":true,"href":"https:\/\/www.europesays.com\/fr\/wp-json\/wp\/v2\/media\/515927"}],"wp:attachment":[{"href":"https:\/\/www.europesays.com\/fr\/wp-json\/wp\/v2\/media?parent=515926"}],"wp:term":[{"taxonomy":"category","embeddable":true,"href":"https:\/\/www.europesays.com\/fr\/wp-json\/wp\/v2\/categories?post=515926"},{"taxonomy":"post_tag","embeddable":true,"href":"https:\/\/www.europesays.com\/fr\/wp-json\/wp\/v2\/tags?post=515926"}],"curies":[{"name":"wp","href":"https:\/\/api.w.org\/{rel}","templated":true}]}}