{"id":515930,"date":"2025-11-06T13:01:10","date_gmt":"2025-11-06T13:01:10","guid":{"rendered":"https:\/\/www.europesays.com\/fr\/515930\/"},"modified":"2025-11-06T13:01:10","modified_gmt":"2025-11-06T13:01:10","slug":"le-grand-sapin-est-arrive-place-stanislas","status":"publish","type":"post","link":"https:\/\/www.europesays.com\/fr\/515930\/","title":{"rendered":"le grand sapin est arriv\u00e9 place Stanislas"},"content":{"rendered":"<p>            Par<br \/>\n        <strong><br \/>\n            <a href=\"https:\/\/actu.fr\/auteur\/amandine-mehl\" title=\"Consulter tous les articles de Amandine Mehl\" target=\"_blank\" rel=\"noopener\">Amandine Mehl<\/a><br \/>\n        <\/strong><\/p>\n<p>        Publi\u00e9 le<\/p>\n<p>            6 nov. 2025 \u00e0 13h08        <\/p>\n<p>Sous les yeux des curieux venus appr\u00e9cier le spectacle, <a href=\"https:\/\/actu.fr\/grand-est\/nancy_54395\/fetes-de-saint-nicolas-2025-a-nancy-voici-quand-sera-installe-le-sapin-place-stanislas_63396896.html\" target=\"_blank\" rel=\"noopener\">le sapin<\/a> pr\u00e9vu pour les F\u00eates de <a href=\"https:\/\/actu.fr\/tag\/saint-nicolas\" target=\"_blank\" rel=\"noopener\">Saint-Nicolas<\/a> a <strong>fait son arriv\u00e9e<\/strong> ce jeudi 6 novembre 2025\u00a0<a href=\"https:\/\/actu.fr\/tag\/place-stanislas\" target=\"_blank\" rel=\"noopener\">place Stanislas<\/a> \u00e0 <strong>Nancy<\/strong>.<\/p>\n<p class=\" wall-content\">Arriv\u00e9 sur un camion, il a \u00e9t\u00e9 <strong>lev\u00e9 \u00e0 l\u2019aide d\u2019une grue<\/strong> puis ins\u00e9r\u00e9 dans son socle.<\/p>\n<p>Le sapin place Stanislas sera d\u00e9cor\u00e9 aux couleurs de l\u2019art d\u00e9co<\/p>\n<p class=\" wall-content\">Arriv\u00e9 tout droit de <strong>Saint-Broing<\/strong>, en Haute-Sa\u00f4ne, ce sapin de <strong>18\u00a0m\u00e8tres pour 3,6 tonnes<\/strong> a grandi sur un terrain priv\u00e9.<\/p>\n<blockquote class=\"tiktok-embed\" cite=\"https:\/\/www.tiktok.com\/@lorraine.actu\/video\/7569572904468352279\" data-video-id=\"7569572904468352279\" data-embed-from=\"oembed\" style=\"max-width:605px; min-width:325px;\"><p>\n<a target=\"_blank\" title=\"@lorraine.actu\" href=\"https:\/\/www.tiktok.com\/@lorraine.actu?refer=embed\" rel=\"noopener\">@lorraine.actu<\/a> <\/p>\n<p>Install\u00e9 pour les F\u00eates de Saint-Nicolas, le traditionnel sapin de la place Stanislas \u00e0 Nancy a \u00e9t\u00e9 install\u00e9 ce jeudi. <a title=\"fyp\" target=\"_blank\" href=\"https:\/\/www.tiktok.com\/tag\/fyp?refer=embed\" rel=\"noopener\">#fyp<\/a> <a title=\"pourtoi\" target=\"_blank\" href=\"https:\/\/www.tiktok.com\/tag\/pourtoi?refer=embed\" rel=\"noopener\">#pourtoi<\/a> <a title=\"saintnicolas\" target=\"_blank\" href=\"https:\/\/www.tiktok.com\/tag\/saintnicolas?refer=embed\" rel=\"noopener\">#saintnicolas<\/a> <\/p>\n<p> <a target=\"_blank\" title=\"\u266c son original - Lorraine Actu\" href=\"https:\/\/www.tiktok.com\/music\/son-original-7569572885124156182?refer=embed\" rel=\"noopener\">\u266c son original \u2013 Lorraine Actu<\/a> <\/p>\n<\/blockquote>\n<p class=\" wall-content\">Orn\u00e9 de <strong>120 motifs color\u00e9s aux lignes art d\u00e9co<\/strong>, il sera illumin\u00e9 le vendredi 21\u00a0novembre 2025. Date qui marquera le <strong>lancement<\/strong> des festivit\u00e9s de <a href=\"https:\/\/actu.fr\/grand-est\/nancy_54395\/exclusif-fetes-de-saint-nicolas-2025-a-nancy-ce-sublime-manege-ne-sera-pas-de-retour-voici-pourquoi_63329902.html\" target=\"_blank\" rel=\"noopener\">Saint-Nicolas<\/a> dans la cit\u00e9 ducale.<\/p>\n<p class=\" wall-content\">Personnalisez votre actualit\u00e9 en ajoutant vos villes et m\u00e9dias en favori avec <a href=\"https:\/\/moncompte.actu.fr\" title=\"D\u00e9couvez Mon Actu\" rel=\"nofollow noopener\" data-trk=\"{&quot;cta&quot;:{&quot;action&quot;:&quot;https:\\\/\\\/moncompte.actu.fr&quot;,&quot;category&quot;:&quot;mon compte&quot;,&quot;from&quot;:&quot;article footer&quot;,&quot;name&quot;:&quot;Mon actu&quot;,&quot;type&quot;:&quot;cta&quot;}}\" target=\"_blank\">Mon Actu<\/a>.<\/p>\n<p>                    <script async src=\"\/\/www.tiktok.com\/embed.js\"><\/script><\/p>\n","protected":false},"excerpt":{"rendered":"Par Amandine Mehl Publi\u00e9 le 6 nov. 2025 \u00e0 13h08 Sous les yeux des curieux venus appr\u00e9cier le&hellip;\n","protected":false},"author":2,"featured_media":515931,"comment_status":"","ping_status":"","sticky":false,"template":"","format":"standard","meta":{"footnotes":""},"categories":[9635],"tags":[1111,11,1777,674,1011,27,775,1702,12,9647,25,14334,104],"class_list":{"0":"post-515930","1":"post","2":"type-post","3":"status-publish","4":"format-standard","5":"has-post-thumbnail","7":"category-nancy","8":"tag-actu","9":"tag-actualites","10":"tag-eu","11":"tag-europe","12":"tag-fr","13":"tag-france","14":"tag-grand-est","15":"tag-nancy","16":"tag-news","17":"tag-place-stanislas","18":"tag-republique-francaise","19":"tag-saint-nicolas","20":"tag-societe"},"share_on_mastodon":{"url":"https:\/\/pubeurope.com\/@fr\/115502886765284720","error":""},"_links":{"self":[{"href":"https:\/\/www.europesays.com\/fr\/wp-json\/wp\/v2\/posts\/515930","targetHints":{"allow":["GET"]}}],"collection":[{"href":"https:\/\/www.europesays.com\/fr\/wp-json\/wp\/v2\/posts"}],"about":[{"href":"https:\/\/www.europesays.com\/fr\/wp-json\/wp\/v2\/types\/post"}],"author":[{"embeddable":true,"href":"https:\/\/www.europesays.com\/fr\/wp-json\/wp\/v2\/users\/2"}],"replies":[{"embeddable":true,"href":"https:\/\/www.europesays.com\/fr\/wp-json\/wp\/v2\/comments?post=515930"}],"version-history":[{"count":0,"href":"https:\/\/www.europesays.com\/fr\/wp-json\/wp\/v2\/posts\/515930\/revisions"}],"wp:featuredmedia":[{"embeddable":true,"href":"https:\/\/www.europesays.com\/fr\/wp-json\/wp\/v2\/media\/515931"}],"wp:attachment":[{"href":"https:\/\/www.europesays.com\/fr\/wp-json\/wp\/v2\/media?parent=515930"}],"wp:term":[{"taxonomy":"category","embeddable":true,"href":"https:\/\/www.europesays.com\/fr\/wp-json\/wp\/v2\/categories?post=515930"},{"taxonomy":"post_tag","embeddable":true,"href":"https:\/\/www.europesays.com\/fr\/wp-json\/wp\/v2\/tags?post=515930"}],"curies":[{"name":"wp","href":"https:\/\/api.w.org\/{rel}","templated":true}]}}