{"id":515932,"date":"2025-11-06T13:02:12","date_gmt":"2025-11-06T13:02:12","guid":{"rendered":"https:\/\/www.europesays.com\/fr\/515932\/"},"modified":"2025-11-06T13:02:12","modified_gmt":"2025-11-06T13:02:12","slug":"annecy-festival-femmes-en-montagne-laltitude-au-feminin","status":"publish","type":"post","link":"https:\/\/www.europesays.com\/fr\/515932\/","title":{"rendered":"Annecy. Festival \u201cFemmes en montagne\u201d\u00a0: l\u2019altitude au f\u00e9minin"},"content":{"rendered":"<p>Chaque ann\u00e9e, pendant quatre jours, la montagne devient un langage, et ce sont les femmes qui la racontent. Le festival de films \u201cFemmes en montagne\u201d, qui c\u00e9l\u00e8brera ann\u00e9e sa 6e \u00e9dition du jeudi\u00a013 au dimanche 16\u00a0novembre, ne parle pas seulement d\u2019alpinisme ou d\u2019exploits sportifs. Il parle de regard, de transmission et de libert\u00e9.<\/p>\n<p>Dans cette \u00e9dition 2025, un film rend hommage \u00e0 une pionni\u00e8re\u00a0: Lizzie Le Blond, exploratrice,&#8230;<\/p>\n","protected":false},"excerpt":{"rendered":"Chaque ann\u00e9e, pendant quatre jours, la montagne devient un langage, et ce sont les femmes qui la racontent.&hellip;\n","protected":false},"author":2,"featured_media":515933,"comment_status":"","ping_status":"","sticky":false,"template":"","format":"standard","meta":{"footnotes":""},"categories":[9619],"tags":[1111,11,3853,3854,1687,3856,1777,674,1795,1011,27,12,882,25,2310],"class_list":{"0":"post-515932","1":"post","2":"type-post","3":"status-publish","4":"format-standard","5":"has-post-thumbnail","7":"category-toulon","8":"tag-actu","9":"tag-actualites","10":"tag-annecy","11":"tag-annecy-bassin","12":"tag-culture-loisirs","13":"tag-edition-annecy-rumilly-les-aravis","14":"tag-eu","15":"tag-europe","16":"tag-fil-web","17":"tag-fr","18":"tag-france","19":"tag-news","20":"tag-provence-alpes-cote-dazur","21":"tag-republique-francaise","22":"tag-toulon"},"share_on_mastodon":{"url":"https:\/\/pubeurope.com\/@fr\/115502892182729760","error":""},"_links":{"self":[{"href":"https:\/\/www.europesays.com\/fr\/wp-json\/wp\/v2\/posts\/515932","targetHints":{"allow":["GET"]}}],"collection":[{"href":"https:\/\/www.europesays.com\/fr\/wp-json\/wp\/v2\/posts"}],"about":[{"href":"https:\/\/www.europesays.com\/fr\/wp-json\/wp\/v2\/types\/post"}],"author":[{"embeddable":true,"href":"https:\/\/www.europesays.com\/fr\/wp-json\/wp\/v2\/users\/2"}],"replies":[{"embeddable":true,"href":"https:\/\/www.europesays.com\/fr\/wp-json\/wp\/v2\/comments?post=515932"}],"version-history":[{"count":0,"href":"https:\/\/www.europesays.com\/fr\/wp-json\/wp\/v2\/posts\/515932\/revisions"}],"wp:featuredmedia":[{"embeddable":true,"href":"https:\/\/www.europesays.com\/fr\/wp-json\/wp\/v2\/media\/515933"}],"wp:attachment":[{"href":"https:\/\/www.europesays.com\/fr\/wp-json\/wp\/v2\/media?parent=515932"}],"wp:term":[{"taxonomy":"category","embeddable":true,"href":"https:\/\/www.europesays.com\/fr\/wp-json\/wp\/v2\/categories?post=515932"},{"taxonomy":"post_tag","embeddable":true,"href":"https:\/\/www.europesays.com\/fr\/wp-json\/wp\/v2\/tags?post=515932"}],"curies":[{"name":"wp","href":"https:\/\/api.w.org\/{rel}","templated":true}]}}