{"id":515938,"date":"2025-11-06T13:05:16","date_gmt":"2025-11-06T13:05:16","guid":{"rendered":"https:\/\/www.europesays.com\/fr\/515938\/"},"modified":"2025-11-06T13:05:16","modified_gmt":"2025-11-06T13:05:16","slug":"apres-montpellier-a-lebrun-confirme-a-francfort","status":"publish","type":"post","link":"https:\/\/www.europesays.com\/fr\/515938\/","title":{"rendered":"Apr\u00e8s Montpellier, A. Lebrun confirme \u00e0 Francfort"},"content":{"rendered":"<p><strong>Alexis Lebrun s&rsquo;est qualifi\u00e9 sans<br \/>\nprobl\u00e8me pour les huiti\u00e8mes de finale du WTT de Francfort en<br \/>\ndisposant de l&rsquo;Australien Luu. Mais son prochain adversaire<br \/>\ns&rsquo;annonce bien plus redoutable.<\/strong><\/p>\n<p>Son fr\u00e8re Felix est qualifi\u00e9 pour les quarts de finale du WTT<br \/>\nChampions (l\u2019\u00e9quivalent d\u2019un Masters 1000 en tennis) de Francfort<br \/>\ndepuis mercredi soir, gr\u00e2ce \u00e0 sa victoire sur le Sud-Cor\u00e9en Oh en<br \/>\nseizi\u00e8mes, suivie de l\u2019annonce du forfait de son adversaire indien<br \/>\nThakkar en huiti\u00e8mes. Mais Alexis Lebrun entamait quant \u00e0 lui<br \/>\nseulement ce jeudi \u00e0 la mi-journ\u00e9e son tournoi.<\/p>\n<p>Et cela s\u2019est bien pass\u00e9 pour le r\u00e9cent demi-finaliste du WTT<br \/>\nChampions de Montpellier. M\u00eame s\u2019il portait une bande de protection<br \/>\nau niveau du bras droit et en-dessous du genou droit, le n\u00b014<br \/>\nmondial s\u2019est impos\u00e9 face au n\u00b051, l\u2019Australien Finn Luu, qui<br \/>\nrestait sur neuf d\u00e9faites de suite sur le circuit WTT et n\u2019avait<br \/>\nplus gagn\u00e9 depuis le 1er avril. C\u2019\u00e9tait d\u2019ailleurs sa seule<br \/>\nvictoire en 2025 !<\/p>\n<p>Lebrun accroch\u00e9, puis<br \/>\ndominateur<\/p>\n<p>Le Montpelli\u00e9rain l\u2019a emport\u00e9 11-9, 11-5, 11-6 en 16 minutes, en<br \/>\ngagnant notamment 61,5% des points sur son service. Le premier set<br \/>\na \u00e9t\u00e9 le plus serr\u00e9. Luu a en effet accroch\u00e9 Lebrun jusqu\u2019\u00e0 3-3,<br \/>\npuis a subi un gros trou d\u2019air, avant de recoller \u00e0 9-9. Mais le<br \/>\nFran\u00e7ais a gagn\u00e9 les deux points suivants, et donc la manche. Les<br \/>\ndeux autres manches se sont av\u00e9r\u00e9es plus ais\u00e9es pour l\u2019H\u00e9raultais.<br \/>\nIl a commenc\u00e9 la deuxi\u00e8me par un 8-0 et l\u2019a tranquillement<br \/>\nremport\u00e9e, puis a d\u00e9but\u00e9 la troisi\u00e8me par un 4-0, avant de mener<br \/>\n6-1 puis 9-5 et gagner ce match sans trembler.<\/p>\n<p>Un gros test en<br \/>\nhuiti\u00e8mes<\/p>\n<p>Il rejoint donc son fr\u00e8re et Simon Gauzy en huiti\u00e8mes de finale.<br \/>\nEn quarts de finale, Alexis Lebrun, toujours en course pour les WTT<br \/>\nFinals (il est 15e \u00e0 la Race et es 16 premiers seront qualifi\u00e9s)<br \/>\nsera oppos\u00e9 \u00e0 un Su\u00e9dois : le n\u00b05 mondial Truls Moregard, qui vient<br \/>\nde remporter le WTT de Montpellier en l\u2019\u00e9liminant en demies, ou le<br \/>\nn\u00b018 Anton Kallberg, qui a lui aussi subi la loi de son compatriote<br \/>\nla semaine pass\u00e9e.<\/p>\n","protected":false},"excerpt":{"rendered":"Alexis Lebrun s&rsquo;est qualifi\u00e9 sans probl\u00e8me pour les huiti\u00e8mes de finale du WTT de Francfort en disposant de&hellip;\n","protected":false},"author":2,"featured_media":515939,"comment_status":"","ping_status":"","sticky":false,"template":"","format":"standard","meta":{"footnotes":""},"categories":[9599],"tags":[1111,11,1777,674,1011,27,3099,63676,35366,63677,2208,63678,12,2680,25,57681,63679],"class_list":{"0":"post-515938","1":"post","2":"type-post","3":"status-publish","4":"format-standard","5":"has-post-thumbnail","7":"category-montpellier","8":"tag-actu","9":"tag-actualites","10":"tag-eu","11":"tag-europe","12":"tag-fr","13":"tag-france","14":"tag-francfort","15":"tag-kallberg","16":"tag-lebrun","17":"tag-luu","18":"tag-montpellier","19":"tag-moregard","20":"tag-news","21":"tag-occitanie","22":"tag-republique-francaise","23":"tag-sport365-fr","24":"tag-wtt"},"share_on_mastodon":{"url":"https:\/\/pubeurope.com\/@fr\/115502902509234011","error":""},"_links":{"self":[{"href":"https:\/\/www.europesays.com\/fr\/wp-json\/wp\/v2\/posts\/515938","targetHints":{"allow":["GET"]}}],"collection":[{"href":"https:\/\/www.europesays.com\/fr\/wp-json\/wp\/v2\/posts"}],"about":[{"href":"https:\/\/www.europesays.com\/fr\/wp-json\/wp\/v2\/types\/post"}],"author":[{"embeddable":true,"href":"https:\/\/www.europesays.com\/fr\/wp-json\/wp\/v2\/users\/2"}],"replies":[{"embeddable":true,"href":"https:\/\/www.europesays.com\/fr\/wp-json\/wp\/v2\/comments?post=515938"}],"version-history":[{"count":0,"href":"https:\/\/www.europesays.com\/fr\/wp-json\/wp\/v2\/posts\/515938\/revisions"}],"wp:featuredmedia":[{"embeddable":true,"href":"https:\/\/www.europesays.com\/fr\/wp-json\/wp\/v2\/media\/515939"}],"wp:attachment":[{"href":"https:\/\/www.europesays.com\/fr\/wp-json\/wp\/v2\/media?parent=515938"}],"wp:term":[{"taxonomy":"category","embeddable":true,"href":"https:\/\/www.europesays.com\/fr\/wp-json\/wp\/v2\/categories?post=515938"},{"taxonomy":"post_tag","embeddable":true,"href":"https:\/\/www.europesays.com\/fr\/wp-json\/wp\/v2\/tags?post=515938"}],"curies":[{"name":"wp","href":"https:\/\/api.w.org\/{rel}","templated":true}]}}