{"id":515958,"date":"2025-11-06T13:15:22","date_gmt":"2025-11-06T13:15:22","guid":{"rendered":"https:\/\/www.europesays.com\/fr\/515958\/"},"modified":"2025-11-06T13:15:22","modified_gmt":"2025-11-06T13:15:22","slug":"logc-nice-affronte-fribourg-ce-jeudi","status":"publish","type":"post","link":"https:\/\/www.europesays.com\/fr\/515958\/","title":{"rendered":"l\u2019OGC Nice affronte Fribourg ce jeudi"},"content":{"rendered":"<p class=\"fs-5 \">R\u00e9gulier le Gym, les chiffres parlent pour lui. Onze journ\u00e9es de Ligue 1\u00a0: 17 points\u00a0; trois matchs de Ligue Europa\u00a0: aucune victoire. Un an apr\u00e8s jour pour jour, l\u2019\u00e9quipe de Franck Haise en est au m\u00eame point. Pour \u00eatre totalement exact on devrait dire presque, puisqu\u2019il comptait quand m\u00eame un petit nul au compteur en Coupe d\u2019Europe l\u2019an pass\u00e9 (1-1, Sociedad). L\u2019un des trois partages de points qui porteront le total \u00e0 trois petites unit\u00e9s pour le 35e sur 36 de la comp\u00e9tition.<\/p>\n<p class=\"fs-5 \">Avec 0 point en 3 rencontres, les Aiglons de cette ann\u00e9e font donc encore descendre un peu la moyenne. Et prolongent surtout la s\u00e9rie en cours \u00e0 quinze matchs europ\u00e9ens de rang sans victoire. Au grand dam des amoureux du club, au grand plaisir des d\u00e9tracteurs du Gym. Radio, journal, boulot, t\u00e9l\u00e9, amis, r\u00e9seaux&#8230; ils sont nombreux et partout. Franck Haise et ses hommes les entendent \u00e9videmment aussi. \u00ab\u00a0Ce qui compte, c\u2019est que mon groupe y croit. Et que moi j\u2019y crois avec eux. Nos supporters, eux, esp\u00e8rent, je n\u2019ai pas de doute l\u00e0-dessus. Les uns, les autres&#8230; Les gens en dehors de l\u2019environnement du club, on va les laisser parler. \u00a0\u00bb<\/p>\n<p>                                                                                Haise a l\u2019occasion de chasser ses vieux d\u00e9mons<\/p>\n<p class=\"fs-5 \">L\u2019entra\u00eeneur du Gym est franchement plus agac\u00e9 en priv\u00e9 de la r\u00e9p\u00e9tition des critiques et de cette f\u00e2cheuse statistique qui le poursuit depuis qu\u2019il a pos\u00e9 ses bagages \u00e0 Nice\u00a0: son \u00e9quipe n\u2019a jamais men\u00e9 au score en treize matchs de Coupe d\u2019Europe.<\/p>\n<p class=\"fs-5 \">\u00ab\u00a0Malgr\u00e9 notre entame, la r\u00e9ponse que les joueurs avaient donn\u00e9e \u00e0 Vigo \u00e9tait bonne apr\u00e8s l\u2019ouverture du score. Ils avaient gard\u00e9 le fil du match, su rester calmes et reprendre le ballon pour \u00e9galiser\u00a0\u00bb, a rembobin\u00e9 le coach pour s\u2019appuyer sur du positif malgr\u00e9 la d\u00e9faite (2-1) et l\u2019expulsion de Clauss qui le prive de son meilleur piston droit ce soir.<\/p>\n<p class=\"fs-5 \">L\u2019an dernier on parlait surtout des bless\u00e9s, cette ann\u00e9e Franck Haise a perdu gros au mercato et doit jongler avec les carences techniques, les m\u00e9formes physiques et les probl\u00e8mes d\u2019ego au moment de retrouver Fribourg, son pire souvenir avec Lens en Coupe d\u2019Europe (voir encadr\u00e9).<\/p>\n<p class=\"fs-5 \">Ce d\u00e9but de saison ni\u00e7ois n\u2019\u00e9tait pas rassurant, et pourtant son \u00e9quipe a su se d\u00e9fendre \u00e0 chaque fois que l\u2019adversit\u00e9 s\u2019est \u00e9lev\u00e9e. Le PSG a r\u00e2l\u00e9 samedi dernier de s\u2019opposer \u00e0 un bloc bas, mais la duret\u00e9 d\u00e9fensive du Gym \u00e9tait finalement une merveilleuse r\u00e9p\u00e9tition pour les quinze derni\u00e8res minutes de Paris contre le Bayern. Surprise, le tenant du titre de la C1 a perdu mardi. Au tour du Gym de surprendre Fribourg, 6e de cette Ligue Europa avec 7 pts, et cette satan\u00e9e loi des s\u00e9ries.<\/p>\n<p>                                                                                Ils ont dit<\/p>\n<p class=\"fs-5 \"><strong>Franck Haise<\/strong> (entra\u00eeneur de Nice)\u00a0: \u00ab\u00a0Fribourg est une \u00e9quipe qui sait quoi faire du ballon de par sa capacit\u00e9 de verticalit\u00e9, son jeu direct parfois, avec beaucoup de monde par s\u00e9quences sur la ligne d\u00e9fensive aussi. Ils sont capables de se cr\u00e9er des occasions \u00e0 partir des 2e ou 3e ballons, de varier leurs syst\u00e8mes, parfois hybrides, avec de la qualit\u00e9 athl\u00e9tique. Je comprends pourquoi elle figure bien en Ligue Europa quand je la regarde jouer. En 2024 avec Lens\u00a0? Apr\u00e8s un match assez ferm\u00e9 \u00e0 Bollaert (0-0), on avait plut\u00f4t bien ma\u00eetris\u00e9 le d\u00e9but du retour en menant 2-0 \u00e0 la pause. Avec des changements, un jeu plus vertical et beaucoup de duels a\u00e9riens, ils ont \u00e9galis\u00e9 dans le temps additionnel pour se qualifier aux prolongations (3-2). Ce fut un moment difficile, tous les matchs permettent d\u2019apprendre. \u00a0\u00bb<\/p>\n<p class=\"fs-5 \"><strong>Charles Vanhoutte<\/strong> (milieu de Nice)\u00a0: \u00ab\u00a0Si on n\u2019est pas assez bon avec le ballon, c\u2019est \u00e0 chacun de prendre ses responsabilit\u00e9s, de ne pas se cacher. Parfois quand tu as beaucoup couru pour r\u00e9cup\u00e9rer le ballon, tu as moins de lucidit\u00e9, il peut manquer la structure devant toi, tu as besoin de temps mais tu perds vite le ballon. Ce n\u2019est pas facile, mais on sait bien ce qu\u2019on doit am\u00e9liorer dans notre jeu.\u00a0\u00bb<\/p>\n<p>                                                                                La phrase<\/p>\n<p class=\"fs-5 \">\u00ab\u00a0Je pr\u00e9parais un match de Coupe d\u2019Europe, pour lequel il est suspendu. Donc je l\u2019ai vu, mais je n\u2019ai pas encore discut\u00e9 avec lui. \u00a0\u00bb<\/p>\n<p class=\"fs-5 \"><strong>De Franck Haise, au sujet de Jonathan Clauss<\/strong>, absent du groupe depuis sa sortie \u00e0 la mi-temps de Rennes-Nice (1-2, le 26 octobre dernier).<\/p>\n<p>                                                                                Le chiffre<\/p>\n<p class=\"fs-5 \"><strong>105, soit le nombre de minutes de retardpour la conf\u00e9rence de presse de Fribourg<\/strong><\/p>\n<p class=\"fs-5 \">Les Allemands ont connu un petit contretemps sur le tarmac de l\u2019a\u00e9roport lors de leur transfert vers la C\u00f4te d\u2019Azur. Julian Schuster, le coach du SC Fribourg, s\u2019est du coup pr\u00e9sent\u00e9 en conf\u00e9rence de presse avec 1h45 de retard sur le planning pr\u00e9vu par l\u2019UEFA. \u00ab\u00a0Ce sont des moments compliqu\u00e9s mais on le prend du mieux possible, on a pass\u00e9 un peu plus de temps ensemble, on a pris un caf\u00e9 tous ensemble en attendant notre vol. Ce serait une mauvaise excuse pour faire une mauvaise prestation demain (aujourd\u2019hui),\u00a0\u00bb a n\u00e9anmoins r\u00e9agi le technicien allemand, confiant quant \u00e0 la forme des sienset au retour de Patrick Osterhage (1 but en Ligue Europa).<\/p>\n","protected":false},"excerpt":{"rendered":"R\u00e9gulier le Gym, les chiffres parlent pour lui. Onze journ\u00e9es de Ligue 1\u00a0: 17 points\u00a0; trois matchs de&hellip;\n","protected":false},"author":2,"featured_media":515959,"comment_status":"","ping_status":"","sticky":false,"template":"","format":"standard","meta":{"footnotes":""},"categories":[2819],"tags":[1111,11,1777,674,1011,27,12,2401,54521,882,25],"class_list":{"0":"post-515958","1":"post","2":"type-post","3":"status-publish","4":"format-standard","5":"has-post-thumbnail","7":"category-nice","8":"tag-actu","9":"tag-actualites","10":"tag-eu","11":"tag-europe","12":"tag-fr","13":"tag-france","14":"tag-news","15":"tag-nice","16":"tag-ogcnice","17":"tag-provence-alpes-cote-dazur","18":"tag-republique-francaise"},"share_on_mastodon":{"url":"https:\/\/pubeurope.com\/@fr\/115502941697269349","error":""},"_links":{"self":[{"href":"https:\/\/www.europesays.com\/fr\/wp-json\/wp\/v2\/posts\/515958","targetHints":{"allow":["GET"]}}],"collection":[{"href":"https:\/\/www.europesays.com\/fr\/wp-json\/wp\/v2\/posts"}],"about":[{"href":"https:\/\/www.europesays.com\/fr\/wp-json\/wp\/v2\/types\/post"}],"author":[{"embeddable":true,"href":"https:\/\/www.europesays.com\/fr\/wp-json\/wp\/v2\/users\/2"}],"replies":[{"embeddable":true,"href":"https:\/\/www.europesays.com\/fr\/wp-json\/wp\/v2\/comments?post=515958"}],"version-history":[{"count":0,"href":"https:\/\/www.europesays.com\/fr\/wp-json\/wp\/v2\/posts\/515958\/revisions"}],"wp:featuredmedia":[{"embeddable":true,"href":"https:\/\/www.europesays.com\/fr\/wp-json\/wp\/v2\/media\/515959"}],"wp:attachment":[{"href":"https:\/\/www.europesays.com\/fr\/wp-json\/wp\/v2\/media?parent=515958"}],"wp:term":[{"taxonomy":"category","embeddable":true,"href":"https:\/\/www.europesays.com\/fr\/wp-json\/wp\/v2\/categories?post=515958"},{"taxonomy":"post_tag","embeddable":true,"href":"https:\/\/www.europesays.com\/fr\/wp-json\/wp\/v2\/tags?post=515958"}],"curies":[{"name":"wp","href":"https:\/\/api.w.org\/{rel}","templated":true}]}}