{"id":515978,"date":"2025-11-06T13:25:12","date_gmt":"2025-11-06T13:25:12","guid":{"rendered":"https:\/\/www.europesays.com\/fr\/515978\/"},"modified":"2025-11-06T13:25:12","modified_gmt":"2025-11-06T13:25:12","slug":"marseille-brest-doumbia-toujours-forfait","status":"publish","type":"post","link":"https:\/\/www.europesays.com\/fr\/515978\/","title":{"rendered":"Marseille &#8211; Brest\u00a0: Doumbia toujours forfait"},"content":{"rendered":"<p>Ligue 1 (12e journ\u00e9e). Olympique de Marseille &#8211; Stade Brestois, ce samedi (17 h)<\/p>\n<p>Ce samedi (17 h), le Stade Brestois affronte l\u2019Olympique de Marseille pour le compte de la 12e journ\u00e9e de Ligue 1. Apr\u00e8s leur nul frustrant face \u00e0 Lyon, les hommes d\u2019\u00c9ric Roy esp\u00e8rent se relancer mais la t\u00e2che s\u2019annonce ardue, malgr\u00e9 la mauvaise passade phoc\u00e9enne.<\/p>\n<p>Pour cette rencontre, le technicien de 58 ans devra encore se passer de Kamory Doumbia, qui n\u2019a pas particip\u00e9 aux s\u00e9ances collectives. \u00ab \u00c7a para\u00eet un peu court. On est sur la bonne voie, mais \u00e7a sera apr\u00e8s la tr\u00eave internationale \u00bb, a expliqu\u00e9 \u00c9ric Roy.<\/p>\n","protected":false},"excerpt":{"rendered":"Ligue 1 (12e journ\u00e9e). Olympique de Marseille &#8211; Stade Brestois, ce samedi (17 h) Ce samedi (17 h),&hellip;\n","protected":false},"author":2,"featured_media":515979,"comment_status":"","ping_status":"","sticky":false,"template":"","format":"standard","meta":{"footnotes":""},"categories":[2814],"tags":[1111,11,3450,3166,1777,674,63,1011,27,66,884,12,882,25,60,4449],"class_list":{"0":"post-515978","1":"post","2":"type-post","3":"status-publish","4":"format-standard","5":"has-post-thumbnail","7":"category-marseille","8":"tag-actu","9":"tag-actualites","10":"tag-brest","11":"tag-en-continu-sports","12":"tag-eu","13":"tag-europe","14":"tag-football","15":"tag-fr","16":"tag-france","17":"tag-ligue-1","18":"tag-marseille","19":"tag-news","20":"tag-provence-alpes-cote-dazur","21":"tag-republique-francaise","22":"tag-sports","23":"tag-stade-brestois"},"share_on_mastodon":{"url":"https:\/\/pubeurope.com\/@fr\/115502981122582839","error":""},"_links":{"self":[{"href":"https:\/\/www.europesays.com\/fr\/wp-json\/wp\/v2\/posts\/515978","targetHints":{"allow":["GET"]}}],"collection":[{"href":"https:\/\/www.europesays.com\/fr\/wp-json\/wp\/v2\/posts"}],"about":[{"href":"https:\/\/www.europesays.com\/fr\/wp-json\/wp\/v2\/types\/post"}],"author":[{"embeddable":true,"href":"https:\/\/www.europesays.com\/fr\/wp-json\/wp\/v2\/users\/2"}],"replies":[{"embeddable":true,"href":"https:\/\/www.europesays.com\/fr\/wp-json\/wp\/v2\/comments?post=515978"}],"version-history":[{"count":0,"href":"https:\/\/www.europesays.com\/fr\/wp-json\/wp\/v2\/posts\/515978\/revisions"}],"wp:featuredmedia":[{"embeddable":true,"href":"https:\/\/www.europesays.com\/fr\/wp-json\/wp\/v2\/media\/515979"}],"wp:attachment":[{"href":"https:\/\/www.europesays.com\/fr\/wp-json\/wp\/v2\/media?parent=515978"}],"wp:term":[{"taxonomy":"category","embeddable":true,"href":"https:\/\/www.europesays.com\/fr\/wp-json\/wp\/v2\/categories?post=515978"},{"taxonomy":"post_tag","embeddable":true,"href":"https:\/\/www.europesays.com\/fr\/wp-json\/wp\/v2\/tags?post=515978"}],"curies":[{"name":"wp","href":"https:\/\/api.w.org\/{rel}","templated":true}]}}