{"id":515984,"date":"2025-11-06T13:29:12","date_gmt":"2025-11-06T13:29:12","guid":{"rendered":"https:\/\/www.europesays.com\/fr\/515984\/"},"modified":"2025-11-06T13:29:12","modified_gmt":"2025-11-06T13:29:12","slug":"direct-immobilier-le-delai-moyen-de-vente-est-de-81-jours-de-65-jours-en-ile-de-france","status":"publish","type":"post","link":"https:\/\/www.europesays.com\/fr\/515984\/","title":{"rendered":"DIRECT. Immobilier\u00a0: \u00ab Le d\u00e9lai moyen de vente est de 81 jours, de 65 jours en Ile-de-France \u00bb"},"content":{"rendered":"<p class=\"col subheadline margin_bottom_subheadline\">Le march\u00e9 repart. Est-ce le moment pour acqu\u00e9rir un bien ou mettre en vente celui qu&rsquo;on poss\u00e8de\u00a0? Comment trouver la perle rare\u00a0? David Benbassat, pr\u00e9sident de Bien\u2019ici, deuxi\u00e8me portail d\u2019annonces immobili\u00e8res, r\u00e9pondra \u00e0 toutes vos questions en direct du salon Rent de la porte de Versailles ce jeudi 6\u00a0novembre \u00e0 partir de 13 h.<\/p>\n<p>Par Le Parisien\u00a0<\/p>\n<p>Le 6 novembre 2025 \u00e0 10h26, modifi\u00e9 le 6 novembre 2025 \u00e0 14h08<\/p>\n","protected":false},"excerpt":{"rendered":"Le march\u00e9 repart. Est-ce le moment pour acqu\u00e9rir un bien ou mettre en vente celui qu&rsquo;on poss\u00e8de\u00a0? Comment&hellip;\n","protected":false},"author":2,"featured_media":515985,"comment_status":"","ping_status":"","sticky":false,"template":"","format":"standard","meta":{"footnotes":""},"categories":[1592],"tags":[1111,11,1777,674,1011,27,662,35565,12,626,25,30484],"class_list":{"0":"post-515984","1":"post","2":"type-post","3":"status-publish","4":"format-standard","5":"has-post-thumbnail","7":"category-ile-de-france","8":"tag-actu","9":"tag-actualites","10":"tag-eu","11":"tag-europe","12":"tag-fr","13":"tag-france","14":"tag-ile-de-france","15":"tag-immo","16":"tag-news","17":"tag-paris","18":"tag-republique-francaise","19":"tag-tchat"},"share_on_mastodon":{"url":"https:\/\/pubeurope.com\/@fr\/115502996815002425","error":""},"_links":{"self":[{"href":"https:\/\/www.europesays.com\/fr\/wp-json\/wp\/v2\/posts\/515984","targetHints":{"allow":["GET"]}}],"collection":[{"href":"https:\/\/www.europesays.com\/fr\/wp-json\/wp\/v2\/posts"}],"about":[{"href":"https:\/\/www.europesays.com\/fr\/wp-json\/wp\/v2\/types\/post"}],"author":[{"embeddable":true,"href":"https:\/\/www.europesays.com\/fr\/wp-json\/wp\/v2\/users\/2"}],"replies":[{"embeddable":true,"href":"https:\/\/www.europesays.com\/fr\/wp-json\/wp\/v2\/comments?post=515984"}],"version-history":[{"count":0,"href":"https:\/\/www.europesays.com\/fr\/wp-json\/wp\/v2\/posts\/515984\/revisions"}],"wp:featuredmedia":[{"embeddable":true,"href":"https:\/\/www.europesays.com\/fr\/wp-json\/wp\/v2\/media\/515985"}],"wp:attachment":[{"href":"https:\/\/www.europesays.com\/fr\/wp-json\/wp\/v2\/media?parent=515984"}],"wp:term":[{"taxonomy":"category","embeddable":true,"href":"https:\/\/www.europesays.com\/fr\/wp-json\/wp\/v2\/categories?post=515984"},{"taxonomy":"post_tag","embeddable":true,"href":"https:\/\/www.europesays.com\/fr\/wp-json\/wp\/v2\/tags?post=515984"}],"curies":[{"name":"wp","href":"https:\/\/api.w.org\/{rel}","templated":true}]}}