{"id":515994,"date":"2025-11-06T13:34:28","date_gmt":"2025-11-06T13:34:28","guid":{"rendered":"https:\/\/www.europesays.com\/fr\/515994\/"},"modified":"2025-11-06T13:34:28","modified_gmt":"2025-11-06T13:34:28","slug":"la-russie-lance-le-khabarovsk-son-dernier-sous-marin-nucleaire-nouvelle-piece-de-son-imperialisme-nucleaire","status":"publish","type":"post","link":"https:\/\/www.europesays.com\/fr\/515994\/","title":{"rendered":"La Russie lance le Khabarovsk, son dernier sous-marin nucl\u00e9aire, nouvelle pi\u00e8ce de son \u00abimp\u00e9rialisme nucl\u00e9aire\u00bb"},"content":{"rendered":"<p>Nouvelle d\u00e9monstration de force de Moscou. La Russie a r\u00e9cemment mis \u00e0 l\u2019eau son nouveau sous-marin nucl\u00e9aire, le <strong>Khabarovsk<\/strong>, depuis le chantier naval de Severodvinsk, sur les rives de la mer Blanche, dans le nord-ouest du pays, rapportent plusieurs m\u00e9dias dont Euronews, repris par <a href=\"https:\/\/www.bfmtv.com\/economie\/entreprises\/defense\/la-russie-aujourd-hui-nous-considere-comme-faible-moscou-a-mis-a-l-eau-un-nouveau-sous-marin-nucleaire-de-140-metres-une-nouvelle-etape-dans-l-imperialisme-nucleaire-russe_AN-202511060120.html\" rel=\"nofollow noopener\" target=\"_blank\">BFMTV<\/a> ce jeudi 6 novembre. Con\u00e7u sur le m\u00eame mod\u00e8le que le <a href=\"https:\/\/www.capital.fr\/economie-politique\/le-nouveau-sous-marin-russe-belgorod-une-plateforme-despionnage-et-darmes-nucleaires-1442354\" rel=\"nofollow noopener\" target=\"_blank\">Belgorod<\/a>, entr\u00e9 en service en 2022, ce b\u00e2timent est destin\u00e9 \u00e0 embarquer le <a href=\"https:\/\/www.capital.fr\/economie-politique\/drone-poseidon-qu-est-ce-que-ce-drone-torpille-sous-marin-a-capacite-nucleaire-que-la-russie-affirme-avoir-teste-1520205\" rel=\"nofollow noopener\" target=\"_blank\">drone torpille nucl\u00e9aire Pos\u00e9idon<\/a>, officiellement pr\u00e9sent\u00e9 il y a quelques jours.<\/p>\n<p>Les informations techniques du Khabarovsk restent pour l\u2019instant limit\u00e9es. Sa construction avait d\u00e9but\u00e9 en 2014 et le sous-marin doit encore effectuer une campagne d\u2019essais en mer. Selon le site sp\u00e9cialis\u00e9 Mer et Marine, il afficherait un d\u00e9placement d\u2019environ <strong>10 000 tonnes<\/strong> pour une longueur proche de<strong> 140 m\u00e8tres<\/strong>. The War Zone indique que le Khabarovsk pourrait transporter six drones Poseidon, mais aussi <a href=\"https:\/\/www.capital.fr\/economie-politique\/la-france-en-passe-de-vendre-600-millions-d-euros-de-missiles-mistral-a-la-roumanie-1520260\" rel=\"nofollow noopener\" target=\"_blank\">des missiles<\/a> mer-sol et des missiles de croisi\u00e8re anti-navires. Apr\u00e8s le missile de croisi\u00e8re Bourevestnik et le drone Pos\u00e9idon, le Khabarovsk compl\u00e8te d\u00e9sormais l\u2019inventaire des capacit\u00e9s nucl\u00e9aires r\u00e9cemment mises en avant par Moscou.<\/p>\n<p>La Russie, \u00abun d\u00e9fi strat\u00e9gique majeur\u00bb pour la France<\/p>\n<p>Pour certains experts militaires fran\u00e7ais, ces d\u00e9veloppements refl\u00e8tent une volont\u00e9 russe de reconstituer sa puissance imp\u00e9riale. Un observateur proche du dossier soulignait r\u00e9cemment que \u00abla Russie est<strong> un d\u00e9fi majeur<\/strong>\u00bb pour la France. Un point de vue partag\u00e9 par l\u2019ancien chef d\u2019\u00e9tat-major des arm\u00e9es, le g\u00e9n\u00e9ral Thierry Burkhard, qui \u00e9voquait en juillet <strong>une <\/strong><strong>\u00abmenace durable\u00bb<\/strong> de la part de la Russie, qualifi\u00e9e de \u00abvraie puissance conventionnelle et nucl\u00e9aire\u00bb.<\/p>\n<p>Le g\u00e9n\u00e9ral Fabien Mandon, son successeur, a, lui, alert\u00e9 devant le S\u00e9nat : la France pourrait \u00eatre confront\u00e9e, <strong>dans \u00ab<\/strong><strong>trois \u00e0 quatre ans\u00bb<\/strong>, \u00e0 <strong>\u00abun possible choc\u00bb <\/strong>orchestr\u00e9 par la Russie, visant \u00e0 tester la capacit\u00e9 de r\u00e9action des arm\u00e9es fran\u00e7aises. Selon lui, Moscou per\u00e7oit aujourd\u2019hui toute faiblesse comme une opportunit\u00e9 : \u00abLa Russie nous consid\u00e8re comme faible (\u2026) et s\u2019il y a une forme de faiblesse, tant pis pour le faible\u00bb, a-t-il pr\u00e9venu. Face \u00e0 ces annonces, combin\u00e9es \u00e0 la perspective d\u2019une reprise des essais nucl\u00e9aires annonc\u00e9e par Donald Trump, le g\u00e9n\u00e9ral Mandon d\u00e9plore \u00abune atmosph\u00e8re pr\u00e9occupante\u00bb pour la s\u00e9curit\u00e9 internationale.<\/p>\n","protected":false},"excerpt":{"rendered":"Nouvelle d\u00e9monstration de force de Moscou. La Russie a r\u00e9cemment mis \u00e0 l\u2019eau son nouveau sous-marin nucl\u00e9aire, le&hellip;\n","protected":false},"author":2,"featured_media":515995,"comment_status":"","ping_status":"","sticky":false,"template":"","format":"standard","meta":{"footnotes":""},"categories":[1591],"tags":[11,9930,9929,1887,12,15077,1885,1886,132,36558],"class_list":{"0":"post-515994","1":"post","2":"type-post","3":"status-publish","4":"format-standard","5":"has-post-thumbnail","7":"category-russie","8":"tag-actualites","9":"tag-armu00e9e","10":"tag-du00e9fense","11":"tag-federation-de-russie","12":"tag-news","13":"tag-nuclu00e9aire","14":"tag-russia","15":"tag-russian-federation","16":"tag-russie","17":"tag-sous-marin"},"share_on_mastodon":{"url":"https:\/\/pubeurope.com\/@fr\/115503016518767901","error":""},"_links":{"self":[{"href":"https:\/\/www.europesays.com\/fr\/wp-json\/wp\/v2\/posts\/515994","targetHints":{"allow":["GET"]}}],"collection":[{"href":"https:\/\/www.europesays.com\/fr\/wp-json\/wp\/v2\/posts"}],"about":[{"href":"https:\/\/www.europesays.com\/fr\/wp-json\/wp\/v2\/types\/post"}],"author":[{"embeddable":true,"href":"https:\/\/www.europesays.com\/fr\/wp-json\/wp\/v2\/users\/2"}],"replies":[{"embeddable":true,"href":"https:\/\/www.europesays.com\/fr\/wp-json\/wp\/v2\/comments?post=515994"}],"version-history":[{"count":0,"href":"https:\/\/www.europesays.com\/fr\/wp-json\/wp\/v2\/posts\/515994\/revisions"}],"wp:featuredmedia":[{"embeddable":true,"href":"https:\/\/www.europesays.com\/fr\/wp-json\/wp\/v2\/media\/515995"}],"wp:attachment":[{"href":"https:\/\/www.europesays.com\/fr\/wp-json\/wp\/v2\/media?parent=515994"}],"wp:term":[{"taxonomy":"category","embeddable":true,"href":"https:\/\/www.europesays.com\/fr\/wp-json\/wp\/v2\/categories?post=515994"},{"taxonomy":"post_tag","embeddable":true,"href":"https:\/\/www.europesays.com\/fr\/wp-json\/wp\/v2\/tags?post=515994"}],"curies":[{"name":"wp","href":"https:\/\/api.w.org\/{rel}","templated":true}]}}